{"id":504280,"date":"2024-01-29T09:11:35","date_gmt":"2024-01-29T13:11:35","guid":{"rendered":"https:\/\/diariodominicano.com\/?p=504280"},"modified":"2024-01-29T17:27:56","modified_gmt":"2024-01-29T21:27:56","slug":"leonel-reitera-en-santiago-observa-en-las-calles-una-verdadera-ira-ante-la-incompetencia-de-abinader","status":"publish","type":"post","link":"https:\/\/diariodominicano.com\/?p=504280","title":{"rendered":"Leonel reitera en Santiago observa en las calles una verdadera ira ante la incompetencia de Abinader"},"content":{"rendered":"\n<p>LF encabeza multitudinaria marcha-caravana en apoyo a candidatos municipales<\/p>\n\n\n\n<figure class=\"wp-block-image size-large\"><img loading=\"lazy\" decoding=\"async\" width=\"1024\" height=\"582\" src=\"https:\/\/diariodominicano.com\/wp-content\/uploads\/2024\/01\/Leonel-reitera-en-Santiago-observa-en-las-calles-una-verdadera-ira-ante-la-incompetencia-de-Abinader-1024x582.jpeg\" alt=\"\" class=\"wp-image-504315\" srcset=\"https:\/\/diariodominicano.com\/wp-content\/uploads\/2024\/01\/Leonel-reitera-en-Santiago-observa-en-las-calles-una-verdadera-ira-ante-la-incompetencia-de-Abinader-1024x582.jpeg 1024w, https:\/\/diariodominicano.com\/wp-content\/uploads\/2024\/01\/Leonel-reitera-en-Santiago-observa-en-las-calles-una-verdadera-ira-ante-la-incompetencia-de-Abinader-300x171.jpeg 300w, https:\/\/diariodominicano.com\/wp-content\/uploads\/2024\/01\/Leonel-reitera-en-Santiago-observa-en-las-calles-una-verdadera-ira-ante-la-incompetencia-de-Abinader-768x437.jpeg 768w, https:\/\/diariodominicano.com\/wp-content\/uploads\/2024\/01\/Leonel-reitera-en-Santiago-observa-en-las-calles-una-verdadera-ira-ante-la-incompetencia-de-Abinader-1536x873.jpeg 1536w, https:\/\/diariodominicano.com\/wp-content\/uploads\/2024\/01\/Leonel-reitera-en-Santiago-observa-en-las-calles-una-verdadera-ira-ante-la-incompetencia-de-Abinader-2048x1164.jpeg 2048w, https:\/\/diariodominicano.com\/wp-content\/uploads\/2024\/01\/Leonel-reitera-en-Santiago-observa-en-las-calles-una-verdadera-ira-ante-la-incompetencia-de-Abinader-816x464.jpeg 816w\" sizes=\"auto, (max-width: 1024px) 100vw, 1024px\" \/><\/figure>\n\n\n\n<p><strong>Santiago, RD.-<\/strong> El candidato presidencial del partido Fuerza del Pueblo, Leonel Fern\u00e1ndez, volvi\u00f3 a reiterar la tarde del domingo que, observa en las calles de Rep\u00fablica Dominicana una verdadera ira popular en contra de Abinader.&nbsp;<\/p>\n\n\n\n<p>Al responder preguntas de periodistas que le abordaron antes de iniciar una multitudinaria marcha caravana en Santiago, Fern\u00e1ndez dijo que observa \u201cuna verdadera ira\u201d contra las actuales autoridades.<\/p>\n\n\n\n<p>Al finalizar su recorrido por las calles de Santiago, el l\u00edder opositor volvi\u00f3 a reiterar que el pueblo dominicano siente una verdadera ir\u00e1 debido a la incompetencia del gobierno de Luis Abinader, que hizo promesas en campa\u00f1a que ya al cumplir los 4 a\u00f1os de su mandato no pudo cumplir.<\/p>\n\n\n\n<figure class=\"wp-block-image size-large\"><img loading=\"lazy\" decoding=\"async\" width=\"1024\" height=\"768\" src=\"https:\/\/diariodominicano.com\/wp-content\/uploads\/2024\/01\/Leonel-reitera-en-Santiago-observa-en-las-calles-una-verdadera-ira-ante-incompetencia-de-Abinader-1024x768.jpeg\" alt=\"\" class=\"wp-image-504313\" srcset=\"https:\/\/diariodominicano.com\/wp-content\/uploads\/2024\/01\/Leonel-reitera-en-Santiago-observa-en-las-calles-una-verdadera-ira-ante-incompetencia-de-Abinader-1024x768.jpeg 1024w, https:\/\/diariodominicano.com\/wp-content\/uploads\/2024\/01\/Leonel-reitera-en-Santiago-observa-en-las-calles-una-verdadera-ira-ante-incompetencia-de-Abinader-300x225.jpeg 300w, https:\/\/diariodominicano.com\/wp-content\/uploads\/2024\/01\/Leonel-reitera-en-Santiago-observa-en-las-calles-una-verdadera-ira-ante-incompetencia-de-Abinader-768x576.jpeg 768w, https:\/\/diariodominicano.com\/wp-content\/uploads\/2024\/01\/Leonel-reitera-en-Santiago-observa-en-las-calles-una-verdadera-ira-ante-incompetencia-de-Abinader-1536x1152.jpeg 1536w, https:\/\/diariodominicano.com\/wp-content\/uploads\/2024\/01\/Leonel-reitera-en-Santiago-observa-en-las-calles-una-verdadera-ira-ante-incompetencia-de-Abinader-2048x1536.jpeg 2048w, https:\/\/diariodominicano.com\/wp-content\/uploads\/2024\/01\/Leonel-reitera-en-Santiago-observa-en-las-calles-una-verdadera-ira-ante-incompetencia-de-Abinader-816x612.jpeg 816w\" sizes=\"auto, (max-width: 1024px) 100vw, 1024px\" \/><\/figure>\n\n\n\n<p><strong>En Santiago<\/strong>, Fern\u00e1ndez estuvo acompa\u00f1ado por el candidato a la alcald\u00eda de Santiago Oeste, Hip\u00f3lito Mart\u00ednez, as\u00ed como, del candidato a senador, Dem\u00f3stenes Mart\u00ednez, con quienes realiz\u00f3 un gran recorrido que inici\u00f3 pr\u00f3ximo a las 4:00 de la tarde.<\/p>\n\n\n\n<p>La actividad incluy\u00f3 las principales calles y avenidas de la Ciudad del Yaque, a pies, en motocicletas, camionetas y, en todo tipo de veh\u00edculos fueron exhibidos los colores partidarios de  Fuerza del Pueblo, PLD, PRD, entre otras entidades pol\u00edticas que concurren unidas para las elecciones municipales del 18 de febrero.&nbsp;<\/p>\n\n\n\n<p>En medio de consignas de \u201ce\u2019 pa\u2019 fuera que van\u201d; y \u201cvota por el progreso en la casilla 3\u201d, se realiz\u00f3 un recorrido de casi dos horas.&nbsp;<\/p>\n\n\n\n<p>Los actos pol\u00edticos encabezados por el candidato presidencial del partido Fuerza del Pueblo y el l\u00edder de la oposici\u00f3n pol\u00edtica dominicana, Leonel Fern\u00e1ndez, se extendieron por otras demarcaciones municipales de la provincia, en respaldo a los candidatos.<\/p>\n\n\n\n<figure class=\"wp-block-image size-large\"><img loading=\"lazy\" decoding=\"async\" width=\"1024\" height=\"774\" src=\"https:\/\/diariodominicano.com\/wp-content\/uploads\/2024\/01\/Leonel-reitera-en-Santiago-observa-en-calles-una-verdadera-ira-ante-la-incompetencia-de-Abinader-1024x774.jpeg\" alt=\"\" class=\"wp-image-504312\" srcset=\"https:\/\/diariodominicano.com\/wp-content\/uploads\/2024\/01\/Leonel-reitera-en-Santiago-observa-en-calles-una-verdadera-ira-ante-la-incompetencia-de-Abinader-1024x774.jpeg 1024w, https:\/\/diariodominicano.com\/wp-content\/uploads\/2024\/01\/Leonel-reitera-en-Santiago-observa-en-calles-una-verdadera-ira-ante-la-incompetencia-de-Abinader-300x227.jpeg 300w, https:\/\/diariodominicano.com\/wp-content\/uploads\/2024\/01\/Leonel-reitera-en-Santiago-observa-en-calles-una-verdadera-ira-ante-la-incompetencia-de-Abinader-768x581.jpeg 768w, https:\/\/diariodominicano.com\/wp-content\/uploads\/2024\/01\/Leonel-reitera-en-Santiago-observa-en-calles-una-verdadera-ira-ante-la-incompetencia-de-Abinader-816x617.jpeg 816w, https:\/\/diariodominicano.com\/wp-content\/uploads\/2024\/01\/Leonel-reitera-en-Santiago-observa-en-calles-una-verdadera-ira-ante-la-incompetencia-de-Abinader.jpeg 1280w\" sizes=\"auto, (max-width: 1024px) 100vw, 1024px\" \/><\/figure>\n\n\n\n<p><strong>En San Jos\u00e9 de las Matas, Sajoma<\/strong>, Fern\u00e1ndez inici\u00f3 sus actividades, encabezando una concentraci\u00f3n en respaldo al candidato a la alcald\u00eda de la coalici\u00f3n partidaria Rescate RD, Roberto Espinal.<\/p>\n\n\n\n<p>El pueblo de Sajoma sali\u00f3 en masas a saludar al l\u00edder opositor y victorear a los candidatos municipales que representan la esperanza de la poblaci\u00f3n.<\/p>\n\n\n\n<p><strong>En Hato del Yaque<\/strong>, en las primeras horas de la tarde, Fern\u00e1ndez fue esperado por una gran multitud de militantes y simpatizantes de la Fuerza del Pueblo y el candidato a ocupar&nbsp; la direcci\u00f3n de este distrito municipal, Jos\u00e9 Rafael Payams.<\/p>\n\n\n\n<p>El candidato a senador de la provincia de Santiago, Dem\u00f3stenes Mart\u00ednez, acompa\u00f1\u00f3 al candidato presidencial de la Fuerza del Pueblo, Leonel Fern\u00e1ndez, en las marchas-caravana realizadas en San Jos\u00e9 de las Matas, Hato del Yaque y Santiago, report\u00f3 en un despacho de prensa la Secretar\u00eda de Comunicaciones de Fuerza del Pueblo.<\/p>\n\n\n\n<p>Diariodominicano.com<\/p>\n\n\n\n<p><\/p>\n","protected":false},"excerpt":{"rendered":"<p>LF encabeza multitudinaria marcha-caravana en apoyo a candidatos municipales Santiago, RD.- El candidato presidencial del partido Fuerza del Pueblo, Leonel Fern\u00e1ndez, volvi\u00f3 a reiterar la tarde del domingo que, observa en las calles de Rep\u00fablica Dominicana una verdadera ira popular en contra de Abinader.&nbsp; Al responder preguntas de periodistas que le abordaron antes de iniciar [&hellip;]<\/p>\n","protected":false},"author":28,"featured_media":504313,"comment_status":"closed","ping_status":"","sticky":true,"template":"","format":"standard","meta":{"footnotes":""},"categories":[22,27],"tags":[],"class_list":["post-504280","post","type-post","status-publish","format-standard","has-post-thumbnail","hentry","category-politica","category-portada"],"_links":{"self":[{"href":"https:\/\/diariodominicano.com\/index.php?rest_route=\/wp\/v2\/posts\/504280","targetHints":{"allow":["GET"]}}],"collection":[{"href":"https:\/\/diariodominicano.com\/index.php?rest_route=\/wp\/v2\/posts"}],"about":[{"href":"https:\/\/diariodominicano.com\/index.php?rest_route=\/wp\/v2\/types\/post"}],"author":[{"embeddable":true,"href":"https:\/\/diariodominicano.com\/index.php?rest_route=\/wp\/v2\/users\/28"}],"replies":[{"embeddable":true,"href":"https:\/\/diariodominicano.com\/index.php?rest_route=%2Fwp%2Fv2%2Fcomments&post=504280"}],"version-history":[{"count":7,"href":"https:\/\/diariodominicano.com\/index.php?rest_route=\/wp\/v2\/posts\/504280\/revisions"}],"predecessor-version":[{"id":504321,"href":"https:\/\/diariodominicano.com\/index.php?rest_route=\/wp\/v2\/posts\/504280\/revisions\/504321"}],"wp:featuredmedia":[{"embeddable":true,"href":"https:\/\/diariodominicano.com\/index.php?rest_route=\/wp\/v2\/media\/504313"}],"wp:attachment":[{"href":"https:\/\/diariodominicano.com\/index.php?rest_route=%2Fwp%2Fv2%2Fmedia&parent=504280"}],"wp:term":[{"taxonomy":"category","embeddable":true,"href":"https:\/\/diariodominicano.com\/index.php?rest_route=%2Fwp%2Fv2%2Fcategories&post=504280"},{"taxonomy":"post_tag","embeddable":true,"href":"https:\/\/diariodominicano.com\/index.php?rest_route=%2Fwp%2Fv2%2Ftags&post=504280"}],"curies":[{"name":"wp","href":"https:\/\/api.w.org\/{rel}","templated":true}]}}