{"id":50428,"date":"2020-08-21T11:13:58","date_gmt":"2020-08-21T11:13:58","guid":{"rendered":"http:\/\/diariodominicano.ddns.net\/?p=50428"},"modified":"2020-08-21T11:13:58","modified_gmt":"2020-08-21T11:13:58","slug":"presidente-luis-abinader-designa-a-gamal-michelen-como-viceministro-de-patrimonio-cultural","status":"publish","type":"post","link":"https:\/\/diariodominicano.com\/?p=50428","title":{"rendered":"Presidente Luis Abinader designa a Gamal Michel\u00e9n como viceministro de Patrimonio Cultural"},"content":{"rendered":"<p><body><\/p>\n<p><img decoding=\"async\" src=\"img3\/Gamal Michelen1.jpg\" \/>  <\/p>\n<p><strong> Gamal Michel\u00e9n designado viceministro de Patrimonio Cultural<\/strong><\/p>\n<p><strong>Santo Domingo.- E<\/strong>l presidente Luis Abinader  design\u00f3 el jueves mediante el decreto  n\u00famero 365-20, al  arquitecto Gamal Michel\u00e9n Stefan,   viceministro  de Patrimonio Cultural.<\/p>\n<\/p>\n<p>Gamal Michel\u00e9n tiene un doctorado en humanidades menci\u00f3n historia de la universidad de Sevilla, Espa\u00f1a.<\/p>\n<\/p>\n<p>El profesional de la arquitectura cuenta  con una vasta experiencia respecto al patrimonio material e inmaterial y en restauraci\u00f3n de monumentos, como es el caso del Centro Cultural Banreservas en la calle  Isabel la Cat\u00f3lica de la Zona Colonial,  y la Iglesia Colonial de la Santa Cruz de El Seibo, entre otros.<\/p>\n<\/p>\n<h6> 2020-08-21 11:13:58 <\/h6>\n<p><!--\n<link rel=\"stylesheet\" href=\"css\/bootstrap.min.css\">\n\n\n<ul class=\"pagination\">\n\t    \n\t\n\n<li >\n\t<a href='?page_no=296'>Previous<\/a>\n\t<\/li>\n\n\n       \n    \n\n<li><a href='?page_no=1'>1<\/a><\/li>\n\n\n\n<li><a href='?page_no=2'>2<\/a><\/li>\n\n\n\n<li><a>...<\/a><\/li>\n\n\n\n<li><a href='?page_no=295'>295<\/a><\/li>\n\n\n\n<li><a href='?page_no=296'>296<\/a><\/li>\n\n\n\n<li class='active'><a>297<\/a><\/li>\n\n\n\n<li><a href='?page_no=298'>298<\/a><\/li>\n\n\n\n<li><a href='?page_no=299'>299<\/a><\/li>\n\n\n\n<li><a>...<\/a><\/li>\n\n\n\n<li><a href='?page_no=22911'>22911<\/a><\/li>\n\n\n\n<li><a href='?page_no=22912'>22912<\/a><\/li>\n\n    \n\t\n\n<li >\n\t<a href='?page_no=298'>Next<\/a>\n\t<\/li>\n\n\n    \n\n<li><a href='?page_no=22912'>Last &rsaquo;&rsaquo;<\/a><\/li>\n\n<\/ul>\n\n\n--><br \/>\n<\/body><\/p>\n","protected":false},"excerpt":{"rendered":"<p>Gamal Michel\u00e9n designado viceministro de Patrimonio Cultural Santo Domingo.- El presidente Luis Abinader design\u00f3 el jueves mediante el decreto n\u00famero 365-20, al arquitecto Gamal Michel\u00e9n Stefan, viceministro de Patrimonio Cultural. Gamal Michel\u00e9n tiene un doctorado en humanidades menci\u00f3n historia de la universidad de Sevilla, Espa\u00f1a. El profesional de la arquitectura cuenta con una vasta experiencia [&hellip;]<\/p>\n","protected":false},"author":3,"featured_media":0,"comment_status":"open","ping_status":"open","sticky":false,"template":"","format":"standard","meta":{"footnotes":""},"categories":[21],"tags":[],"class_list":["post-50428","post","type-post","status-publish","format-standard","hentry","category-cultura"],"_links":{"self":[{"href":"https:\/\/diariodominicano.com\/index.php?rest_route=\/wp\/v2\/posts\/50428","targetHints":{"allow":["GET"]}}],"collection":[{"href":"https:\/\/diariodominicano.com\/index.php?rest_route=\/wp\/v2\/posts"}],"about":[{"href":"https:\/\/diariodominicano.com\/index.php?rest_route=\/wp\/v2\/types\/post"}],"author":[{"embeddable":true,"href":"https:\/\/diariodominicano.com\/index.php?rest_route=\/wp\/v2\/users\/3"}],"replies":[{"embeddable":true,"href":"https:\/\/diariodominicano.com\/index.php?rest_route=%2Fwp%2Fv2%2Fcomments&post=50428"}],"version-history":[{"count":0,"href":"https:\/\/diariodominicano.com\/index.php?rest_route=\/wp\/v2\/posts\/50428\/revisions"}],"wp:attachment":[{"href":"https:\/\/diariodominicano.com\/index.php?rest_route=%2Fwp%2Fv2%2Fmedia&parent=50428"}],"wp:term":[{"taxonomy":"category","embeddable":true,"href":"https:\/\/diariodominicano.com\/index.php?rest_route=%2Fwp%2Fv2%2Fcategories&post=50428"},{"taxonomy":"post_tag","embeddable":true,"href":"https:\/\/diariodominicano.com\/index.php?rest_route=%2Fwp%2Fv2%2Ftags&post=50428"}],"curies":[{"name":"wp","href":"https:\/\/api.w.org\/{rel}","templated":true}]}}