{"id":504253,"date":"2024-01-29T00:51:57","date_gmt":"2024-01-29T04:51:57","guid":{"rendered":"https:\/\/diariodominicano.com\/?p=504253"},"modified":"2024-01-29T00:53:01","modified_gmt":"2024-01-29T04:53:01","slug":"el-presidente-abinader-permanecera-en-el-poder-mas-alla-de-las-elecciones-del-2024-por-la-voluntad-del-pueblo-dominicano-dice-el-doctor-franklin-garcia-fermin","status":"publish","type":"post","link":"https:\/\/diariodominicano.com\/?p=504253","title":{"rendered":"El presidente Abinader permanecer\u00e1 en el poder m\u00e1s all\u00e1 de las elecciones del 2024 por la voluntad del pueblo dominicano, dice el doctor Franklin Garc\u00eda Ferm\u00edn"},"content":{"rendered":"\n<p><em>El dirigente del Partido Revolucionario Moderno (PRM) juramenta a los miembros del Movimiento Participativo de Acci\u00f3n Democr\u00e1tica con Luis 4 A\u00f1os M\u00e1s<\/em><\/p>\n\n\n\n<figure class=\"wp-block-image size-full\"><img loading=\"lazy\" decoding=\"async\" width=\"1024\" height=\"544\" src=\"https:\/\/diariodominicano.com\/wp-content\/uploads\/2024\/01\/IMG-20240127-WA0071.jpg\" alt=\"\" class=\"wp-image-504255\" srcset=\"https:\/\/diariodominicano.com\/wp-content\/uploads\/2024\/01\/IMG-20240127-WA0071.jpg 1024w, https:\/\/diariodominicano.com\/wp-content\/uploads\/2024\/01\/IMG-20240127-WA0071-300x159.jpg 300w, https:\/\/diariodominicano.com\/wp-content\/uploads\/2024\/01\/IMG-20240127-WA0071-768x408.jpg 768w, https:\/\/diariodominicano.com\/wp-content\/uploads\/2024\/01\/IMG-20240127-WA0071-816x434.jpg 816w\" sizes=\"auto, (max-width: 1024px) 100vw, 1024px\" \/><\/figure>\n\n\n\n<p><strong>SANTO DOMINGO<\/strong>, RD. -El presidente Luis Abinader permanecer\u00e1 en el poder m\u00e1s all\u00e1 de las elecciones del 2024 por la voluntad del pueblo dominicano, asegur\u00f3 el doctor Franklin Garc\u00eda Ferm\u00edn, miembro de la Comisi\u00f3n Ejecutiva del Partido Revolucionario Moderno (PRM).<\/p>\n\n\n\n<p>Dijo que la poblaci\u00f3n reconoce los esfuerzos que ha hecho el mandatario por la recuperaci\u00f3n del pa\u00eds tras encontrar una naci\u00f3n pr\u00e1cticamente destruida no solo por la pandemia de la Covid-19, sino tambi\u00e9n por \u201clas corruptas administraciones de Leonel Fern\u00e1ndez y Danilo Medina S\u00e1nchez, durante 20 a\u00f1os\u201d.<\/p>\n\n\n\n<p>Garc\u00eda Ferm\u00edn hizo los se\u00f1alamientos al juramentar a los miembros del Movimiento Participativo de Acci\u00f3n Democr\u00e1tica con Luis 4 A\u00f1os M\u00e1s, que preside el doctor Jos\u00e9 Carela.<\/p>\n\n\n\n<p>El dirigente perreme\u00edsta record\u00f3 que Abinader reconstruy\u00f3 como el Ave F\u00e9nix al pa\u00eds tras el paso de la pandemia y la desastrosa administraci\u00f3n pelede\u00edsta.<\/p>\n\n\n\n<p>Subray\u00f3 que el tambi\u00e9n candidato presidencial del PRM recuper\u00f3 los empleos del sector tur\u00edstico y otras \u00e1reas de la econom\u00eda dominicana.<\/p>\n\n\n\n<p>Garc\u00eda Ferm\u00edn asegur\u00f3 que el presidente Luis Abinader ha llenado al pa\u00eds de obras, una de las cuales fue la presa de Monte Grande que la encontr\u00f3 con tan solo un 20 por ciento de construcci\u00f3n.<\/p>\n\n\n\n<p>Indic\u00f3 que el pa\u00eds est\u00e1 consciente de lo que ha hecho el mandatario con la provincia de Pedernales y otras zonas de la Rep\u00fablica Dominicana.<\/p>\n\n\n\n<figure class=\"wp-block-image size-full\"><img loading=\"lazy\" decoding=\"async\" width=\"1024\" height=\"404\" src=\"https:\/\/diariodominicano.com\/wp-content\/uploads\/2024\/01\/IMG-20240127-WA0074.jpg\" alt=\"\" class=\"wp-image-504257\" srcset=\"https:\/\/diariodominicano.com\/wp-content\/uploads\/2024\/01\/IMG-20240127-WA0074.jpg 1024w, https:\/\/diariodominicano.com\/wp-content\/uploads\/2024\/01\/IMG-20240127-WA0074-300x118.jpg 300w, https:\/\/diariodominicano.com\/wp-content\/uploads\/2024\/01\/IMG-20240127-WA0074-768x303.jpg 768w, https:\/\/diariodominicano.com\/wp-content\/uploads\/2024\/01\/IMG-20240127-WA0074-816x322.jpg 816w\" sizes=\"auto, (max-width: 1024px) 100vw, 1024px\" \/><\/figure>\n\n\n\n<p>Dijo que, como fruto del trabajo que ha hecho el gobierno, en los pr\u00f3ximos d\u00edas llegar\u00e1 otro crucero a esa provincia fronteriza, lo que impactar\u00e1 en la creaci\u00f3n de fuentes de empleos directos e indirectos para la juventud pedernalense.<\/p>\n\n\n\n<p>Garc\u00eda Ferm\u00edn indic\u00f3 que \u201cpara el presidente Luis Abinader el sur existe, porque para Luis Abinader los pobres existen\u201d.<\/p>\n\n\n\n<p><strong>Carela<\/strong><\/p>\n\n\n\n<p>El presidente del Movimiento Participativo de Acci\u00f3n Democr\u00e1tica Luis 4 A\u00f1os M\u00e1s, Jos\u00e9 Carela, dijo que el mandatario durante sus casi cuatro a\u00f1os de gobierno ha trabajado para el fortalecimiento de la transparencia, la institucionalidad y la democracia en el pa\u00eds.<\/p>\n\n\n\n<p>A\u00f1adi\u00f3 que es de suma importancia el conjunto de obras que ha construido el presidente Abinader y la ejecuci\u00f3n de acciones sociales en beneficio de los sectores m\u00e1s vulnerables del pa\u00eds.<\/p>\n\n\n\n<p>Carela dijo que \u201ccon su gesti\u00f3n y estilo de gobernanza se ha construido el perfil del presidente institucionalista\u201d.<\/p>\n\n\n\n<p>En el acto de juramentaci\u00f3n del Movimiento Participativo de Acci\u00f3n Democr\u00e1tica con Luis 4 A\u00f1os M\u00e1s, tambi\u00e9n intervino el miembro de la Comisi\u00f3n Pol\u00edtica del PRM, doctor Salvador Ramos, quien es uno de los mentores de la agrupaci\u00f3n social dem\u00f3crata.<\/p>\n\n\n\n<p>Subray\u00f3 el trabajo que con estas juramentaciones vienen sumando adeptos para ganar&nbsp; de manera contundente en las elecciones del 18 de febrero y 19 de mayo.<\/p>\n\n\n\n<p>Asistieron a la actividad la candidata a diputada de esa organizaci\u00f3n por el municipio de Santo Domingo Este, Anny Mambr\u00fa; Adri\u00e1n Dur\u00e1n, candidata a regidora por esa demarcaci\u00f3n del partido Pa\u00eds Posible; el miembro de los movimientos de apoyo al presidente Luis Abinader, Jos\u00e9 Cancel, y una amplia comitiva de la coordinadora de Apoyo al Presidente Luis Abinader 4 A\u00f1os M\u00e1s, que encabeza el pasado rector de la UASD, Franklin Garc\u00eda Ferm\u00edn.<\/p>\n\n\n\n<p>Adem\u00e1s la coordinadora del Frente Femenino, Carla D\u00edaz, la coordinadora del Frente Universitario del Movimiento Participativo, Aranna Segura, y la coordinadora de las Redes Sociales, Melany Abreu, entre otras.<\/p>\n\n\n\n<p>CERP comunicaciones<\/p>\n\n\n\n<p><a target=\"_blank\" href=\"mailto:cerpmedia@gmail.com\" rel=\"noreferrer noopener\">cerpmedia@gmail.com<\/a><\/p>\n","protected":false},"excerpt":{"rendered":"<p>El dirigente del Partido Revolucionario Moderno (PRM) juramenta a los miembros del Movimiento Participativo de Acci\u00f3n Democr\u00e1tica con Luis 4 A\u00f1os M\u00e1s SANTO DOMINGO, RD. -El presidente Luis Abinader permanecer\u00e1 en el poder m\u00e1s all\u00e1 de las elecciones del 2024 por la voluntad del pueblo dominicano, asegur\u00f3 el doctor Franklin Garc\u00eda Ferm\u00edn, miembro de la [&hellip;]<\/p>\n","protected":false},"author":28,"featured_media":504254,"comment_status":"closed","ping_status":"","sticky":true,"template":"","format":"standard","meta":{"footnotes":""},"categories":[22,27],"tags":[],"class_list":["post-504253","post","type-post","status-publish","format-standard","has-post-thumbnail","hentry","category-politica","category-portada"],"_links":{"self":[{"href":"https:\/\/diariodominicano.com\/index.php?rest_route=\/wp\/v2\/posts\/504253","targetHints":{"allow":["GET"]}}],"collection":[{"href":"https:\/\/diariodominicano.com\/index.php?rest_route=\/wp\/v2\/posts"}],"about":[{"href":"https:\/\/diariodominicano.com\/index.php?rest_route=\/wp\/v2\/types\/post"}],"author":[{"embeddable":true,"href":"https:\/\/diariodominicano.com\/index.php?rest_route=\/wp\/v2\/users\/28"}],"replies":[{"embeddable":true,"href":"https:\/\/diariodominicano.com\/index.php?rest_route=%2Fwp%2Fv2%2Fcomments&post=504253"}],"version-history":[{"count":2,"href":"https:\/\/diariodominicano.com\/index.php?rest_route=\/wp\/v2\/posts\/504253\/revisions"}],"predecessor-version":[{"id":504258,"href":"https:\/\/diariodominicano.com\/index.php?rest_route=\/wp\/v2\/posts\/504253\/revisions\/504258"}],"wp:featuredmedia":[{"embeddable":true,"href":"https:\/\/diariodominicano.com\/index.php?rest_route=\/wp\/v2\/media\/504254"}],"wp:attachment":[{"href":"https:\/\/diariodominicano.com\/index.php?rest_route=%2Fwp%2Fv2%2Fmedia&parent=504253"}],"wp:term":[{"taxonomy":"category","embeddable":true,"href":"https:\/\/diariodominicano.com\/index.php?rest_route=%2Fwp%2Fv2%2Fcategories&post=504253"},{"taxonomy":"post_tag","embeddable":true,"href":"https:\/\/diariodominicano.com\/index.php?rest_route=%2Fwp%2Fv2%2Ftags&post=504253"}],"curies":[{"name":"wp","href":"https:\/\/api.w.org\/{rel}","templated":true}]}}