{"id":504248,"date":"2024-01-29T00:46:15","date_gmt":"2024-01-29T04:46:15","guid":{"rendered":"https:\/\/diariodominicano.com\/?p=504248"},"modified":"2024-01-29T00:47:04","modified_gmt":"2024-01-29T04:47:04","slug":"la-junta-central-electoral-debio-responder-de-una-manera-clara-la-denuncia-del-equipo-tecnico-del-pld-opina-eddy-olivares","status":"publish","type":"post","link":"https:\/\/diariodominicano.com\/?p=504248","title":{"rendered":"\u201cLa Junta Central Electoral debi\u00f3 responder de una manera clara la denuncia del equipo t\u00e9cnico del PLD\u201d, opina Eddy Olivares"},"content":{"rendered":"\n<p>Eddy Olivares <\/p>\n\n\n\n<p><strong>Asegura que en la ley del DNI se har\u00e1n las correcciones de lugar<\/strong>.<\/p>\n\n\n\n<p>El vicepresidente ejecutivo del Partido Revolucionario Moderno (PRM), doctor Eddy Olivares, calific\u00f3 como un planteamiento da\u00f1ino y sin fundamento para llamar la atenci\u00f3n, la denuncia del Partido de la Liberaci\u00f3n Dominicana, sobre una serie de fallas que facilitan el \u201chackeo\u201d en los equipos que utilizar\u00e1 la Junta Central Electoral (JCE) para la transmisi\u00f3n de los resultados de las elecciones municipales del 18 de febrero.<\/p>\n\n\n\n<figure class=\"wp-block-image size-full\"><img loading=\"lazy\" decoding=\"async\" width=\"803\" height=\"455\" src=\"https:\/\/diariodominicano.com\/wp-content\/uploads\/2024\/01\/PHOTO-2024-01-27-08-27-12.jpg\" alt=\"\" class=\"wp-image-504250\" srcset=\"https:\/\/diariodominicano.com\/wp-content\/uploads\/2024\/01\/PHOTO-2024-01-27-08-27-12.jpg 803w, https:\/\/diariodominicano.com\/wp-content\/uploads\/2024\/01\/PHOTO-2024-01-27-08-27-12-300x170.jpg 300w, https:\/\/diariodominicano.com\/wp-content\/uploads\/2024\/01\/PHOTO-2024-01-27-08-27-12-768x435.jpg 768w\" sizes=\"auto, (max-width: 803px) 100vw, 803px\" \/><\/figure>\n\n\n\n<p>Entrevistado por el periodista Federico M\u00e9ndez, en el programa Esferas de Poder, que se transmite los domingos de 8:00 a 9:00 de la ma\u00f1ana, por RNN Canal 27, sostuvo que la JCE debe responder el informe del equipo t\u00e9cnico del partido opositor, que destaca que pudo hackear f\u00e1cilmente la impresora de los resultados electorales.<\/p>\n\n\n\n<p><\/p>\n\n\n\n<p>\u201cPienso que fue un planteamiento para llamar la atenci\u00f3n, sin fundamento, al final de cuenta, claro, que la Junta Central Electoral debi\u00f3 responder de una manera clara\u201d, subray\u00f3.<\/p>\n\n\n\n<p>Olivares afirm\u00f3 que el PLD y la Fuerza del Pueblo est\u00e1n creando una puerta de salida de la situaci\u00f3n que tendr\u00e1n a partir de las pr\u00f3ximas elecciones, vienen acumulando denuncias y generando dudas en la JCE, lo cual habla muy mal y los coloca en una oposici\u00f3n irresponsable.<\/p>\n\n\n\n<p>Sostuvo que ambos tienen un marat\u00f3n de denuncias y quejas para justificar la derrota en las elecciones pr\u00f3ximas, lo cual causa da\u00f1o al proceso electoral.<\/p>\n\n\n\n<p>\u201cEn ese sentido, pienso que los partidos deben procurar tener una responsabilidad institucional mayor que la que han exhibido hasta este momento\u201d, dijo el ex magistrado de la JCE.<\/p>\n\n\n\n<p>Olivares plantea que lo que les corresponde a los partidos es acompa\u00f1ar a la Junta, d\u00e1ndole un seguimiento permanente al montaje de las elecciones de febrero y mayo.<\/p>\n\n\n\n<p>\u201cEs el papel de todos los partidos, pero de una manera responsable, hasta ahora Fuerza del Pueblo y el Partido de la Liberaci\u00f3n Dominicana han actuado de una manera totalmente contraria a c\u00f3mo debe hacerlo un partido que tiene compromiso con el fortalecimiento de la democracia, lo han hecho de una manera irresponsable\u201d, insisti\u00f3.<\/p>\n\n\n\n<p>El jurista y dirigente pol\u00edtico entiende que con sus denuncias el PLD y la FP procuran justificar la amplia derrota que recibir\u00e1n en las elecciones municipales del 19 de mayo.<\/p>\n\n\n\n<p>El jurista y dirigente pol\u00edtico solicit\u00f3 parar ese tipo de comportamiento tendente a desacreditar el proceso y a los \u00f3rganos electorales.<\/p>\n\n\n\n<p>\u201cEstamos a 20 d\u00edas de las elecciones del pr\u00f3ximo 18 de febrero y ya, por supuesto, hay nerviosismo, el posicionamiento de los principales partidos de la oposici\u00f3n se encuentra estancado all\u00e1 abajo, en un 20%, 12% y eso, sin lugar a duda, genera reacciones diversas\u201d, subray\u00f3.<\/p>\n\n\n\n<p>Olivares considera que en los pr\u00f3ximos d\u00edas se encontrar\u00e1 todo tipo denuncias y quejas como la que hace el Partido de la Liberaci\u00f3n Dominicana (PLD) sobre el sistema de c\u00f3mputos de la JCE.<\/p>\n\n\n\n<p>El ex magistrado de la JCE plante\u00f3 que por primera vez el partido de gobierno procura el cumplimiento de la ley y del mandato del art\u00edculo 211 de la Ley, que es una responsabilidad de la Junta, de que las elecciones se celebren con plena libertad, objetividad, transparencia y contribuir con la equidad en el proceso.<\/p>\n\n\n\n<p>Asegur\u00f3 que el presidente Luis Abinader ha decidido colaborar con la JCE en todo lo que sea necesario.<\/p>\n\n\n\n<p><strong>Asegura que en la ley del DNI se har\u00e1n las reparaciones que sean de lugar<\/strong><\/p>\n\n\n\n<p>El vicepresidente ejecutivo del Partido Revolucionario Moderno (PRM), doctor Eddy Olivares, afirm\u00f3 que nada que no est\u00e9 absolutamente claro de frente al pa\u00eds se aplicar\u00e1 con respecto a la ley 1-24 que crea la Direcci\u00f3n Nacional de Inteligencia (DNI), en la cual se har\u00e1n las reparaciones de lugar.<\/p>\n\n\n\n<p>Plante\u00f3 que el presidente Luis Abinader es un abanderado del di\u00e1logo, que discute los temas con los diferentes sectores, acoge las sugerencias cuando corresponde y repara lo que entiende debe repararse.<\/p>\n\n\n\n<p>\u201cYa el presidente le respondi\u00f3 a la Sociedad Dominicana de Diarios, dici\u00e9ndole que se van a hacer las correcciones que sean de lugar, porque al final de cuentas, el presidente Abinader fue injustamente utilizado por la oposici\u00f3n, en relaci\u00f3n con este debate\u201d, signific\u00f3.<\/p>\n\n\n\n<p>El jurista y dirigente pol\u00edtico calific\u00f3 como leg\u00edtimo que la Sociedad Dominicana de Diarios haga sugerencias, con respecto a ley, en temas que son de inter\u00e9s con respecto a la libertad de expresi\u00f3n.<\/p>\n\n\n\n<p>El vocero perreme\u00edsta indic\u00f3 que si hay alguien con un criterio absolutamente democr\u00e1tico es el mandatario.<\/p>\n\n\n\n<p>\u201cPero es importante que todo se ponga muy claro, estamos totalmente de acuerdo y eso es lo que quiere el compa\u00f1ero Luis Abinader que se haga, de modo que en ese sentido no hay inconvenientes\u201d, adujo.<\/p>\n\n\n\n<p>Calific\u00f3 como un debate \u201cextra\u00f1\u00edsimo\u201d, el originado en torno a la aprobaci\u00f3n de la ley del DNI, porque se produce despu\u00e9s que la ley ha sido aprobada y promulgada, al cual se adhieren los dos partidos de oposici\u00f3n, con representaci\u00f3n significativa en el Congreso Nacional.<\/p>\n\n\n\n<p>\u201cDe todas maneras, lo m\u00e1s importante es que el texto sea claro como el agua m\u00e1s cristalina, ese es el prop\u00f3sito, ese es el inter\u00e9s del presidente Luis Abinader, ese es el inter\u00e9s de todos nosotros, que sea una ley clar\u00edsima, que no haya ni siquiera que hacer un reglamento\u201d, acot\u00f3.<\/p>\n\n\n\n<p>Olivares dijo que se trata de una norma derivada de la reforma constitucional del 2010 realizada durante el gobierno del expresidente Leonel Fern\u00e1ndez, que manda a que se haga una ley para crear la Direcci\u00f3n Nacional de Investigaciones (DNI).<\/p>\n\n\n\n<p>El exprocurador fiscal de la provincia de Santo Domingo indic\u00f3 que una de las principales figuras de la Fuerza del Pueblo, el senador Dionis S\u00e1nchez, fue quien presidi\u00f3 la comisi\u00f3n del Senado que conoci\u00f3 la iniciativa.<\/p>\n\n\n\n<p>\u201cEn ese sentido, quien presidi\u00f3 la discusi\u00f3n fue una figura fundamental de la Fuerza del Pueblo, por eso yo digo que es un irrespeto a sus propios legisladores, el comportamiento de Fuerza del Pueblo, irresponsable, y del Partido de la Liberaci\u00f3n Dominicana, porque sus legisladores participaron de la estructuraci\u00f3n de esa ley y, por supuesto, de una manera principal\u201d, adujo.<\/p>\n\n\n\n<p>El ex magistrado de la JCE dijo que hablar como si fuese una ley impuesta por el PRM es una muestra de irresponsabilidad de la FP y el PLD, as\u00ed como el desv\u00edo de su rol como organizaciones opositoras.<\/p>\n\n\n\n<p>Calific\u00f3 las denuncias y acusaciones de ambas organizaciones como un espect\u00e1culo que los coloca en una posici\u00f3n lejana en las preferencias electorales.<\/p>\n\n\n\n<p>\u201cSin lugar a duda, se convierte en un tema electoral porque la Fuerza del Pueblo y el PLD necesitan cualquier tema para montarse sobre \u00e9l, porque tampoco tienen la oportunidad de utilizar elementos que puedan implicar cuestionamientos al gobierno, descartando ya que hagan planteamientos propositivos, porque ha sido una oposici\u00f3n de cuestionamientos y ataques\u201d, agreg\u00f3.<\/p>\n\n\n\n<p>ederico mendez nova<\/p>\n\n\n\n<p><a href=\"mailto:federico.mendeznova@gmail.com\" target=\"_blank\" rel=\"noreferrer noopener\">federico.mendeznova@gmail.com<\/a><\/p>\n","protected":false},"excerpt":{"rendered":"<p>Eddy Olivares Asegura que en la ley del DNI se har\u00e1n las correcciones de lugar. El vicepresidente ejecutivo del Partido Revolucionario Moderno (PRM), doctor Eddy Olivares, calific\u00f3 como un planteamiento da\u00f1ino y sin fundamento para llamar la atenci\u00f3n, la denuncia del Partido de la Liberaci\u00f3n Dominicana, sobre una serie de fallas que facilitan el \u201chackeo\u201d [&hellip;]<\/p>\n","protected":false},"author":28,"featured_media":504249,"comment_status":"closed","ping_status":"","sticky":true,"template":"","format":"standard","meta":{"footnotes":""},"categories":[22,27],"tags":[],"class_list":["post-504248","post","type-post","status-publish","format-standard","has-post-thumbnail","hentry","category-politica","category-portada"],"_links":{"self":[{"href":"https:\/\/diariodominicano.com\/index.php?rest_route=\/wp\/v2\/posts\/504248","targetHints":{"allow":["GET"]}}],"collection":[{"href":"https:\/\/diariodominicano.com\/index.php?rest_route=\/wp\/v2\/posts"}],"about":[{"href":"https:\/\/diariodominicano.com\/index.php?rest_route=\/wp\/v2\/types\/post"}],"author":[{"embeddable":true,"href":"https:\/\/diariodominicano.com\/index.php?rest_route=\/wp\/v2\/users\/28"}],"replies":[{"embeddable":true,"href":"https:\/\/diariodominicano.com\/index.php?rest_route=%2Fwp%2Fv2%2Fcomments&post=504248"}],"version-history":[{"count":2,"href":"https:\/\/diariodominicano.com\/index.php?rest_route=\/wp\/v2\/posts\/504248\/revisions"}],"predecessor-version":[{"id":504252,"href":"https:\/\/diariodominicano.com\/index.php?rest_route=\/wp\/v2\/posts\/504248\/revisions\/504252"}],"wp:featuredmedia":[{"embeddable":true,"href":"https:\/\/diariodominicano.com\/index.php?rest_route=\/wp\/v2\/media\/504249"}],"wp:attachment":[{"href":"https:\/\/diariodominicano.com\/index.php?rest_route=%2Fwp%2Fv2%2Fmedia&parent=504248"}],"wp:term":[{"taxonomy":"category","embeddable":true,"href":"https:\/\/diariodominicano.com\/index.php?rest_route=%2Fwp%2Fv2%2Fcategories&post=504248"},{"taxonomy":"post_tag","embeddable":true,"href":"https:\/\/diariodominicano.com\/index.php?rest_route=%2Fwp%2Fv2%2Ftags&post=504248"}],"curies":[{"name":"wp","href":"https:\/\/api.w.org\/{rel}","templated":true}]}}