{"id":504230,"date":"2024-01-29T00:08:43","date_gmt":"2024-01-29T04:08:43","guid":{"rendered":"https:\/\/diariodominicano.com\/?p=504230"},"modified":"2024-01-29T00:08:43","modified_gmt":"2024-01-29T04:08:43","slug":"culmina-festival-de-jazz-en-haiti-con-mensaje-ambientalista","status":"publish","type":"post","link":"https:\/\/diariodominicano.com\/?p=504230","title":{"rendered":"Culmina festival de jazz en Hait\u00ed con mensaje ambientalista"},"content":{"rendered":"\n<p>Puerto Pr\u00edncipe, 28 ene (Prensa Latina) El Festival Internacional de Jazz de Puerto Pr\u00edncipe (PAPJazz 2024) culmin\u00f3 hoy con un mensaje al mundo de la importancia de cuidar el medio ambiente.<\/p>\n\n\n\n<ul class=\"wp-block-list\">\n<li>enero 28, 2024<\/li>\n\n\n\n<li>CST22:04 (GMT) -0500<\/li>\n<\/ul>\n\n\n\n<p>La jornada final bautizada como PapJazz Vert estuvo dedicada a promover la conservaci\u00f3n de la madre naturaleza, que incluy\u00f3 la recogida de botellas vac\u00edas, exposici\u00f3n de productos reciclados y una conferencia sobre la educaci\u00f3n en materia de cambio clim\u00e1tico.<\/p>\n\n\n\n<p>Milena Sandler, directora de la Fundaci\u00f3n Haiti Jazz, explic\u00f3 que la intenci\u00f3n era hacer de este festival el primer evento musical eco-responsable de Hait\u00ed.<\/p>\n\n\n\n<p>Sandler subray\u00f3 que fueron tomadas medidas para minimizar la producci\u00f3n de residuos durante la gran fiesta iniciada el 25 de enero.<\/p>\n\n\n\n<p>Haber celebrado el evento en un espacio cerrado redujo la cantidad de desechos s\u00f3lidos, y los folletos distribuidos son reutilizables.<\/p>\n\n\n\n<p>Resalt\u00f3 que el punto de partida es la m\u00fasica como veh\u00edculo de sensibilizaci\u00f3n.<\/p>\n\n\n\n<p>En la 17 edici\u00f3n del PAP Jazz estuvieron presentes instrumentistas de Camer\u00fan, Espa\u00f1a, Francia, Martinica, M\u00e9xico, entre otras naciones.<\/p>\n\n\n\n<p>Esta fiesta de la improvisaci\u00f3n musical cont\u00f3 tambi\u00e9n con una buena representaci\u00f3n de haitianos y de la di\u00e1spora.<\/p>\n\n\n\n<p>Figuras de la talla del camerun\u00e9s Richard Bona, ganador de un Grammy, Abe R\u00e1bade Tr\u00edo, pianista y compositor espa\u00f1ol, el mexicano Jer\u00f3nimo Quintet, el franc\u00e9s Cyrille Aim\u00e9e, el grupo haitiano Gwolobo, y Beethova Obas, c\u00e9lebre m\u00fasico del pa\u00eds anfitri\u00f3n, amenizar\u00e1n las noches de Puerto Pr\u00edncipe.<\/p>\n\n\n\n<p>El PAP Jazz naci\u00f3 en 2007 y durante sus 16 ediciones logr\u00f3 reunir a instrumentistas como Branford Marsalis, Norman Brown, Kenny Garrett, Sandra N\u2019kake, Tony Chasseur &amp; Ronald Tulle, Gonzalo Rubalcaba, Beethova Obas y Emeline Michel.<\/p>\n\n\n\n<p>jcm\/joe<\/p>\n\n\n\n<ul class=\"wp-block-list\">\n<li>#<a href=\"https:\/\/www.prensa-latina.cu\/tags\/festival\">festival<\/a>\u00a0#<a href=\"https:\/\/www.prensa-latina.cu\/tags\/haiti\">Hait\u00ed<\/a>\u00a0#<a href=\"https:\/\/www.prensa-latina.cu\/tags\/jazz\">jazz<\/a><\/li>\n<\/ul>\n","protected":false},"excerpt":{"rendered":"<p>Puerto Pr\u00edncipe, 28 ene (Prensa Latina) El Festival Internacional de Jazz de Puerto Pr\u00edncipe (PAPJazz 2024) culmin\u00f3 hoy con un mensaje al mundo de la importancia de cuidar el medio ambiente. La jornada final bautizada como PapJazz Vert estuvo dedicada a promover la conservaci\u00f3n de la madre naturaleza, que incluy\u00f3 la recogida de botellas vac\u00edas, [&hellip;]<\/p>\n","protected":false},"author":28,"featured_media":504231,"comment_status":"closed","ping_status":"","sticky":true,"template":"","format":"standard","meta":{"footnotes":""},"categories":[36,25,112,27],"tags":[],"class_list":["post-504230","post","type-post","status-publish","format-standard","has-post-thumbnail","hentry","category-hombresmujeresycosas","category-gente","category-haiti","category-portada"],"_links":{"self":[{"href":"https:\/\/diariodominicano.com\/index.php?rest_route=\/wp\/v2\/posts\/504230","targetHints":{"allow":["GET"]}}],"collection":[{"href":"https:\/\/diariodominicano.com\/index.php?rest_route=\/wp\/v2\/posts"}],"about":[{"href":"https:\/\/diariodominicano.com\/index.php?rest_route=\/wp\/v2\/types\/post"}],"author":[{"embeddable":true,"href":"https:\/\/diariodominicano.com\/index.php?rest_route=\/wp\/v2\/users\/28"}],"replies":[{"embeddable":true,"href":"https:\/\/diariodominicano.com\/index.php?rest_route=%2Fwp%2Fv2%2Fcomments&post=504230"}],"version-history":[{"count":1,"href":"https:\/\/diariodominicano.com\/index.php?rest_route=\/wp\/v2\/posts\/504230\/revisions"}],"predecessor-version":[{"id":504232,"href":"https:\/\/diariodominicano.com\/index.php?rest_route=\/wp\/v2\/posts\/504230\/revisions\/504232"}],"wp:featuredmedia":[{"embeddable":true,"href":"https:\/\/diariodominicano.com\/index.php?rest_route=\/wp\/v2\/media\/504231"}],"wp:attachment":[{"href":"https:\/\/diariodominicano.com\/index.php?rest_route=%2Fwp%2Fv2%2Fmedia&parent=504230"}],"wp:term":[{"taxonomy":"category","embeddable":true,"href":"https:\/\/diariodominicano.com\/index.php?rest_route=%2Fwp%2Fv2%2Fcategories&post=504230"},{"taxonomy":"post_tag","embeddable":true,"href":"https:\/\/diariodominicano.com\/index.php?rest_route=%2Fwp%2Fv2%2Ftags&post=504230"}],"curies":[{"name":"wp","href":"https:\/\/api.w.org\/{rel}","templated":true}]}}