{"id":504225,"date":"2024-01-29T00:00:36","date_gmt":"2024-01-29T04:00:36","guid":{"rendered":"https:\/\/diariodominicano.com\/?p=504225"},"modified":"2024-01-29T00:00:36","modified_gmt":"2024-01-29T04:00:36","slug":"jose-marti-une-a-cubanos-y-colombianos-a-171-anos-de-su-natalicio","status":"publish","type":"post","link":"https:\/\/diariodominicano.com\/?p=504225","title":{"rendered":"Jos\u00e9 Mart\u00ed une a cubanos y colombianos a 171 a\u00f1os de su natalicio"},"content":{"rendered":"\n<p>Bogot\u00e1, 28 ene (Prensa Latina) Cubanos y colombianos homenajearon hoy a Jos\u00e9 Mart\u00ed, cuyo pensamiento pol\u00edtico, filos\u00f3fico, antimperialista y aportes literarios perviven y es savia necesaria para las actuales luchas de los pueblos del mundo a 171 a\u00f1os de su natalicio.<\/p>\n\n\n\n<ul class=\"wp-block-list\">\n<li>enero 28, 2024<\/li>\n\n\n\n<li>CST22:11 (GMT) -0500<\/li>\n<\/ul>\n\n\n\n<ul class=\"wp-block-list\">\n<li>Fotos: Yoel Ramos Salazar<\/li>\n<\/ul>\n\n\n\n<p>Ante el busto del Ap\u00f3stol, en el humilde barrio de Policarpa, en esta capital, y con la presencia del embajador de Cuba en Colombia, Javier Caama\u00f1o, representantes del Movimiento Colombiano de Solidaridad con Cuba, docentes y estudiantes del colegio distrital Jos\u00e9 Mart\u00ed, y miembros del cuerpo diplom\u00e1tico, tuvo lugar el homenaje a quien es considerado el m\u00e1s universal de todos los cubanos.<\/p>\n\n\n\n<p>Como ya es tradici\u00f3n, las rosas blancas no faltaron, en alusi\u00f3n a uno de sus obras m\u00e1s hermosas, un poema sin t\u00edtulo, identificado por su primer verso como \u00abCultivo una rosa blanca\u00bb, uno de los m\u00e1s conocidos de Jos\u00e9 Mart\u00ed, que aparece en sus Versos Sencillos.<\/p>\n\n\n\n<p>En la celebraci\u00f3n vibraron la m\u00fasica, la poes\u00eda y la hermandad entre dos pueblos, as\u00ed como las reflexiones en torno a la repercusi\u00f3n del ideario del Ap\u00f3stol en la construcci\u00f3n de la sociedad cubana.<\/p>\n\n\n\n<p>Los participantes resaltaron la coherencia del fundador del Partido Revolucionario Cubano y organizador de la Guerra de Independencia entre su palabra y la acci\u00f3n, as\u00ed como su trascendencia como uno de los m\u00e1s grandes poetas hispanoamericanos.<\/p>\n\n\n\n<p>Llamaron a consolidar el estudio de toda su obra, desde la Edad de Oro, escrita para los ni\u00f1os, como su epistolario e su ideario pedag\u00f3gico y a ahondar en las facetas de su pensamiento antiimperialista y latinoamericanista por la vigencia de sus ideas y por su extraordinaria capacidad de alertar.<\/p>\n\n\n\n<p>jcm\/otf<\/p>\n\n\n\n<ul class=\"wp-block-list\">\n<li>#<a href=\"https:\/\/www.prensa-latina.cu\/tags\/colombia\">colombia<\/a>\u00a0#<a href=\"https:\/\/www.prensa-latina.cu\/tags\/cuba\">cuba<\/a>\u00a0#<a href=\"https:\/\/www.prensa-latina.cu\/tags\/jose-marti\">Jos\u00e9 Mart\u00ed<\/a><\/li>\n<\/ul>\n","protected":false},"excerpt":{"rendered":"<p>Bogot\u00e1, 28 ene (Prensa Latina) Cubanos y colombianos homenajearon hoy a Jos\u00e9 Mart\u00ed, cuyo pensamiento pol\u00edtico, filos\u00f3fico, antimperialista y aportes literarios perviven y es savia necesaria para las actuales luchas de los pueblos del mundo a 171 a\u00f1os de su natalicio. Ante el busto del Ap\u00f3stol, en el humilde barrio de Policarpa, en esta capital, [&hellip;]<\/p>\n","protected":false},"author":28,"featured_media":504226,"comment_status":"closed","ping_status":"","sticky":false,"template":"","format":"standard","meta":{"footnotes":""},"categories":[26],"tags":[],"class_list":["post-504225","post","type-post","status-publish","format-standard","has-post-thumbnail","hentry","category-efemerides"],"_links":{"self":[{"href":"https:\/\/diariodominicano.com\/index.php?rest_route=\/wp\/v2\/posts\/504225","targetHints":{"allow":["GET"]}}],"collection":[{"href":"https:\/\/diariodominicano.com\/index.php?rest_route=\/wp\/v2\/posts"}],"about":[{"href":"https:\/\/diariodominicano.com\/index.php?rest_route=\/wp\/v2\/types\/post"}],"author":[{"embeddable":true,"href":"https:\/\/diariodominicano.com\/index.php?rest_route=\/wp\/v2\/users\/28"}],"replies":[{"embeddable":true,"href":"https:\/\/diariodominicano.com\/index.php?rest_route=%2Fwp%2Fv2%2Fcomments&post=504225"}],"version-history":[{"count":1,"href":"https:\/\/diariodominicano.com\/index.php?rest_route=\/wp\/v2\/posts\/504225\/revisions"}],"predecessor-version":[{"id":504227,"href":"https:\/\/diariodominicano.com\/index.php?rest_route=\/wp\/v2\/posts\/504225\/revisions\/504227"}],"wp:featuredmedia":[{"embeddable":true,"href":"https:\/\/diariodominicano.com\/index.php?rest_route=\/wp\/v2\/media\/504226"}],"wp:attachment":[{"href":"https:\/\/diariodominicano.com\/index.php?rest_route=%2Fwp%2Fv2%2Fmedia&parent=504225"}],"wp:term":[{"taxonomy":"category","embeddable":true,"href":"https:\/\/diariodominicano.com\/index.php?rest_route=%2Fwp%2Fv2%2Fcategories&post=504225"},{"taxonomy":"post_tag","embeddable":true,"href":"https:\/\/diariodominicano.com\/index.php?rest_route=%2Fwp%2Fv2%2Ftags&post=504225"}],"curies":[{"name":"wp","href":"https:\/\/api.w.org\/{rel}","templated":true}]}}