{"id":504219,"date":"2024-01-28T23:55:13","date_gmt":"2024-01-29T03:55:13","guid":{"rendered":"https:\/\/diariodominicano.com\/?p=504219"},"modified":"2024-01-28T23:55:13","modified_gmt":"2024-01-29T03:55:13","slug":"cuba-rindio-homenaje-a-su-heroe-nacional-foto","status":"publish","type":"post","link":"https:\/\/diariodominicano.com\/?p=504219","title":{"rendered":"Cuba rindi\u00f3 homenaje a su H\u00e9roe Nacional (+Foto)"},"content":{"rendered":"\n<p>Santiago de Cuba, ene 28 (Prensa Latina) Ni\u00f1os, j\u00f3venes y trabajadores de esta ciudad en representaci\u00f3n de toda Cuba y encabezados por sus dirigentes, rindieron homenaje hoy al H\u00e9roe Nacional, Jos\u00e9 Mart\u00ed, a 171 a\u00f1os de su natalicio.<\/p>\n\n\n\n<ul class=\"wp-block-list\">\n<li>enero 28, 2024<\/li>\n\n\n\n<li>CST15:21 (GMT) -0500<\/li>\n<\/ul>\n\n\n\n<p>Ante la tumba del Ap\u00f3stol fueron colocadas ofrendas florales en nombre del General de Ej\u00e9rcito Ra\u00fal Castro, l\u00edder de la Revoluci\u00f3n; de Miguel D\u00edaz-Canel, primer secretario del Comit\u00e9 Central del Partido Comunista y Presidente de la Rep\u00fablica, as\u00ed como del jefe del Parlamento y del Consejo de Estado, Esteban Lazo, y del Pueblo de Cuba.<\/p>\n\n\n\n<p>Como es tradicional en el cementerio patrimonial Santa Ifigenia de Santiago de Cuba se realiz\u00f3 el cambio de guardia de honor, unidad de ceremonia que custodia el Sendero de los Padres Fundadores de la Naci\u00f3n, esta vez acompa\u00f1ados por alumnos de la Escuela Militar Camilo Cienfuegos.<\/p>\n\n\n\n<figure class=\"wp-block-image\"><img decoding=\"async\" src=\"https:\/\/www.prensa-latina.cu\/wp-content\/uploads\/2024\/01\/cuba-homenaje-marti-santiago-2.jpg\" alt=\" cuba-rindio-homenaje-a-su-heroe-nacional\" class=\"wp-image-639226\"\/><\/figure>\n\n\n\n<p>Estuvieron presentes en el homenaje el miembro del Comit\u00e9 Central del Partido Comunista de Cuba y primer secretario en esta provincia, Jos\u00e9 Ram\u00f3n Monteagudo, y la gobernadora Beatriz Johnson, integrante del Consejo de Estado.<\/p>\n\n\n\n<p>Tambi\u00e9n rindieron homenaje al H\u00e9roe Nacional, dirigentes e integrantes de la Uni\u00f3n de J\u00f3venes Comunistas, la Federaci\u00f3n de Estudiantes Universitarios, los Comit\u00e9s de Defensa de la Revoluci\u00f3n, la Federaci\u00f3n de Mujeres Cubanas y de la Asociaci\u00f3n de Combatientes de la Revoluci\u00f3n Cubana.<\/p>\n\n\n\n<p>jha\/yvg<\/p>\n","protected":false},"excerpt":{"rendered":"<p>Santiago de Cuba, ene 28 (Prensa Latina) Ni\u00f1os, j\u00f3venes y trabajadores de esta ciudad en representaci\u00f3n de toda Cuba y encabezados por sus dirigentes, rindieron homenaje hoy al H\u00e9roe Nacional, Jos\u00e9 Mart\u00ed, a 171 a\u00f1os de su natalicio. Ante la tumba del Ap\u00f3stol fueron colocadas ofrendas florales en nombre del General de Ej\u00e9rcito Ra\u00fal Castro, [&hellip;]<\/p>\n","protected":false},"author":28,"featured_media":504220,"comment_status":"closed","ping_status":"","sticky":true,"template":"","format":"standard","meta":{"footnotes":""},"categories":[26,23,27],"tags":[],"class_list":["post-504219","post","type-post","status-publish","format-standard","has-post-thumbnail","hentry","category-efemerides","category-internacional","category-portada"],"_links":{"self":[{"href":"https:\/\/diariodominicano.com\/index.php?rest_route=\/wp\/v2\/posts\/504219","targetHints":{"allow":["GET"]}}],"collection":[{"href":"https:\/\/diariodominicano.com\/index.php?rest_route=\/wp\/v2\/posts"}],"about":[{"href":"https:\/\/diariodominicano.com\/index.php?rest_route=\/wp\/v2\/types\/post"}],"author":[{"embeddable":true,"href":"https:\/\/diariodominicano.com\/index.php?rest_route=\/wp\/v2\/users\/28"}],"replies":[{"embeddable":true,"href":"https:\/\/diariodominicano.com\/index.php?rest_route=%2Fwp%2Fv2%2Fcomments&post=504219"}],"version-history":[{"count":1,"href":"https:\/\/diariodominicano.com\/index.php?rest_route=\/wp\/v2\/posts\/504219\/revisions"}],"predecessor-version":[{"id":504221,"href":"https:\/\/diariodominicano.com\/index.php?rest_route=\/wp\/v2\/posts\/504219\/revisions\/504221"}],"wp:featuredmedia":[{"embeddable":true,"href":"https:\/\/diariodominicano.com\/index.php?rest_route=\/wp\/v2\/media\/504220"}],"wp:attachment":[{"href":"https:\/\/diariodominicano.com\/index.php?rest_route=%2Fwp%2Fv2%2Fmedia&parent=504219"}],"wp:term":[{"taxonomy":"category","embeddable":true,"href":"https:\/\/diariodominicano.com\/index.php?rest_route=%2Fwp%2Fv2%2Fcategories&post=504219"},{"taxonomy":"post_tag","embeddable":true,"href":"https:\/\/diariodominicano.com\/index.php?rest_route=%2Fwp%2Fv2%2Ftags&post=504219"}],"curies":[{"name":"wp","href":"https:\/\/api.w.org\/{rel}","templated":true}]}}