{"id":504186,"date":"2024-01-28T23:10:36","date_gmt":"2024-01-29T03:10:36","guid":{"rendered":"https:\/\/diariodominicano.com\/?p=504186"},"modified":"2024-01-28T23:34:10","modified_gmt":"2024-01-29T03:34:10","slug":"candidata-a-regidora-por-fuerza-del-pueblo-anibelka-rodriguez-promete-trabajar-sin-tregua-para-que-la-poblacion-de-sde-se-sienta-orgullosa-de-su-municipio","status":"publish","type":"post","link":"https:\/\/diariodominicano.com\/?p=504186","title":{"rendered":"Candidata a regidora por Fuerza del Pueblo Anibelka Rodr\u00edguez promete trabajar sin tregua para que la poblaci\u00f3n de SDE se sienta orgullosa de su municipio"},"content":{"rendered":"\n<p>Santo Domingo Este, RD.- La candidata a regidora de Santo Domingo Este por la Fuerza del Pueblo (FP), Anibelka Rodr\u00edguez se comprometi\u00f3 a trabajar y a impulsar proyectos e iniciativas que transformen el municipio para mayor calidad y mejores servicios a los habitantes de la demarcaci\u00f3n.<\/p>\n\n\n\n<p>Al efecto, Rodr\u00edguez dio plena seguridad de que siempre estar\u00e1&nbsp; al lado de todo lo que signifique progreso, desarrollo y transformaci\u00f3n y que contribuya cada vez m\u00e1s a que los pobladores de Santo Domingo sientan orgullo del municipio.<\/p>\n\n\n\n<p>Se pronunci\u00f3 en esos t\u00e9rminos en la apertura de su Comando de Campa\u00f1a, ubicado en la&nbsp; Calle Respaldo Segunda&nbsp; #32, del sector de Villa Faro de SDE.<\/p>\n\n\n\n<p>El acto cont\u00f3 con la presencia de Angie Brooks, titular de la Secretar\u00eda de la Mujer de la Fuerza del Pueblo, .as\u00ed como de Belkis Ram\u00edrez, Encargada de la Secretar\u00eda de la Mujer en la Circunscripci\u00f3n Uno de Santo Domingo Este y jefa de campa\u00f1a del proyecto Anibelka Regidora.<\/p>\n\n\n\n<p>Asimismo, estaban presentes, entre otros, el candidato a Diputado Juan Ram\u00f3n Soto de la Rosa (El General), y Lu\u00eds Cep\u00edn , Presidente del Movimiento Mi Pa\u00eds Seguro con Leonel, quien ha declarado su respaldo a la candidatura a regidora de Anibelka Rodr\u00edguez.<\/p>\n\n\n\n<p>Tras agradecer a los presentes su presencia en el acto, Anibelka Rodr\u00edguez garantiz\u00f3 que de ser electa, como est\u00e1 segura lo lograr\u00e1, pondr\u00e1 \u00e9nfasis en el cumplimiento de lo normativo, seg\u00fan lo requerido en las leyes establecidas para el gobierno de la municipalidad, convencida de que esto aporta valor a la gesti\u00f3n de la Alcald\u00eda y el Consejo de Regidores, procurando que sean&nbsp; actores de niveles reconocidos en la ponderaci\u00f3n que reciban desde los Mun\u00edcipes el SDE.<\/p>\n\n\n\n<p>Velaremos\u2014agreg\u00f3&#8211;por una gesti\u00f3n responsable y transparente, capaz de promover el que se establezcan indicadores de gesti\u00f3n, que permitan la evaluaci\u00f3n y medici\u00f3n de los&nbsp; servicios entregados y recibidos por las comunidades<\/p>\n\n\n\n<p>Prometi\u00f3&nbsp; que para contribuir a alcanzar ese logro \u201cacompa\u00f1aremos a nuestro alcalde, a fin de promover y fomentar mejor entorno para nuestros mun\u00edcipes, y&nbsp; lograr de manera conjunta una mayor calidad de vida en nuestro municipio.<\/p>\n\n\n\n<p>De manera\u2014puntualiz\u00f3\u2014que&nbsp; tanto desde la Alcald\u00eda, como del Consejo de Regidores, y la municipalidad, nos sintamos orgullosos de pertenecer al municipio de Santo Domingo Este.<\/p>\n\n\n\n<p>Subray\u00f3 que es de primer orden&nbsp; la necesidad de trabajar en conjunto, con la participaci\u00f3n de los distintos sectores, &nbsp;por una mejor comunidad, con servicios de calidad a los mun\u00edcipes.<\/p>\n\n\n\n<p>Rodr\u00edguez recalc\u00f3\u00a0 que hay que abordar con decisi\u00f3n la problem\u00e1tica que\u00a0 representa la gran deuda social acumulada en los municipios, y sobre el particular manifest\u00f3 que siempre estar\u00e1 al lado del Alcalde, que asegura ser\u00e1 Julio Romero, para contribuir de manera decisiva en el trabajo y promoci\u00f3n de iniciativas y proyectos que transformen el municipio de SDE<\/p>\n\n\n\n<p>ose antonio vargas gerrero<\/p>\n\n\n\n<p><a target=\"_blank\" href=\"mailto:jvargas6481@gmail.com\" rel=\"noreferrer noopener\">jvargas6481@gmail.com<\/a><\/p>\n","protected":false},"excerpt":{"rendered":"<p>Santo Domingo Este, RD.- La candidata a regidora de Santo Domingo Este por la Fuerza del Pueblo (FP), Anibelka Rodr\u00edguez se comprometi\u00f3 a trabajar y a impulsar proyectos e iniciativas que transformen el municipio para mayor calidad y mejores servicios a los habitantes de la demarcaci\u00f3n. Al efecto, Rodr\u00edguez dio plena seguridad de que siempre [&hellip;]<\/p>\n","protected":false},"author":28,"featured_media":504187,"comment_status":"closed","ping_status":"","sticky":true,"template":"","format":"standard","meta":{"footnotes":""},"categories":[22,27],"tags":[],"class_list":["post-504186","post","type-post","status-publish","format-standard","has-post-thumbnail","hentry","category-politica","category-portada"],"_links":{"self":[{"href":"https:\/\/diariodominicano.com\/index.php?rest_route=\/wp\/v2\/posts\/504186","targetHints":{"allow":["GET"]}}],"collection":[{"href":"https:\/\/diariodominicano.com\/index.php?rest_route=\/wp\/v2\/posts"}],"about":[{"href":"https:\/\/diariodominicano.com\/index.php?rest_route=\/wp\/v2\/types\/post"}],"author":[{"embeddable":true,"href":"https:\/\/diariodominicano.com\/index.php?rest_route=\/wp\/v2\/users\/28"}],"replies":[{"embeddable":true,"href":"https:\/\/diariodominicano.com\/index.php?rest_route=%2Fwp%2Fv2%2Fcomments&post=504186"}],"version-history":[{"count":1,"href":"https:\/\/diariodominicano.com\/index.php?rest_route=\/wp\/v2\/posts\/504186\/revisions"}],"predecessor-version":[{"id":504188,"href":"https:\/\/diariodominicano.com\/index.php?rest_route=\/wp\/v2\/posts\/504186\/revisions\/504188"}],"wp:featuredmedia":[{"embeddable":true,"href":"https:\/\/diariodominicano.com\/index.php?rest_route=\/wp\/v2\/media\/504187"}],"wp:attachment":[{"href":"https:\/\/diariodominicano.com\/index.php?rest_route=%2Fwp%2Fv2%2Fmedia&parent=504186"}],"wp:term":[{"taxonomy":"category","embeddable":true,"href":"https:\/\/diariodominicano.com\/index.php?rest_route=%2Fwp%2Fv2%2Fcategories&post=504186"},{"taxonomy":"post_tag","embeddable":true,"href":"https:\/\/diariodominicano.com\/index.php?rest_route=%2Fwp%2Fv2%2Ftags&post=504186"}],"curies":[{"name":"wp","href":"https:\/\/api.w.org\/{rel}","templated":true}]}}