{"id":504178,"date":"2024-01-28T20:19:28","date_gmt":"2024-01-29T00:19:28","guid":{"rendered":"https:\/\/diariodominicano.com\/?p=504178"},"modified":"2024-01-28T20:19:28","modified_gmt":"2024-01-29T00:19:28","slug":"miguel-vargas-daremos-mayor-apoyo-presupuestario-a-los-ayuntamientos","status":"publish","type":"post","link":"https:\/\/diariodominicano.com\/?p=504178","title":{"rendered":"Miguel Vargas: \u201cDaremos mayor apoyo presupuestario a los ayuntamientos\u201d"},"content":{"rendered":"\n<p>diariodominicano.com<\/p>\n\n\n\n<p>El Seibo, 28 de enero, 2024.- El candidato presidencial del Partido Revolucionario Dominicano (PRD), Miguel Vargas Maldonado, afirm\u00f3 este domingo que la gesti\u00f3n gubernamental que encabezar\u00e1 la Alianza Opositora Rescat\u00e9 RD, a partir de agosto pr\u00f3ximo, distribuir\u00e1n el presupuesto nacional de manera equilibrada, en t\u00e9rminos geogr\u00e1ficos y econ\u00f3micos, para beneficiar a los municipios.<\/p>\n\n\n<div class=\"wp-block-image\">\n<figure class=\"alignleft size-large is-resized\"><img loading=\"lazy\" decoding=\"async\" width=\"1024\" height=\"897\" src=\"https:\/\/diariodominicano.com\/wp-content\/uploads\/2024\/01\/PRD-EL-SEIBO-ENERO-2024--1024x897.jpg\" alt=\"\" class=\"wp-image-504180\" style=\"width:233px;height:auto\" srcset=\"https:\/\/diariodominicano.com\/wp-content\/uploads\/2024\/01\/PRD-EL-SEIBO-ENERO-2024--1024x897.jpg 1024w, https:\/\/diariodominicano.com\/wp-content\/uploads\/2024\/01\/PRD-EL-SEIBO-ENERO-2024--300x263.jpg 300w, https:\/\/diariodominicano.com\/wp-content\/uploads\/2024\/01\/PRD-EL-SEIBO-ENERO-2024--768x673.jpg 768w, https:\/\/diariodominicano.com\/wp-content\/uploads\/2024\/01\/PRD-EL-SEIBO-ENERO-2024--1536x1346.jpg 1536w, https:\/\/diariodominicano.com\/wp-content\/uploads\/2024\/01\/PRD-EL-SEIBO-ENERO-2024--816x715.jpg 816w, https:\/\/diariodominicano.com\/wp-content\/uploads\/2024\/01\/PRD-EL-SEIBO-ENERO-2024-.jpg 1600w\" sizes=\"auto, (max-width: 1024px) 100vw, 1024px\" \/><\/figure>\n<\/div>\n\n\n<p>A su juicio, en la actualidad, el presupuesto del Estado est\u00e1 muy concentrado en la zona metropolitana del Distrito Nacional y la provincia Santo Domingo. Por tal motivo, ve necesario implementar \u201cuna pol\u00edtica distinta, que lleve el desarrollo a la gente de las dem\u00e1s regiones, provincias y municipios del pa\u00eds\u201d.<\/p>\n\n\n\n<p>\u201cPor eso me comprometo con mis compa\u00f1eros a alcaldes y alcaldesas a que, desde el gobierno de la Alianza Opositora Rescate RD, contribuiremos con un presupuesto equilibrado geogr\u00e1ficamente y tambi\u00e9n en t\u00e9rminos econ\u00f3micos\u201d, manifest\u00f3.<\/p>\n\n\n\n<p>El tambi\u00e9n presidente del PRD realiz\u00f3 estas declaraciones durante un acto en apoyo a los candidatos municipales del partido en El Seibo. Aqu\u00ed destac\u00f3 que esta es una de las provincias m\u00e1s empobrecidas de la naci\u00f3n. Adem\u00e1s, calific\u00f3 al actual Gobierno de \u201cineficiente e indolente\u201d ante la situaci\u00f3n de crisis que vive el pa\u00eds.<\/p>\n\n\n\n<p><strong>M\u00e1s detalles de la actividad<\/strong><\/p>\n\n\n\n<p>Durante un masivo evento, encabezado por Vargas, recibieron respaldo los candidatos locales&nbsp;<a>Ram\u00f3n Beras&nbsp;<\/a>(del Partido de la Liberaci\u00f3n Dominicana-PLD-) y Lidia de Padua (PRD). Estos aspiran a alcalde y vicealcaldesa de Santa Cruz, municipio cabecera de la provincia. Adem\u00e1s, fueron apoyados los que compiten para directores de distritos municipales.<\/p>\n\n\n\n<p>Participaron tambi\u00e9n el candidato a senador de la Alianza Opositora Rescate RD, Ulises de Beras, as\u00ed como a diputados, Guarionex Moreno y Andhy Esther Herrera. Igualmente, los presidentes provinciales H\u00e9ctor Rivera, del PRD, y Gerardo Casanova, del PLD, entre otros l\u00edderes nacionales, provinciales, municipales y distritales. \u00a0<\/p>\n\n\n\n<p>Comunicaci\u00f3n Integral Rep Dom<\/p>\n\n\n\n<p><a href=\"mailto:comunicacionintegralrepdom@gmail.com\" target=\"_blank\" rel=\"noreferrer noopener\">comunicacionintegralrepdom@gmail.com<\/a><\/p>\n","protected":false},"excerpt":{"rendered":"<p>diariodominicano.com El Seibo, 28 de enero, 2024.- El candidato presidencial del Partido Revolucionario Dominicano (PRD), Miguel Vargas Maldonado, afirm\u00f3 este domingo que la gesti\u00f3n gubernamental que encabezar\u00e1 la Alianza Opositora Rescat\u00e9 RD, a partir de agosto pr\u00f3ximo, distribuir\u00e1n el presupuesto nacional de manera equilibrada, en t\u00e9rminos geogr\u00e1ficos y econ\u00f3micos, para beneficiar a los municipios. A [&hellip;]<\/p>\n","protected":false},"author":5,"featured_media":504179,"comment_status":"closed","ping_status":"","sticky":true,"template":"","format":"standard","meta":{"footnotes":""},"categories":[22,27],"tags":[],"class_list":["post-504178","post","type-post","status-publish","format-standard","has-post-thumbnail","hentry","category-politica","category-portada"],"_links":{"self":[{"href":"https:\/\/diariodominicano.com\/index.php?rest_route=\/wp\/v2\/posts\/504178","targetHints":{"allow":["GET"]}}],"collection":[{"href":"https:\/\/diariodominicano.com\/index.php?rest_route=\/wp\/v2\/posts"}],"about":[{"href":"https:\/\/diariodominicano.com\/index.php?rest_route=\/wp\/v2\/types\/post"}],"author":[{"embeddable":true,"href":"https:\/\/diariodominicano.com\/index.php?rest_route=\/wp\/v2\/users\/5"}],"replies":[{"embeddable":true,"href":"https:\/\/diariodominicano.com\/index.php?rest_route=%2Fwp%2Fv2%2Fcomments&post=504178"}],"version-history":[{"count":1,"href":"https:\/\/diariodominicano.com\/index.php?rest_route=\/wp\/v2\/posts\/504178\/revisions"}],"predecessor-version":[{"id":504181,"href":"https:\/\/diariodominicano.com\/index.php?rest_route=\/wp\/v2\/posts\/504178\/revisions\/504181"}],"wp:featuredmedia":[{"embeddable":true,"href":"https:\/\/diariodominicano.com\/index.php?rest_route=\/wp\/v2\/media\/504179"}],"wp:attachment":[{"href":"https:\/\/diariodominicano.com\/index.php?rest_route=%2Fwp%2Fv2%2Fmedia&parent=504178"}],"wp:term":[{"taxonomy":"category","embeddable":true,"href":"https:\/\/diariodominicano.com\/index.php?rest_route=%2Fwp%2Fv2%2Fcategories&post=504178"},{"taxonomy":"post_tag","embeddable":true,"href":"https:\/\/diariodominicano.com\/index.php?rest_route=%2Fwp%2Fv2%2Ftags&post=504178"}],"curies":[{"name":"wp","href":"https:\/\/api.w.org\/{rel}","templated":true}]}}