{"id":50417,"date":"2020-08-21T22:37:52","date_gmt":"2020-08-21T22:37:52","guid":{"rendered":"http:\/\/diariodominicano.ddns.net\/?p=50417"},"modified":"2020-08-21T22:37:52","modified_gmt":"2020-08-21T22:37:52","slug":"turquia-reconvierte-en-mezquita-una-segunda-iglesia-de-estambul","status":"publish","type":"post","link":"https:\/\/diariodominicano.com\/?p=50417","title":{"rendered":"Turqu\u00eda reconvierte en mezquita una segunda iglesia de Estambul"},"content":{"rendered":"<p><body><\/p>\n<p><img decoding=\"async\" src=\"img3\/turquia-iglesia-salvador.jpg\" \/>  <\/p>\n<p><span class=\"text1noticias\"> <\/span><\/p>\n<p><span class=\"text1noticias\">diariodominicano.com<\/span><\/p>\n<p><span class=\"text1noticias\">Ankara, 21 ago (Prensa Latina) El gobierno de Turqu\u00eda public\u00f3 hoy un decreto presidencial para reconvertir en mezquita la antigua iglesia San Salvador de Cora, la segunda transformaci\u00f3n de este tipo en pocas semanas luego de la bas\u00edlica de Santa Sof\u00eda.<\/span><\/p>\n<p><span class=\"text1noticias\"> <\/span><\/p>\n<p><span class=\"text1noticias\">El texto rubricado por el jefe de Estado, Recep Tayyip Erdogan, establece la apertura al culto musulm\u00e1n del sitio ubicado en la occidental ciudad de Estambul, que desde 1958 funciona como un museo.<\/span><\/p>\n<p><span class=\"text1noticias\"> <\/span><\/p>\n<p><span class=\"text1noticias\">Con una historia similar a la de Santa Sof\u00eda, San Salvador de Cora fue construida en el siglo V por los bizantinos y fungi\u00f3 como iglesia ortodoxa hasta 1453, cuando fue convertida en mezquita a ra\u00edz de la conquista de Constantinopla por el imperio otomano.<\/span><\/p>\n<p><span class=\"text1noticias\"> <\/span><\/p>\n<p><span class=\"text1noticias\">Tras la Segunda Guerra Mundial (1939-1945) el lugar se someti\u00f3 a un vasto proceso de restauraci\u00f3n con el apoyo de especialistas internacionales, y fue reabierto al p\u00fablico en 1958 como el museo Cora.<\/span><\/p>\n<p><span class=\"text1noticias\"> <\/span><\/p>\n<p><span class=\"text1noticias\">Entre sus principales atractivos sobresalen los fabulosos mosaicos y frescos del siglo XIV, incluida una c\u00e9lebre representaci\u00f3n del Juicio Final.<\/span><\/p>\n<p><span class=\"text1noticias\"> <\/span><\/p>\n<p><span class=\"text1noticias\">Hace apenas un mes la bas\u00edlica de Santa Sof\u00eda &#8211; que tambi\u00e9n funcionaba como museo y est\u00e1 declarada Patrimonio de la Humanidad por la Unesco- fue reconvertida en mezquita, lo cual gener\u00f3 una ola de cuestionamientos a nivel nacional e internacional.<\/span><\/p>\n<p><span class=\"text1noticias\"> <\/span><\/p>\n<p><span class=\"text1noticias\">Diversos pa\u00edses y organizaciones como la Unesco lamentaron la decisi\u00f3n turca, por tratarse de un monumento de valor universal y con un significado especial para diversas culturas y civilizaciones.<\/span><\/p>\n<p><span class=\"text1noticias\"> <\/span><\/p>\n<p><span class=\"text1noticias\">ga\/lmg<\/span><\/p>\n<h6> 2020-08-21 22:37:52 <\/h6>\n<p><!--\n<link rel=\"stylesheet\" href=\"css\/bootstrap.min.css\">\n\n\n<ul class=\"pagination\">\n\t    \n\t\n\n<li >\n\t<a href='?page_no=295'>Previous<\/a>\n\t<\/li>\n\n\n       \n    \n\n<li><a href='?page_no=1'>1<\/a><\/li>\n\n\n\n<li><a href='?page_no=2'>2<\/a><\/li>\n\n\n\n<li><a>...<\/a><\/li>\n\n\n\n<li><a href='?page_no=294'>294<\/a><\/li>\n\n\n\n<li><a href='?page_no=295'>295<\/a><\/li>\n\n\n\n<li class='active'><a>296<\/a><\/li>\n\n\n\n<li><a href='?page_no=297'>297<\/a><\/li>\n\n\n\n<li><a href='?page_no=298'>298<\/a><\/li>\n\n\n\n<li><a>...<\/a><\/li>\n\n\n\n<li><a href='?page_no=22911'>22911<\/a><\/li>\n\n\n\n<li><a href='?page_no=22912'>22912<\/a><\/li>\n\n    \n\t\n\n<li >\n\t<a href='?page_no=297'>Next<\/a>\n\t<\/li>\n\n\n    \n\n<li><a href='?page_no=22912'>Last &rsaquo;&rsaquo;<\/a><\/li>\n\n<\/ul>\n\n\n--><br \/>\n<\/body><\/p>\n","protected":false},"excerpt":{"rendered":"<p>diariodominicano.com Ankara, 21 ago (Prensa Latina) El gobierno de Turqu\u00eda public\u00f3 hoy un decreto presidencial para reconvertir en mezquita la antigua iglesia San Salvador de Cora, la segunda transformaci\u00f3n de este tipo en pocas semanas luego de la bas\u00edlica de Santa Sof\u00eda. El texto rubricado por el jefe de Estado, Recep Tayyip Erdogan, establece la [&hellip;]<\/p>\n","protected":false},"author":3,"featured_media":0,"comment_status":"open","ping_status":"open","sticky":false,"template":"","format":"standard","meta":{"footnotes":""},"categories":[21],"tags":[],"class_list":["post-50417","post","type-post","status-publish","format-standard","hentry","category-cultura"],"_links":{"self":[{"href":"https:\/\/diariodominicano.com\/index.php?rest_route=\/wp\/v2\/posts\/50417","targetHints":{"allow":["GET"]}}],"collection":[{"href":"https:\/\/diariodominicano.com\/index.php?rest_route=\/wp\/v2\/posts"}],"about":[{"href":"https:\/\/diariodominicano.com\/index.php?rest_route=\/wp\/v2\/types\/post"}],"author":[{"embeddable":true,"href":"https:\/\/diariodominicano.com\/index.php?rest_route=\/wp\/v2\/users\/3"}],"replies":[{"embeddable":true,"href":"https:\/\/diariodominicano.com\/index.php?rest_route=%2Fwp%2Fv2%2Fcomments&post=50417"}],"version-history":[{"count":0,"href":"https:\/\/diariodominicano.com\/index.php?rest_route=\/wp\/v2\/posts\/50417\/revisions"}],"wp:attachment":[{"href":"https:\/\/diariodominicano.com\/index.php?rest_route=%2Fwp%2Fv2%2Fmedia&parent=50417"}],"wp:term":[{"taxonomy":"category","embeddable":true,"href":"https:\/\/diariodominicano.com\/index.php?rest_route=%2Fwp%2Fv2%2Fcategories&post=50417"},{"taxonomy":"post_tag","embeddable":true,"href":"https:\/\/diariodominicano.com\/index.php?rest_route=%2Fwp%2Fv2%2Ftags&post=50417"}],"curies":[{"name":"wp","href":"https:\/\/api.w.org\/{rel}","templated":true}]}}