{"id":504124,"date":"2024-01-28T18:19:14","date_gmt":"2024-01-28T22:19:14","guid":{"rendered":"https:\/\/diariodominicano.com\/?p=504124"},"modified":"2024-01-28T18:23:56","modified_gmt":"2024-01-28T22:23:56","slug":"capacitan-a-mas-de-200-fiscales-electorales-en-derecho-penal-electoral-a-nivel-nacional-el-iespec-y-el-ies-enmp","status":"publish","type":"post","link":"https:\/\/diariodominicano.com\/?p=504124","title":{"rendered":"Capacitan a m\u00e1s de 200 fiscales electorales en Derecho Penal Electoral a nivel nacional: El IESPEC y el IES-ENMP"},"content":{"rendered":"\n<p>La mesa de honor estuvo encabezada por el presidente de la JCE y presidente de la Junta Regente del IESPEC, Rom\u00e1n Andr\u00e9s J\u00e1quez Liranzo; el rector interino del IESPEC, Felipe Carvajal; la rectora del IES-ENMP, Marien Montero Beard; la procuradora fiscal titular del DN, Rosalba Ramos; y el procurador especializado contra Delitos Electorales, Iv\u00e1n Feliz Vargas.<\/p>\n\n\n\n<figure class=\"wp-block-image size-large\"><img loading=\"lazy\" decoding=\"async\" width=\"1024\" height=\"682\" src=\"https:\/\/diariodominicano.com\/wp-content\/uploads\/2024\/01\/IESPEC-IES-2-1024x682.jpeg\" alt=\"\" class=\"wp-image-504127\" srcset=\"https:\/\/diariodominicano.com\/wp-content\/uploads\/2024\/01\/IESPEC-IES-2-1024x682.jpeg 1024w, https:\/\/diariodominicano.com\/wp-content\/uploads\/2024\/01\/IESPEC-IES-2-300x200.jpeg 300w, https:\/\/diariodominicano.com\/wp-content\/uploads\/2024\/01\/IESPEC-IES-2-768x512.jpeg 768w, https:\/\/diariodominicano.com\/wp-content\/uploads\/2024\/01\/IESPEC-IES-2-816x544.jpeg 816w, https:\/\/diariodominicano.com\/wp-content\/uploads\/2024\/01\/IESPEC-IES-2.jpeg 1280w\" sizes=\"auto, (max-width: 1024px) 100vw, 1024px\" \/><\/figure>\n\n\n\n<figure class=\"wp-block-image size-large\"><img loading=\"lazy\" decoding=\"async\" width=\"1024\" height=\"682\" src=\"https:\/\/diariodominicano.com\/wp-content\/uploads\/2024\/01\/IESPEC-IES-4-1024x682.jpeg\" alt=\"\" class=\"wp-image-504129\" srcset=\"https:\/\/diariodominicano.com\/wp-content\/uploads\/2024\/01\/IESPEC-IES-4-1024x682.jpeg 1024w, https:\/\/diariodominicano.com\/wp-content\/uploads\/2024\/01\/IESPEC-IES-4-300x200.jpeg 300w, https:\/\/diariodominicano.com\/wp-content\/uploads\/2024\/01\/IESPEC-IES-4-768x512.jpeg 768w, https:\/\/diariodominicano.com\/wp-content\/uploads\/2024\/01\/IESPEC-IES-4-816x544.jpeg 816w, https:\/\/diariodominicano.com\/wp-content\/uploads\/2024\/01\/IESPEC-IES-4.jpeg 1280w\" sizes=\"auto, (max-width: 1024px) 100vw, 1024px\" \/><\/figure>\n\n\n\n<p><strong>Santo Domingo, RD<\/strong>. &#8211; El Instituto Especializado Superior en Formaci\u00f3n Pol\u00edtica Electoral y del Estado Civil (IESPEC) y la Escuela Nacional del Ministerio P\u00fablico (IES-ENMP) dieron apertura el pasado s\u00e1bado al curso especializado en Derecho Penal Electoral dirigido a m\u00e1s de 200 fiscales a nivel nacional, inform\u00f3 el domingo la Junta Central Electoral..<\/p>\n\n\n\n<p>La mesa de honor estuvo encabezada por el presidente de la JCE y presidente de la Junta Regente del IESPEC, Rom\u00e1n Andr\u00e9s J\u00e1quez Liranzo; el rector interino del IESPEC, Felipe Carvajal; la rectora del IES-ENMP, Marien Montero Beard; la procuradora fiscal titular del DN, Rosalba Ramos; y el procurador especializado contra Delitos Electorales, Iv\u00e1n Feliz Vargas. Tambi\u00e9n estuvieron presentes por el IESPEC la vicerrectora docente interina, Daiyud Bret\u00f3n Alba; Laura Casado, vicerrectora interina de Investigaciones y Posgrado; el vicerrector administrativo, Jos\u00e9 Ram\u00edrez; y el secretario interino del Consejo Acad\u00e9mico Administrativo, Joel Rosario.<\/p>\n\n\n\n<figure class=\"wp-block-image size-large\"><img loading=\"lazy\" decoding=\"async\" width=\"1024\" height=\"683\" src=\"https:\/\/diariodominicano.com\/wp-content\/uploads\/2024\/01\/IESPEC-IES-1-1024x683.jpeg\" alt=\"\" class=\"wp-image-504130\" srcset=\"https:\/\/diariodominicano.com\/wp-content\/uploads\/2024\/01\/IESPEC-IES-1-1024x683.jpeg 1024w, https:\/\/diariodominicano.com\/wp-content\/uploads\/2024\/01\/IESPEC-IES-1-300x200.jpeg 300w, https:\/\/diariodominicano.com\/wp-content\/uploads\/2024\/01\/IESPEC-IES-1-768x512.jpeg 768w, https:\/\/diariodominicano.com\/wp-content\/uploads\/2024\/01\/IESPEC-IES-1-1536x1024.jpeg 1536w, https:\/\/diariodominicano.com\/wp-content\/uploads\/2024\/01\/IESPEC-IES-1-816x544.jpeg 816w, https:\/\/diariodominicano.com\/wp-content\/uploads\/2024\/01\/IESPEC-IES-1.jpeg 1599w\" sizes=\"auto, (max-width: 1024px) 100vw, 1024px\" \/><\/figure>\n\n\n\n<p>El curso consta de dos m\u00f3dulos presenciales y ser\u00e1 ofrecido por docentes capacitados en el \u00e1rea. Esta jornada educativa se desarrollar\u00e1 simult\u00e1neamente en el Distrito Nacional, Santiago de los Caballeros, San Francisco de Macor\u00eds, La Vega, Santiago Rodr\u00edguez, La Romana, Azua y Barahona.<\/p>\n\n\n\n<figure class=\"wp-block-image size-large\"><img loading=\"lazy\" decoding=\"async\" width=\"682\" height=\"1024\" src=\"https:\/\/diariodominicano.com\/wp-content\/uploads\/2024\/01\/IESPEC-IES-8-682x1024.jpeg\" alt=\"\" class=\"wp-image-504132\" srcset=\"https:\/\/diariodominicano.com\/wp-content\/uploads\/2024\/01\/IESPEC-IES-8-682x1024.jpeg 682w, https:\/\/diariodominicano.com\/wp-content\/uploads\/2024\/01\/IESPEC-IES-8-200x300.jpeg 200w, https:\/\/diariodominicano.com\/wp-content\/uploads\/2024\/01\/IESPEC-IES-8-768x1152.jpeg 768w, https:\/\/diariodominicano.com\/wp-content\/uploads\/2024\/01\/IESPEC-IES-8-816x1224.jpeg 816w, https:\/\/diariodominicano.com\/wp-content\/uploads\/2024\/01\/IESPEC-IES-8.jpeg 853w\" sizes=\"auto, (max-width: 682px) 100vw, 682px\" \/><\/figure>\n\n\n\n<p>J\u00e1quez Liranzo, al ofrecer las palabras de apertura, manifest\u00f3 que este era un escenario hist\u00f3rico donde se le estaba dando la importancia a la investigaci\u00f3n y persecuci\u00f3n de los cr\u00edmenes y delitos electorales y precis\u00f3 que \u00abla idea de este curso es que los participantes aprendan de los docentes y a la vez los docentes de ellos\u00bb.<\/p>\n\n\n\n<p>El presidente de la JCE y de la Junta Regente del IESPEC puntualiz\u00f3 que \u201cel poder judicial tiene la responsabilidad de juzgar los delitos electorales, y conf\u00edo en que el Ministerio P\u00fablico actuar\u00e1 con firmeza contra aquellos que infrinjan la Ley Electoral\u201d.<\/p>\n\n\n\n<figure class=\"wp-block-image size-large\"><img loading=\"lazy\" decoding=\"async\" width=\"1024\" height=\"682\" src=\"https:\/\/diariodominicano.com\/wp-content\/uploads\/2024\/01\/IESPEC-IES-3-1024x682.jpeg\" alt=\"\" class=\"wp-image-504133\" srcset=\"https:\/\/diariodominicano.com\/wp-content\/uploads\/2024\/01\/IESPEC-IES-3-1024x682.jpeg 1024w, https:\/\/diariodominicano.com\/wp-content\/uploads\/2024\/01\/IESPEC-IES-3-300x200.jpeg 300w, https:\/\/diariodominicano.com\/wp-content\/uploads\/2024\/01\/IESPEC-IES-3-768x512.jpeg 768w, https:\/\/diariodominicano.com\/wp-content\/uploads\/2024\/01\/IESPEC-IES-3-816x544.jpeg 816w, https:\/\/diariodominicano.com\/wp-content\/uploads\/2024\/01\/IESPEC-IES-3.jpeg 1280w\" sizes=\"auto, (max-width: 1024px) 100vw, 1024px\" \/><\/figure>\n\n\n\n<p>J\u00e1quez Liranzo agreg\u00f3 que el evento se est\u00e1 conectando de manera simult\u00e1nea con m\u00e1s de 200 fiscales, los cuales se est\u00e1n capacitando y reflexionando sobre lo penal electoral.<\/p>\n\n\n\n<p>De su lado el rector interino del IESPEC, Felipe Carvajal, manifest\u00f3 que este es el resultado concreto del acuerdo de cooperaci\u00f3n interinstitucional firmado entre el IES-ENMP y el IESPEC, derivado de la necesidad de enfrentar el flagelo de los delitos electorales y en funci\u00f3n del apego de la JCE al principio de legalidad, contemplado en el art\u00edculo 330 de la Ley 20-23.<\/p>\n\n\n\n<p>En tanto que el procurador especializado en Delitos Electorales, Iv\u00e1n Feliz, asegur\u00f3 que con este curso especializado en Derecho Penal Electoral y Procedimiento Penal Electoral, se marca un hito en materia electoral.<\/p>\n\n\n\n<figure class=\"wp-block-image size-large\"><img loading=\"lazy\" decoding=\"async\" width=\"1024\" height=\"682\" src=\"https:\/\/diariodominicano.com\/wp-content\/uploads\/2024\/01\/IESPEC-IES-6-1024x682.jpeg\" alt=\"\" class=\"wp-image-504134\" srcset=\"https:\/\/diariodominicano.com\/wp-content\/uploads\/2024\/01\/IESPEC-IES-6-1024x682.jpeg 1024w, https:\/\/diariodominicano.com\/wp-content\/uploads\/2024\/01\/IESPEC-IES-6-300x200.jpeg 300w, https:\/\/diariodominicano.com\/wp-content\/uploads\/2024\/01\/IESPEC-IES-6-768x512.jpeg 768w, https:\/\/diariodominicano.com\/wp-content\/uploads\/2024\/01\/IESPEC-IES-6-816x544.jpeg 816w, https:\/\/diariodominicano.com\/wp-content\/uploads\/2024\/01\/IESPEC-IES-6.jpeg 1280w\" sizes=\"auto, (max-width: 1024px) 100vw, 1024px\" \/><\/figure>\n\n\n\n<p>La actividad se celebr\u00f3 en el auditorio C\u00e9sar Estrella Sadhal\u00e1 del IESPEC.<\/p>\n\n\n\n<p>Direcci\u00f3n de Comunicaciones<\/p>\n\n\n\n<p>Domingo 28 de enero de 2024<\/p>\n","protected":false},"excerpt":{"rendered":"<p>La mesa de honor estuvo encabezada por el presidente de la JCE y presidente de la Junta Regente del IESPEC, Rom\u00e1n Andr\u00e9s J\u00e1quez Liranzo; el rector interino del IESPEC, Felipe Carvajal; la rectora del IES-ENMP, Marien Montero Beard; la procuradora fiscal titular del DN, Rosalba Ramos; y el procurador especializado contra Delitos Electorales, Iv\u00e1n Feliz [&hellip;]<\/p>\n","protected":false},"author":28,"featured_media":504125,"comment_status":"closed","ping_status":"","sticky":true,"template":"","format":"standard","meta":{"footnotes":""},"categories":[20,22,27],"tags":[],"class_list":["post-504124","post","type-post","status-publish","format-standard","has-post-thumbnail","hentry","category-dominicana-hoy","category-politica","category-portada"],"_links":{"self":[{"href":"https:\/\/diariodominicano.com\/index.php?rest_route=\/wp\/v2\/posts\/504124","targetHints":{"allow":["GET"]}}],"collection":[{"href":"https:\/\/diariodominicano.com\/index.php?rest_route=\/wp\/v2\/posts"}],"about":[{"href":"https:\/\/diariodominicano.com\/index.php?rest_route=\/wp\/v2\/types\/post"}],"author":[{"embeddable":true,"href":"https:\/\/diariodominicano.com\/index.php?rest_route=\/wp\/v2\/users\/28"}],"replies":[{"embeddable":true,"href":"https:\/\/diariodominicano.com\/index.php?rest_route=%2Fwp%2Fv2%2Fcomments&post=504124"}],"version-history":[{"count":4,"href":"https:\/\/diariodominicano.com\/index.php?rest_route=\/wp\/v2\/posts\/504124\/revisions"}],"predecessor-version":[{"id":504135,"href":"https:\/\/diariodominicano.com\/index.php?rest_route=\/wp\/v2\/posts\/504124\/revisions\/504135"}],"wp:featuredmedia":[{"embeddable":true,"href":"https:\/\/diariodominicano.com\/index.php?rest_route=\/wp\/v2\/media\/504125"}],"wp:attachment":[{"href":"https:\/\/diariodominicano.com\/index.php?rest_route=%2Fwp%2Fv2%2Fmedia&parent=504124"}],"wp:term":[{"taxonomy":"category","embeddable":true,"href":"https:\/\/diariodominicano.com\/index.php?rest_route=%2Fwp%2Fv2%2Fcategories&post=504124"},{"taxonomy":"post_tag","embeddable":true,"href":"https:\/\/diariodominicano.com\/index.php?rest_route=%2Fwp%2Fv2%2Ftags&post=504124"}],"curies":[{"name":"wp","href":"https:\/\/api.w.org\/{rel}","templated":true}]}}