{"id":504089,"date":"2024-01-28T12:35:15","date_gmt":"2024-01-28T16:35:15","guid":{"rendered":"https:\/\/diariodominicano.com\/?p=504089"},"modified":"2024-01-28T12:35:15","modified_gmt":"2024-01-28T16:35:15","slug":"exalta-presidente-de-cuba-vigencia-de-ideas-de-jose-marti","status":"publish","type":"post","link":"https:\/\/diariodominicano.com\/?p=504089","title":{"rendered":"Exalta presidente de Cuba vigencia de ideas de Jos\u00e9 Mart\u00ed"},"content":{"rendered":"\n<p>La Habana, 28 ene (Prensa Latina) El presidente de Cuba, Miguel D\u00edaz-Canel, exalt\u00f3 hoy la vigencia de las ideas del H\u00e9roe Nacional, Jos\u00e9 Mart\u00ed, en el aniversario 171 de su natalicio.<\/p>\n\n\n\n<ul class=\"wp-block-list\">\n<li>enero 28, 2024<\/li>\n\n\n\n<li>CST08:40 (GMT) -0500<\/li>\n<\/ul>\n\n\n\n<p>En su cuenta en la red social X, el mandatario record\u00f3 palabras del l\u00edder hist\u00f3rico de la Revoluci\u00f3n cubana, Fidel Castro, enunciadas el 28 de enero de 1990, referidas a la necesidad de mantener vigente los pensamientos, ideas y virtudes de Mart\u00ed.<\/p>\n\n\n\n<p>\u00abEste 28 de enero, decimos que Cuba necesita m\u00e1s que nunca del pensamiento, las ideas y las virtudes de Mart\u00ed y de Fidel\u00bb, subray\u00f3 D\u00edaz-Canel en la plataforma.<\/p>\n\n\n\n<p>Dirigentes de la naci\u00f3n caribe\u00f1a rememoraron en la red social la vida y obra del aqu\u00ed conocido como Ap\u00f3stol de la Independencia, a la vez que exaltaron la influencia de su legado revolucionario.<\/p>\n\n\n\n<p>Jos\u00e9 Mart\u00ed fue un insigne patriota, destacado pol\u00edtico, escritor, pensador, docente y periodista, autor de textos con una visi\u00f3n revolucionaria sobre el papel de los pueblos de Am\u00e9rica frente al dominio creciente de Estados Unidos.<\/p>\n\n\n\n<p>Su elevada cultura y especial sensibilidad le permitieron dejar a sus 42 a\u00f1os una vasta obra escrita, de singular estilo y belleza, que constituye referente imprescindible para todas las generaciones de cubanos.<\/p>\n\n\n\n<p>lam\/mks<\/p>\n","protected":false},"excerpt":{"rendered":"<p>La Habana, 28 ene (Prensa Latina) El presidente de Cuba, Miguel D\u00edaz-Canel, exalt\u00f3 hoy la vigencia de las ideas del H\u00e9roe Nacional, Jos\u00e9 Mart\u00ed, en el aniversario 171 de su natalicio. En su cuenta en la red social X, el mandatario record\u00f3 palabras del l\u00edder hist\u00f3rico de la Revoluci\u00f3n cubana, Fidel Castro, enunciadas el 28 [&hellip;]<\/p>\n","protected":false},"author":28,"featured_media":504090,"comment_status":"closed","ping_status":"","sticky":false,"template":"","format":"standard","meta":{"footnotes":""},"categories":[26],"tags":[],"class_list":["post-504089","post","type-post","status-publish","format-standard","has-post-thumbnail","hentry","category-efemerides"],"_links":{"self":[{"href":"https:\/\/diariodominicano.com\/index.php?rest_route=\/wp\/v2\/posts\/504089","targetHints":{"allow":["GET"]}}],"collection":[{"href":"https:\/\/diariodominicano.com\/index.php?rest_route=\/wp\/v2\/posts"}],"about":[{"href":"https:\/\/diariodominicano.com\/index.php?rest_route=\/wp\/v2\/types\/post"}],"author":[{"embeddable":true,"href":"https:\/\/diariodominicano.com\/index.php?rest_route=\/wp\/v2\/users\/28"}],"replies":[{"embeddable":true,"href":"https:\/\/diariodominicano.com\/index.php?rest_route=%2Fwp%2Fv2%2Fcomments&post=504089"}],"version-history":[{"count":1,"href":"https:\/\/diariodominicano.com\/index.php?rest_route=\/wp\/v2\/posts\/504089\/revisions"}],"predecessor-version":[{"id":504091,"href":"https:\/\/diariodominicano.com\/index.php?rest_route=\/wp\/v2\/posts\/504089\/revisions\/504091"}],"wp:featuredmedia":[{"embeddable":true,"href":"https:\/\/diariodominicano.com\/index.php?rest_route=\/wp\/v2\/media\/504090"}],"wp:attachment":[{"href":"https:\/\/diariodominicano.com\/index.php?rest_route=%2Fwp%2Fv2%2Fmedia&parent=504089"}],"wp:term":[{"taxonomy":"category","embeddable":true,"href":"https:\/\/diariodominicano.com\/index.php?rest_route=%2Fwp%2Fv2%2Fcategories&post=504089"},{"taxonomy":"post_tag","embeddable":true,"href":"https:\/\/diariodominicano.com\/index.php?rest_route=%2Fwp%2Fv2%2Ftags&post=504089"}],"curies":[{"name":"wp","href":"https:\/\/api.w.org\/{rel}","templated":true}]}}