{"id":504086,"date":"2024-01-28T12:28:14","date_gmt":"2024-01-28T16:28:14","guid":{"rendered":"https:\/\/diariodominicano.com\/?p=504086"},"modified":"2024-01-28T12:28:14","modified_gmt":"2024-01-28T16:28:14","slug":"canciller-de-venezuela-evoco-auschwitz-y-pidio-luchar-contra-el-odio","status":"publish","type":"post","link":"https:\/\/diariodominicano.com\/?p=504086","title":{"rendered":"Canciller de Venezuela evoc\u00f3 Auschwitz y pidi\u00f3 luchar contra el odio"},"content":{"rendered":"\n<p>Caracas, 27 ene (Prensa Latina) El ministro para Relaciones Exteriores de Venezuela, Yv\u00e1n Gil, llam\u00f3 hoy a rescatar el compromiso del mundo de luchar contra el odio y la intolerancia en todas sus formas.<\/p>\n\n\n\n<ul class=\"wp-block-list\">\n<li>enero 27, 2024<\/li>\n\n\n\n<li>CST11:42 (GMT) -0500<\/li>\n<\/ul>\n\n\n\n<p>As\u00ed lo manifest\u00f3 el jefe de la diplomacia bolivarianar en su cuenta X, al recordar este s\u00e1bado el aniversario 79 de la liberaci\u00f3n de Auschwitz el 27 de enero de 1945, que, dijo, marc\u00f3 el fin de uno de los cap\u00edtulos m\u00e1s oscuros de la historia humana.<\/p>\n\n\n\n<p>Gil se\u00f1al\u00f3 en su mensaje que las tropas sovi\u00e9ticas llegaron al campo de concentraci\u00f3n y exterminio nazi, y all\u00ed encontraron a miles de prisioneros en condiciones inhumanas.<\/p>\n\n\n\n<p>Este tr\u00e1gico evento sirvi\u00f3 como un \u201crecordatorio sombr\u00edo\u201d de la crueldad y la barbarie del Holocausto e impuls\u00f3 \u201cun compromiso global para luchar contra el odio y la intolerancia en todas sus formas\u201d, subray\u00f3.<\/p>\n\n\n\n<p>El jefe de la diplomacia bolivariana apunt\u00f3 que hoy en d\u00eda \u201cdebemos rescatar ese compromiso\u201d, luchando contra la barbarie que atraviesa el pueblo palestino desde hace 75 a\u00f1os y espec\u00edficamente el actual genocidio en Gaza, perpetrado por Israel con el apoyo financiero y pol\u00edtico de Estados Unidos.<\/p>\n\n\n\n<p>Record\u00f3 que van m\u00e1s de 23 mil palestinos asesinados, con miles y miles m\u00e1s desaparecidos bajo los escombros, miles de ni\u00f1os asesinados, desahuciados y aterrorizados, y llam\u00f3 a que el \u201cgenocidio debe parar\u201d.<\/p>\n\n\n\n<p>rgh\/jcd<\/p>\n","protected":false},"excerpt":{"rendered":"<p>Caracas, 27 ene (Prensa Latina) El ministro para Relaciones Exteriores de Venezuela, Yv\u00e1n Gil, llam\u00f3 hoy a rescatar el compromiso del mundo de luchar contra el odio y la intolerancia en todas sus formas. As\u00ed lo manifest\u00f3 el jefe de la diplomacia bolivarianar en su cuenta X, al recordar este s\u00e1bado el aniversario 79 de [&hellip;]<\/p>\n","protected":false},"author":28,"featured_media":504087,"comment_status":"closed","ping_status":"","sticky":false,"template":"","format":"standard","meta":{"footnotes":""},"categories":[26,23],"tags":[],"class_list":["post-504086","post","type-post","status-publish","format-standard","has-post-thumbnail","hentry","category-efemerides","category-internacional"],"_links":{"self":[{"href":"https:\/\/diariodominicano.com\/index.php?rest_route=\/wp\/v2\/posts\/504086","targetHints":{"allow":["GET"]}}],"collection":[{"href":"https:\/\/diariodominicano.com\/index.php?rest_route=\/wp\/v2\/posts"}],"about":[{"href":"https:\/\/diariodominicano.com\/index.php?rest_route=\/wp\/v2\/types\/post"}],"author":[{"embeddable":true,"href":"https:\/\/diariodominicano.com\/index.php?rest_route=\/wp\/v2\/users\/28"}],"replies":[{"embeddable":true,"href":"https:\/\/diariodominicano.com\/index.php?rest_route=%2Fwp%2Fv2%2Fcomments&post=504086"}],"version-history":[{"count":1,"href":"https:\/\/diariodominicano.com\/index.php?rest_route=\/wp\/v2\/posts\/504086\/revisions"}],"predecessor-version":[{"id":504088,"href":"https:\/\/diariodominicano.com\/index.php?rest_route=\/wp\/v2\/posts\/504086\/revisions\/504088"}],"wp:featuredmedia":[{"embeddable":true,"href":"https:\/\/diariodominicano.com\/index.php?rest_route=\/wp\/v2\/media\/504087"}],"wp:attachment":[{"href":"https:\/\/diariodominicano.com\/index.php?rest_route=%2Fwp%2Fv2%2Fmedia&parent=504086"}],"wp:term":[{"taxonomy":"category","embeddable":true,"href":"https:\/\/diariodominicano.com\/index.php?rest_route=%2Fwp%2Fv2%2Fcategories&post=504086"},{"taxonomy":"post_tag","embeddable":true,"href":"https:\/\/diariodominicano.com\/index.php?rest_route=%2Fwp%2Fv2%2Ftags&post=504086"}],"curies":[{"name":"wp","href":"https:\/\/api.w.org\/{rel}","templated":true}]}}