{"id":504077,"date":"2024-01-28T12:20:17","date_gmt":"2024-01-28T16:20:17","guid":{"rendered":"https:\/\/diariodominicano.com\/?p=504077"},"modified":"2024-01-28T12:20:17","modified_gmt":"2024-01-28T16:20:17","slug":"revolucion-bolivariana-enarbola-legado-de-marti-afirma-canciller","status":"publish","type":"post","link":"https:\/\/diariodominicano.com\/?p=504077","title":{"rendered":"Revoluci\u00f3n bolivariana enarbola legado de Mart\u00ed, afirma canciller"},"content":{"rendered":"\n<p>Caracas, 28 ene (Prensa Latina) El ministro para Relaciones Exteriores de Venezuela, Yv\u00e1n Gil, afirm\u00f3 hoy que la Revoluci\u00f3n bolivariana orgullosamente contin\u00faa enarbolando el legado de Jos\u00e9 Mart\u00ed.<\/p>\n\n\n\n<ul class=\"wp-block-list\">\n<li>enero 28, 2024<\/li>\n\n\n\n<li>CST10:44 (GMT) -0500<\/li>\n<\/ul>\n\n\n\n<p>Como un recordatorio de que, incluso en medio de las adversidades, podemos continuar transformando el mundo, expres\u00f3 el alto diplom\u00e1tico en su cuenta X, al evocar este domingo el aniversario 171 del natalicio del H\u00e9roe Nacional de Cuba.<\/p>\n\n\n\n<p>El jefe de la diplomacia venezolana consider\u00f3 al Ap\u00f3stol cubano un \u201cgran l\u00edder intelectual y apasionado por la lectura\u201d, y destac\u00f3 que Mart\u00ed abog\u00f3 por la unidad de todos los cubanos contra la opresi\u00f3n espa\u00f1ola y \u201ccre\u00eda firmemente en la necesidad de una Cuba libre y soberana\u201d.<\/p>\n\n\n\n<p>Signific\u00f3 que a lo largo de su vida, el pol\u00edtico e intelectual revolucionario enfrent\u00f3 numerosos desaf\u00edos y sacrificios, pero nunca renunci\u00f3 a sus ideales.<\/p>\n\n\n\n<p>Su valent\u00eda, su compromiso con la justicia y su visi\u00f3n de un futuro mejor para su pa\u00eds contin\u00faan inspirando a las generaciones actuales y futuras, subray\u00f3 Gil.<\/p>\n\n\n\n<p>En la plaza que lleva el nombre del insigne patriota, el Movimiento de Amistad y Solidaria Mutua Venezuela Cuba, diputados, dirigentes juveniles, representantes de partidos pol\u00edticos, movimientos sociales y del cuerpo diplom\u00e1tico de la isla acreditado, rindieron tributo anoche a Mart\u00ed.<\/p>\n\n\n\n<p>Ante el busto que inmortaliza a la eternidad al m\u00e1s universal de los cubanos, se habl\u00f3 de amistad, solidaridad y cooperaci\u00f3n mutua en los m\u00e1s diversos sectores como el de la salud y la educaci\u00f3n, y por eso, el agradecimiento a la Misi\u00f3n M\u00e9dica de la isla por sus miles de vidas salvadas.<\/p>\n\n\n\n<p>\u201cAmor con amor se paga\u201d, dijo una vez el h\u00e9roe cubano, y qued\u00f3 ratificado aqu\u00ed cuando uno de los oradores afirm\u00f3 que \u201csiempre el pueblo cubano tendr\u00e1 una mano amiga y solidaria del pueblo venezolano\u201d.<\/p>\n\n\n\n<p>Los participantes -como se va haciendo tradicional- reeditaron la Marcha de las Antorchas que cada a\u00f1o organiza la juventud cubana, en homenaje a aquella que, en la medianoche del 27 de enero de 1953, realiz\u00f3 la Generaci\u00f3n del Centenario, v\u00edsperas del cumplea\u00f1os del h\u00e9roe.<\/p>\n\n\n\n<p>Dagoberto Rodr\u00edguez, embajador de La Habana en Caracas, agradeci\u00f3 a los organizadores el homenaje y se\u00f1al\u00f3 que este no es solo una manera de honrar a Mart\u00ed, sino tambi\u00e9n es una \u201cdemostraci\u00f3n de los lazos de hermandad, de la alianza y unidad\u201d de los pueblos cubano y venezolano.<\/p>\n\n\n\n<p>lam\/jcd<\/p>\n","protected":false},"excerpt":{"rendered":"<p>Caracas, 28 ene (Prensa Latina) El ministro para Relaciones Exteriores de Venezuela, Yv\u00e1n Gil, afirm\u00f3 hoy que la Revoluci\u00f3n bolivariana orgullosamente contin\u00faa enarbolando el legado de Jos\u00e9 Mart\u00ed. Como un recordatorio de que, incluso en medio de las adversidades, podemos continuar transformando el mundo, expres\u00f3 el alto diplom\u00e1tico en su cuenta X, al evocar este [&hellip;]<\/p>\n","protected":false},"author":28,"featured_media":504078,"comment_status":"closed","ping_status":"","sticky":false,"template":"","format":"standard","meta":{"footnotes":""},"categories":[26,23],"tags":[],"class_list":["post-504077","post","type-post","status-publish","format-standard","has-post-thumbnail","hentry","category-efemerides","category-internacional"],"_links":{"self":[{"href":"https:\/\/diariodominicano.com\/index.php?rest_route=\/wp\/v2\/posts\/504077","targetHints":{"allow":["GET"]}}],"collection":[{"href":"https:\/\/diariodominicano.com\/index.php?rest_route=\/wp\/v2\/posts"}],"about":[{"href":"https:\/\/diariodominicano.com\/index.php?rest_route=\/wp\/v2\/types\/post"}],"author":[{"embeddable":true,"href":"https:\/\/diariodominicano.com\/index.php?rest_route=\/wp\/v2\/users\/28"}],"replies":[{"embeddable":true,"href":"https:\/\/diariodominicano.com\/index.php?rest_route=%2Fwp%2Fv2%2Fcomments&post=504077"}],"version-history":[{"count":1,"href":"https:\/\/diariodominicano.com\/index.php?rest_route=\/wp\/v2\/posts\/504077\/revisions"}],"predecessor-version":[{"id":504079,"href":"https:\/\/diariodominicano.com\/index.php?rest_route=\/wp\/v2\/posts\/504077\/revisions\/504079"}],"wp:featuredmedia":[{"embeddable":true,"href":"https:\/\/diariodominicano.com\/index.php?rest_route=\/wp\/v2\/media\/504078"}],"wp:attachment":[{"href":"https:\/\/diariodominicano.com\/index.php?rest_route=%2Fwp%2Fv2%2Fmedia&parent=504077"}],"wp:term":[{"taxonomy":"category","embeddable":true,"href":"https:\/\/diariodominicano.com\/index.php?rest_route=%2Fwp%2Fv2%2Fcategories&post=504077"},{"taxonomy":"post_tag","embeddable":true,"href":"https:\/\/diariodominicano.com\/index.php?rest_route=%2Fwp%2Fv2%2Ftags&post=504077"}],"curies":[{"name":"wp","href":"https:\/\/api.w.org\/{rel}","templated":true}]}}