{"id":504073,"date":"2024-01-28T12:22:24","date_gmt":"2024-01-28T16:22:24","guid":{"rendered":"https:\/\/diariodominicano.com\/?p=504073"},"modified":"2024-01-28T12:22:24","modified_gmt":"2024-01-28T16:22:24","slug":"pld-ganara-las-elecciones-asegura-el-expresidente-danilo-medina","status":"publish","type":"post","link":"https:\/\/diariodominicano.com\/?p=504073","title":{"rendered":"PLD ganar\u00e1 las elecciones, asegura el expresidente Danilo Medina"},"content":{"rendered":"\n<p>diariodominicano.com<\/p>\n\n\n\n<p>Santo Domingo, R. D.,\u200228 de enero, 2024.- El ex presidente de la Rep\u00fablica, Danilo Medina, presidente del Partido de la Liberaci\u00f3n Dominicana (PLD), reiter\u00f3 su afirmaci\u00f3n de un triunfo contundente de esa organizaci\u00f3n y la oposici\u00f3n en las elecciones del pr\u00f3ximo mes de febrero.<\/p>\n\n\n\n<p>\u201cEs que estamos m\u00e1s que seguro con el triunfo aqu\u00ed y en todo el pa\u00eds\u201d,&nbsp; fue la respuesta que ofreci\u00f3 a los periodistas que le abordaron en una de las calles de la Circunscripci\u00f3n Dos del Municipio Este en donde particip\u00f3 en la marcha\u2019-caravana encabezada por Abel Mart\u00ednez, candidato presidencial en respaldo de Luis Alberto Tejeda, candidato a la alcald\u00eda y a Cristina Lizardo a la senadur\u00eda de la provincia Santo Domingo.&nbsp;&nbsp;<\/p>\n\n\n\n<p>Danilo Medina, ocupando el asiento delantero del veh\u00edculo en el que se desplazaba, hizo todo el recorrido, siendo recibido con alegr\u00eda y entusiasmo por las calles donde circul\u00f3 la caravana.<\/p>\n\n\n\n<p>Reiter\u00f3 que el 18 de febrero pr\u00f3ximo, d\u00eda de las elecciones municipales,&nbsp;&nbsp;est\u00e1 marcado como un \u201cpunto de inflexi\u00f3n\u201d, significando as\u00ed el giro que dar\u00e1 el electorado a favor de las candidaturas opositoras.<\/p>\n\n\n\n<p>\u201cQue esperen el d\u00eda 18 (de febrero), se llevar\u00e1n tremenda sorpresa\u201d , respondi\u00f3 Danilo Medina a la pregunta del periodista que le abord\u00f3 citando las afirmaciones oficialistas de que ganar\u00edan las elecciones.<\/p>\n\n\n\n<p>El dos veces presidente de la Rep\u00fablica dijo no sentirse sorprendido con la gran acogida dada a Abel Mart\u00ednez, a Luis Alberto Tejeda y a Cristina Lizardo en el recorrido realizado por los sectores Las Lilas, Los Tres Brazos, Los Jardines del Ozama, Mois\u00e9s, Puerto Rico y Katanga de la Circunscripci\u00f3n Dos del Municipio Santo Domingo Este.<\/p>\n\n\n\n<p>En una parada del recorrido de siete kil\u00f3metros, Abel Mart\u00ednez, candidato presidencial del PLD,&nbsp;&nbsp;asegur\u00f3&nbsp;&nbsp;el pueblo dominicano le pasar\u00e1 el rolo al PRM por lo malo que han sido gobernando, proyect\u00f3 tambi\u00e9n un seguro triunfo de Luis Alberto el pr\u00f3ximo febrero, porque el PRM&nbsp;&nbsp;no dio pie con bolas para combatir la basura y el desorden que se est\u00e1 viviendo en Santo Domingo Este.<\/p>\n\n\n\n<p>Al igual que Danilo Medina, Presidente del PLD participaron en la marcha-caravana en el municipio Santo Domingo Este la tarde del s\u00e1bado En la marcha-caravana los ex vicepresidentes del pa\u00eds, Margarita Cede\u00f1o y Jaime David Fern\u00e1ndez Mirabal, Charles Mariotti, secretario general del PLD; Andr\u00e9s Navarro, coordinador general de Campa\u00f1a; Johnny Pujos, coordinador de Gabinete y Karen Ricardo, de Coordinadora de la Mujer de la Campa\u00f1a<\/p>\n\n\n\n<p>Asimismo, Armando Garc\u00eda y Alexis Lantigua, del Comit\u00e9 Pol\u00edtico&nbsp;&nbsp;y los dirigentes de Santo Domingo Este, Luis Henr\u00edquez, Alfredo Mart\u00ednez, Elso Mart\u00ednez, Jos\u00e9 Cabrera, Ren\u00e9 J\u00e1quez y Jacinta Est\u00e9vez, candidata a vicealcaldesa, entre otros.<\/p>\n\n\n\n<p><strong>SECRETARIA COMUNICACIONES<\/strong><\/p>\n\n\n\n<p><strong>28 ENERO 2024<\/strong><\/p>\n\n\n\n<p><strong>DECLARACION DE PRENSA<\/strong><\/p>\n","protected":false},"excerpt":{"rendered":"<p>diariodominicano.com Santo Domingo, R. D.,\u200228 de enero, 2024.- El ex presidente de la Rep\u00fablica, Danilo Medina, presidente del Partido de la Liberaci\u00f3n Dominicana (PLD), reiter\u00f3 su afirmaci\u00f3n de un triunfo contundente de esa organizaci\u00f3n y la oposici\u00f3n en las elecciones del pr\u00f3ximo mes de febrero. \u201cEs que estamos m\u00e1s que seguro con el triunfo aqu\u00ed [&hellip;]<\/p>\n","protected":false},"author":5,"featured_media":504081,"comment_status":"closed","ping_status":"","sticky":true,"template":"","format":"standard","meta":{"footnotes":""},"categories":[22,27],"tags":[],"class_list":["post-504073","post","type-post","status-publish","format-standard","has-post-thumbnail","hentry","category-politica","category-portada"],"_links":{"self":[{"href":"https:\/\/diariodominicano.com\/index.php?rest_route=\/wp\/v2\/posts\/504073","targetHints":{"allow":["GET"]}}],"collection":[{"href":"https:\/\/diariodominicano.com\/index.php?rest_route=\/wp\/v2\/posts"}],"about":[{"href":"https:\/\/diariodominicano.com\/index.php?rest_route=\/wp\/v2\/types\/post"}],"author":[{"embeddable":true,"href":"https:\/\/diariodominicano.com\/index.php?rest_route=\/wp\/v2\/users\/5"}],"replies":[{"embeddable":true,"href":"https:\/\/diariodominicano.com\/index.php?rest_route=%2Fwp%2Fv2%2Fcomments&post=504073"}],"version-history":[{"count":1,"href":"https:\/\/diariodominicano.com\/index.php?rest_route=\/wp\/v2\/posts\/504073\/revisions"}],"predecessor-version":[{"id":504082,"href":"https:\/\/diariodominicano.com\/index.php?rest_route=\/wp\/v2\/posts\/504073\/revisions\/504082"}],"wp:featuredmedia":[{"embeddable":true,"href":"https:\/\/diariodominicano.com\/index.php?rest_route=\/wp\/v2\/media\/504081"}],"wp:attachment":[{"href":"https:\/\/diariodominicano.com\/index.php?rest_route=%2Fwp%2Fv2%2Fmedia&parent=504073"}],"wp:term":[{"taxonomy":"category","embeddable":true,"href":"https:\/\/diariodominicano.com\/index.php?rest_route=%2Fwp%2Fv2%2Fcategories&post=504073"},{"taxonomy":"post_tag","embeddable":true,"href":"https:\/\/diariodominicano.com\/index.php?rest_route=%2Fwp%2Fv2%2Ftags&post=504073"}],"curies":[{"name":"wp","href":"https:\/\/api.w.org\/{rel}","templated":true}]}}