{"id":504065,"date":"2024-01-28T12:06:55","date_gmt":"2024-01-28T16:06:55","guid":{"rendered":"https:\/\/diariodominicano.com\/?p=504065"},"modified":"2024-01-28T12:06:55","modified_gmt":"2024-01-28T16:06:55","slug":"rosas-blancas-y-fidelidad-a-jose-marti-en-uruguay","status":"publish","type":"post","link":"https:\/\/diariodominicano.com\/?p=504065","title":{"rendered":"Rosas blancas y fidelidad a Jos\u00e9 Mart\u00ed en Uruguay"},"content":{"rendered":"\n<p>Montevideo, 28 ene (Prensa Latina) Rosas blancas y compromiso de fidelidad a sus postulados marcaron el homenaje hoy aqu\u00ed al H\u00e9roe Nacional de Cuba, Jos\u00e9 Mart\u00ed, en el aniversario 171 de su natalicio.<\/p>\n\n\n\n<ul class=\"wp-block-list\">\n<li>enero 28, 2024<\/li>\n\n\n\n<li>CST11:02 (GMT) -0500<\/li>\n<\/ul>\n\n\n\n<p>Fue en la Plaza Cuba, de esta capital, donde compatriotas de Mart\u00ed y uruguayos amigos de su isla le rindieron tributo ante una escultura que lo inmortaliza y ante la cual colocaron una ofrenda floral.<\/p>\n\n\n\n<p>Los versos sencillos del excelso poeta: Cultivo una rosa blanca en julio como en enero, para el amigo sincero que me da su mano franca, cobraron renovado lirismo en el homenaje.<\/p>\n\n\n\n<p>Miembros de la embajada cubana e integrantes de la brigada m\u00e9dica de su pa\u00eds que prestan servicio en el Hospital de Ojos \u00abJos\u00e9 Mart\u00ed\u00bb de Montevideo, participaron en el acto.<\/p>\n\n\n\n<p>Tambi\u00e9n representantes de organizaciones pol\u00edticas del pa\u00eds sudamericano, graduados de la Escuela Latinoamericana de Medicina (ELAM), uruguayos que vivieron exiliados en la \u00ednsula caribe\u00f1a y otros amigos de la solidaridad con la Revoluci\u00f3n Cubana.<\/p>\n\n\n\n<p>La vigencia del legado martiano fue subrayada por la primera secretaria de la misi\u00f3n diplom\u00e1tica aqu\u00ed, Rachel Maury, quien record\u00f3 los lazos bilaterales que tienen a Jos\u00e9 Mart\u00ed como protagonista, en particular en su desempe\u00f1o como c\u00f3nsul de Uruguay en Nueva York durante cinco a\u00f1os.<\/p>\n\n\n\n<p>Mart\u00ed nos advirti\u00f3 de las amenazas que a\u00fan se ciernen sobre los pueblos de Latinoam\u00e9rica, apunt\u00f3.<\/p>\n\n\n\n<p>De \u00e9l heredamos el internacionalismo y la vocaci\u00f3n por la defensa de las causas justas, sentenci\u00f3 Maury.<\/p>\n\n\n\n<p>lam\/ool<\/p>\n","protected":false},"excerpt":{"rendered":"<p>Montevideo, 28 ene (Prensa Latina) Rosas blancas y compromiso de fidelidad a sus postulados marcaron el homenaje hoy aqu\u00ed al H\u00e9roe Nacional de Cuba, Jos\u00e9 Mart\u00ed, en el aniversario 171 de su natalicio. Fue en la Plaza Cuba, de esta capital, donde compatriotas de Mart\u00ed y uruguayos amigos de su isla le rindieron tributo ante [&hellip;]<\/p>\n","protected":false},"author":28,"featured_media":419433,"comment_status":"closed","ping_status":"","sticky":false,"template":"","format":"standard","meta":{"footnotes":""},"categories":[36,26],"tags":[],"class_list":["post-504065","post","type-post","status-publish","format-standard","has-post-thumbnail","hentry","category-hombresmujeresycosas","category-efemerides"],"_links":{"self":[{"href":"https:\/\/diariodominicano.com\/index.php?rest_route=\/wp\/v2\/posts\/504065","targetHints":{"allow":["GET"]}}],"collection":[{"href":"https:\/\/diariodominicano.com\/index.php?rest_route=\/wp\/v2\/posts"}],"about":[{"href":"https:\/\/diariodominicano.com\/index.php?rest_route=\/wp\/v2\/types\/post"}],"author":[{"embeddable":true,"href":"https:\/\/diariodominicano.com\/index.php?rest_route=\/wp\/v2\/users\/28"}],"replies":[{"embeddable":true,"href":"https:\/\/diariodominicano.com\/index.php?rest_route=%2Fwp%2Fv2%2Fcomments&post=504065"}],"version-history":[{"count":1,"href":"https:\/\/diariodominicano.com\/index.php?rest_route=\/wp\/v2\/posts\/504065\/revisions"}],"predecessor-version":[{"id":504066,"href":"https:\/\/diariodominicano.com\/index.php?rest_route=\/wp\/v2\/posts\/504065\/revisions\/504066"}],"wp:featuredmedia":[{"embeddable":true,"href":"https:\/\/diariodominicano.com\/index.php?rest_route=\/wp\/v2\/media\/419433"}],"wp:attachment":[{"href":"https:\/\/diariodominicano.com\/index.php?rest_route=%2Fwp%2Fv2%2Fmedia&parent=504065"}],"wp:term":[{"taxonomy":"category","embeddable":true,"href":"https:\/\/diariodominicano.com\/index.php?rest_route=%2Fwp%2Fv2%2Fcategories&post=504065"},{"taxonomy":"post_tag","embeddable":true,"href":"https:\/\/diariodominicano.com\/index.php?rest_route=%2Fwp%2Fv2%2Ftags&post=504065"}],"curies":[{"name":"wp","href":"https:\/\/api.w.org\/{rel}","templated":true}]}}