{"id":50406,"date":"2020-08-22T00:12:30","date_gmt":"2020-08-22T00:12:30","guid":{"rendered":"http:\/\/diariodominicano.ddns.net\/?p=50406"},"modified":"2020-08-22T00:12:30","modified_gmt":"2020-08-22T00:12:30","slug":"magnicidios-en-mexico-ii","status":"publish","type":"post","link":"https:\/\/diariodominicano.com\/?p=50406","title":{"rendered":"MAGNICIDIOS EN M\u00c9XICO (II)"},"content":{"rendered":"<p><body><\/p>\n<p><img decoding=\"async\" src=\"img3\/Magnicidios-En--MexicoI.jpg\" \/><br \/><img decoding=\"async\" src=\"img3\/Magnicidios-En--MexicoII.jpg\" \/>  <\/p>\n<p><strong>Diariodominicano.com<\/strong><\/p>\n<p><strong>MAGNICIDIOS EN M\u00c9XICO (II)<\/strong><\/p>\n<\/p>\n<p><strong>        POR TE\u00d3FILO LAPPOT ROBLES<\/strong><\/p>\n<\/p>\n<p>En las jornadas b\u00e9licas independentistas de M\u00e9xico se produjeron los magnicidios de los curas Hidalgo y Morelos, quienes por su proceridad adquirieron la estatura de padres de la patria.<\/p>\n<p>Sin embargo, un an\u00e1lisis detallado de los cr\u00edmenes contra personalidades sobresalientes de ese pa\u00eds permite afirmar que la mayor parte de los magnicidios ocurridos en M\u00e9xico se registraron en el marco de la revoluci\u00f3n que comenz\u00f3 all\u00ed el 20 de noviembre de 1910, cuando el pueblo en armas, acicateado por figuras destacadas de su historia, se rebel\u00f3 contra la larga dictadura de Porfirio D\u00edaz.<\/p>\n<p>Lo que se produjo entonces en ciudades, pueblos, aldeas, caser\u00edos y campos de M\u00e9xico fue una especie de Armaged\u00f3n en t\u00e9rminos sociales y pol\u00edticos; sin los matices que contiene dicho vocablo en el Apocalipsis.<\/p>\n<p>Cuando comenz\u00f3 la revoluci\u00f3n mexicana hac\u00eda apenas 10 a\u00f1os que las masas populares francesas, con sus convulsiones en las calles, hab\u00edan dado origen en t\u00e9rminos sociol\u00f3gicos a la frase \u00abacci\u00f3n directa.\u00bbAs\u00ed actuaron los grupos populares franceses para defender sus derechos machaconamente violentados por un poder obstinado en perpetuar las injusticias. <\/p>\n<p>Aunque con un dejo de lamento por el uso de la violencia, el gran pensador espa\u00f1ol Jos\u00e9 Ortega y Gasset sostuvo muchos a\u00f1os despu\u00e9s, en su esclarecedor ensayo titulado Por qu\u00e9 las masas intervienen en todo, y por qu\u00e9 s\u00f3lo intervienen violentamente, que \u00abes innegable que ella significa el mayor homenaje a la raz\u00f3n y la justicia.\u00bbDe inmediato agreg\u00f3: \u00ab&#8230;en todo tiempo, cuando la masa, por uno u otro motivo, ha actuado en la vida p\u00fablica, lo ha hecho en forma de \u00abacci\u00f3n directa\u00bb. Fue, pues, siempre el modo de operar natural de las masas.\u00bb1 <\/p>\n<\/p>\n<p>Lo que en M\u00e9xico se conoce como la llamada Decena Tr\u00e1gica se abri\u00f3 cuando en febrero de 1913 Victoriano Huerta y otros traidores derrocaron y asesinaron al presidente Francisco I. Madero y al vicepresidente Jos\u00e9 Mar\u00eda Pino Su\u00e1rez. <\/p>\n<p>Detr\u00e1s de ese doble magnicidio ocurrieron otros clasificados con igual magnitud por la historia del pa\u00eds latinoamericano situado m\u00e1s al norte del continente llamado Am\u00e9rica.<\/p>\n<p>La revoluci\u00f3n mexicana no estuvo, y no pod\u00eda estarlo, exenta de las tensiones con su poderoso vecino del Norte. La geopol\u00edtica permite comprobar que hubo en el pasado despojos territoriales y violaciones constantes de la soberan\u00eda de M\u00e9xico por parte de los Estados Unidos de Norteam\u00e9rica. <\/p>\n<p>Es v\u00e1lida la digresi\u00f3n para decir que en la novela titulada Gringo Viejo el gran escritor, diplom\u00e1tico y acad\u00e9mico mexicano Carlos Fuentes se\u00f1ala con gran realismo los conflictos fronterizos de EE.UU y M\u00e9xico; inc\u00f3moda situaci\u00f3n que tal vez fue lo que motiv\u00f3 que Gringo Viejo escribiera como nota premonitoria que  \u00abser un gringo en M\u00e9xico; eso es eutanasia.\u00bb Lo hizo antes de aventurarse a penetrar a la tierra vecina, acompa\u00f1ado con \u00absu vieja amiga la muerte.\u00bb<\/p>\n<p>Esa importante obra est\u00e1 basada en la misteriosa presencia en las monta\u00f1as y valles revueltos del norte de M\u00e9xico, en la segunda d\u00e9cada del siglo pasado, del septuagenario periodista y escritor estadounidense Ambrose Bierce, as\u00ed como su misteriosa desaparici\u00f3n, tal vez en Zacatecas o en Chihuahua.<\/p>\n<p>Esa convulsa etapa de la historia de M\u00e9xico, que cop\u00f3 las dos primeras d\u00e9cadas del siglo pasado, tambi\u00e9n llev\u00f3 a Fuentes a describir el escenario interior de los campos de batalla en que se convirti\u00f3 una amplia franja de ese inmenso pa\u00eds; donde interactuaban \u00abun viejo senador perfumado\u00bb, como Carranza; y caciques rurales que \u00e9ste odiaba por ser campesinos descalzos, iletrados y mascadores de tacos&#8230;\u00bb2<\/p>\n<\/p>\n<p><strong>Jos\u00e9 Mar\u00eda Morelos Pav\u00f3n<\/strong><\/p>\n<\/p>\n<p>Jos\u00e9 Mar\u00eda Morelos Pav\u00f3n naci\u00f3 el 30 de septiembre de 1765 en la tierra que luego fue bautizada en su honor con el nombre de Morelia. Por sus venas corr\u00eda un torrente de rebeld\u00eda que lo llev\u00f3 a ser una figura fundamental en la historia mexicana.<\/p>\n<p>Fue Presidente del Supremo Gobierno mexicano durante un a\u00f1o y 12 d\u00edas (22-octubre 1814-5-noviembre-1815).El d\u00eda que se produjo su magnicidio desayun\u00f3 con pan y caf\u00e9. Eran las 4 de la tarde del 22 de diciembre de 1815 cuando dos descargas de fusiles pusieron fin a su vida terrenal. <\/p>\n<p>Morelos previamente pudo rezar el significativo salmo 51, tan invocado en el cristianismo en momentos de tribulaciones. Ten\u00eda 50 a\u00f1os de edad y un lustro de intensa lucha por la libertad de su pa\u00eds. <\/p>\n<p>D\u00edas antes hab\u00eda sido capturado junto con doscientos combatientes que le segu\u00edan por la Sierra Madre del Sur, con rumbo hacia la costa del Pac\u00edfico Mexicano.<\/p>\n<p>Morelos Pav\u00f3n cay\u00f3 por la superioridad num\u00e9rica y armament\u00edstica que en la zona ten\u00edan las tropas espa\u00f1olas al mando del virrey y primer Conde de Calder\u00f3n, Brigadier F\u00e9lix Mar\u00eda Calleja. Am\u00e9n de que en esa ocasi\u00f3n no fue efectiva su famosa t\u00e1ctica de descarga ciega de infanter\u00eda, por diversos factores que inclu\u00edan aspectos particulares de la orograf\u00eda del lugar. <\/p>\n<p>En los papeles amarillentos que recogen su historia hay dos caricaturas de procesos judiciales en su contra. En un juicio militar las autoridades coloniales espa\u00f1olas lo acusaron de todo lo que quisieron para culminar declar\u00e1ndolo traidor e imponerle la pena de muerte.<\/p>\n<p>En plena concordancia con lo anterior, al evacuar una sentencia de degradaci\u00f3n contra el patri\u00f3tico sacerdote Morelos, el Tribunal del Santo Oficio de la Inquisici\u00f3n (tal y como figura en la obra Cuadro Hist\u00f3rico de la Revoluci\u00f3n Mexicana) apostill\u00f3 lo siguiente: \u00abComo a hijo ingrato, te echamos de la herencia del se\u00f1or.\u00bb3 <\/p>\n<p>La realidad de la vida de Jos\u00e9 Mar\u00eda Morelos se puede resumir diciendo que fue un sacerdote cat\u00f3lico que nunca abandon\u00f3 su creencia religiosa; a pesar de las decisiones que en su contra tomaron ciertos superiores eclesi\u00e1sticos al servicio del poder imperial, y de la abominable condena que le impuso la Inquisici\u00f3n. Tambi\u00e9n fue un patriota integ\u00e9rrimo que us\u00f3 su poder para proteger a los desvalidos y un ingenioso militar forjado en el fragor de los combates, a los que acud\u00eda en persona, en pro de las buenas causas para el pueblo mexicano.<\/p>\n<p>El nivel de eficacia del cura Morelos Pav\u00f3n en la distribuci\u00f3n de tropas y armas en los escenarios de guerra fue tan sobresaliente que Napole\u00f3n Bonaparte, al conocer sus haza\u00f1as b\u00e9licas, dijo este elogio clamoroso: \u00abCon cinco generales como Morelos, conquistar\u00eda el mundo.\u00bb As\u00ed lo consigna el historiador Carlos Herrej\u00f3n Peredo en su libro titulado Morelos. Revelaciones y Enigmas.4 <\/p>\n<p>La de Napole\u00f3n no fue una opini\u00f3n antojadiza, pues Morelos particip\u00f3 en cinco campa\u00f1as militares sucesivas y sin pausas que lo convirtieron en un experto en t\u00e1cticas de combate, pero tambi\u00e9n ha sido valorado por la posteridad como un formidable estratega; que es una categor\u00eda superior en el arte de la guerra. <\/p>\n<p>El 14 de septiembre de 1813, casi en el ecuador de su agitado lustro de lucha por la independencia de su tierra, en el escenario de un congrego celebrado en la colorida y folcl\u00f3rica ciudad de Chilpancingo, el patriota Jos\u00e9 Mar\u00eda Morelos y Pav\u00f3n public\u00f3 un documento que sintetiza en 23 p\u00e1rrafos su pensamiento sobre diferentes situaciones que entonces prevalec\u00edan como un lastre en la vida de los pueblos de la Am\u00e9rica situada desde M\u00e9xico hacia abajo, incluyendo muchas islas. <\/p>\n<p>\u00c9l titul\u00f3 el referido documento como Sentimientos de la Naci\u00f3n. A partir de su publicaci\u00f3n se convirti\u00f3 en un libro fundamental para conocer no s\u00f3lo la parte m\u00e1s sustantiva de su pensamiento pol\u00edtico, sino tambi\u00e9n detalles esenciales de su vida guerrera en la manigua.<\/p>\n<p>En el referido texto el ilustre patriota mexicano se\u00f1ala, en resumen apretado, su voluntad de liberar a la Am\u00e9rica bajo el yugo espa\u00f1ol, eliminando cualquier expresi\u00f3n mon\u00e1rquica; conceptualiza sobre la soberan\u00eda como atributo del pueblo, el cual delega el ejercicio de las funciones p\u00fablicas mediante los poderes ejecutivo, legislativo y judicial. Apuntala la igualdad humana, y por ende la erradicaci\u00f3n de la esclavitud. Aboga por cerrar la brecha de desigualdad entre ricos y pobres y as\u00ed otras opiniones de elevado nivel en la escala de la dignidad humana.5 <\/p>\n<p>Ese padre de la patria mexicana, v\u00edctima de magnicidio, naci\u00f3 en una familia depauperada que muy temprano en su edad lo introdujo en la rupestre cotidianidad de la agricultura de subsistencia. Tambi\u00e9n fue arriero por los andurriales de la antigua Valladolid mexicana donde naci\u00f3.<\/p>\n<p>En esos menesteres el horizonte para su desarrollo como ser humano era muy angosto. Un d\u00eda cualquier decidi\u00f3 echar a un lado la azada y las bestias de carga y trillar otros caminos, primero en los estudios y el ejercicio sacerdotal y posteriormente en la ruta de la liberaci\u00f3n de su pa\u00eds.<\/p>\n<p>Jos\u00e9 Mar\u00eda Morelos fue ordenado sacerdote en el 1795 y pocos a\u00f1os despu\u00e9s se le asign\u00f3 la parroquia del pueblo de Car\u00e1cuaro, en la regi\u00f3n conocida como Tierra Caliente, desde donde se acrecent\u00f3 su inter\u00e9s por las reivindicaciones sociales, econ\u00f3micas y pol\u00edticas del pueblo llano.<\/p>\n<p>El personaje que m\u00e1s lo marc\u00f3 en su lucha por la independencia de los mexicanos fue el cura Hidalgo, con quien se reuni\u00f3 el 20 de octubre de 1810 en una aldea llamada Charo, donde recibi\u00f3 el largo t\u00edtulo de \u00abGeneral de los ej\u00e9rcitos americanos para la conquista y nuevo gobierno de las provincias del sur, con autoridad bastante.\u00bb<\/p>\n<p>Luego del referido nombramiento Morelos nunca ces\u00f3 de combatir contra los colonialistas espa\u00f1oles. Seg\u00fan iba conquistando territorios tomaba decisiones de envergadura social como ocurri\u00f3 el 13 de julio de 1811, en el pueblo Tixtla, en el hoy estado de Guerrero: \u00abA partir de hoy se entregar\u00e1n las tierras a los pueblos para su cultivo, sin que puedan arrendarse&#8230;\u00bb O cuando el 4 de septiembre de 1812 orden\u00f3 en Chilapa que \u00ablos indios no deben pagar diezmos ni primicias de los frutos propios de este reino.\u00bb6 <\/p>\n<p>Morelos prefer\u00eda que lo identificaran como Siervo de la Naci\u00f3n. Ese calificativo era en s\u00ed la ant\u00edtesis de lo que era un siervo en el feudalismo de la Edad Media. Por eso en m\u00e1s de una ocasi\u00f3n lanzaba escribi\u00f3 este apotegma de hondo impacto: \u00abLa naci\u00f3n lo larga las armas, hasta concluir la obra&#8230;\u00bb7 <\/p>\n<\/p>\n<p><strong>Le\u00f3n Trotsky<\/strong><\/p>\n<\/p>\n<p>Uno de los magnicidios de m\u00e1s impacto a nivel mundial ocurri\u00f3 en la ciudad de M\u00e9xico. Ni la v\u00edctima ni el victimario eran mexicanos, pero el hecho qued\u00f3 marcado con huellas indelebles en su historia.<\/p>\n<p>Se trata del asesinato de Le\u00f3n Trotsky, una trascendental figura hist\u00f3rica que fue el primer presidente del denominado Soviet Militar Revolucionario, \u00f3rgano que acumulaba todo el poder en la inmensa Rusia y varios de los pa\u00edses cercanos que absorbi\u00f3, al triunfo de la revoluci\u00f3n de octubre de 1917.<\/p>\n<p>Trotsky fue el principal creador del  poderoso Ej\u00e9rcito Rojo; pero como este trabajo no es para hacer apolog\u00eda de su vida paso a se\u00f1alar que las contradicciones con Stalin llegaron a su culmen en el 1929. Ese a\u00f1o, luego de muchas vejaciones, fue expulsado de la Uni\u00f3n Sovi\u00e9tica.<\/p>\n<p>En su largo y amargo exilio tuvo que soportar con impotencia el suicidio de una hija, as\u00ed como el asesinato de dos hijos y de su hermana. Su primera esposa sometida a una larga agon\u00eda, en un campo de concentraci\u00f3n siberiano donde ni siquiera pod\u00eda ver los bosques achaparrados ni la taiga t\u00edpica de la zona.<\/p>\n<p>Despu\u00e9s de mucha peripecia por pa\u00edses europeos, en todos los cuales recibi\u00f3 el hostigamiento por orden de Stalin, Trotsky lleg\u00f3 a M\u00e9xico el 9 de enero de 1937.<\/p>\n<p>Fue invitado a vivir all\u00ed por el presidente L\u00e1zaro C\u00e1rdenas, quien envi\u00f3 el tren presidencial con una exquisita delegaci\u00f3n encabezada por la famosa pintora Frida Kahlo (de origen jud\u00edo como Trotsky) a buscarlo al puerto de Tampico, en tierra de Tamaulipas.<\/p>\n<p>Trotsky fue asesinado (ten\u00eda 60 a\u00f1os de edad) el 20 de agosto de 1940.La orden fue impartida directamente por el terrible Stalin, con la supervisi\u00f3n del tenebroso Lavrenti Beria, jefe de todos los servicios policiales sovi\u00e9ticos. Ambos, juntos con otros que integraban la camarilla moscovita, fueron responsables de la muerte de millones de personas.<\/p>\n<p>El magnicida de Trotsky fue un siniestro sujeto catal\u00e1n de vida accidentada llamado Ram\u00f3n Mercader del R\u00edo, agente del servicio de seguridad sovi\u00e9tico, quien logr\u00f3 ganarse su confianza, pudiendo penetrar a su casa, situada en la demarcaci\u00f3n territorial de Coyoac\u00e1n, el per\u00edmetro central de ciudad M\u00e9xico.<\/p>\n<p>Mercader lleg\u00f3 hasta all\u00ed sin violencia previa, con la fr\u00eda calma de un asesino profesional. Logr\u00f3 la cercan\u00eda con el dirigente nacido en tierra ucraniana, en el Este de Europa, gracias al noviazgo que tuvo con Sylvia Ageloff, una fil\u00f3sofa y pol\u00edglota estadounidense, del c\u00edrculo \u00edntimo del m\u00e1s grande l\u00edder del exilio sovi\u00e9tico, ajena ella a la intenci\u00f3n criminal de su amante. <\/p>\n<p>Tal vez se repet\u00eda por en\u00e9sima vez aquello en que algunos fil\u00f3sofos fatalistas coinciden con una dosis de machismo: \u00abla mujer y el oro lo pueden todo.\u00bb<\/p>\n<p>El matador de Trotsky le clav\u00f3 un piolet que le destroz\u00f3 la nuca. El fr\u00edo hierro penetr\u00f3 hasta el cerebro del pensador, escritor y pol\u00edtico, quien muri\u00f3 al d\u00eda siguiente, luego de 12 horas de horrible agon\u00eda.<\/p>\n<p>Cientos de libros se han escrito sobre Trotsky, y unos cuantos sobre su asesino. Algunos son francamente panfletos, otros libelos y pocos abordan esa tragedia con la objetividad requerida.<\/p>\n<p>Considero oportuno referirme a una formidable investigaci\u00f3n hist\u00f3rica sobre el magnicidio de Trotsky, convertida en la novela titulada El hombre que amaba los perros, autor\u00eda del prol\u00edfico y varias veces premiado escritor cubano Leonardo Padura. Esa obra abarca con profusi\u00f3n de detalles las biograf\u00edas de  la v\u00edctima y al victimario.<\/p>\n<p>En efecto, Padura, el creador del detective de novelas polic\u00edacas Mario Conde, pone en boca de Ram\u00f3n Mercader la siguiente reflexi\u00f3n que contiene en resumen su creada existencia paralela para alejar de s\u00ed el fantasma del abatimiento espiritual que le causaba la c\u00e1rcel de Lecumberri, donde pas\u00f3 20 a\u00f1os de encierro, a pesar de los intentos sovi\u00e9ticos por lograr su escape: <\/p>\n<p>\u00abSi cumpl\u00eda con la promesa de mantener la boca cerrada, pens\u00f3, sus jefes, y con ellos la Historia, lo recompensar\u00edan como lo que era; un hombre capaz de sacrificar su vida por la gran causa.\u00bb8 <\/p>\n<p>Despu\u00e9s de cumplir 20 a\u00f1os de prisi\u00f3n, Mercader vivi\u00f3 entre la URSS y Cuba, donde falleci\u00f3 el 18 de octubre de 1978, a los 65 a\u00f1os de edad. Ten\u00eda entre sus pertenencias m\u00e1s preciadas la Orden de Lenin y el t\u00edtulo de H\u00e9roe de la Uni\u00f3n Sovi\u00e9tica. Han circulado versiones de que los mismos sovi\u00e9ticos le provocaron una muerte lenta con polonio radioactivo.<\/p>\n<p>Venustiano Carranza<\/p>\n<p>Venustiano Carranza naci\u00f3 en una familia del estado de Coahuila, en el noreste de M\u00e9xico. Su padre gozaba del aprecio de Benito Ju\u00e1rez, uno de los l\u00edderes fundamentales de ese pa\u00eds, bajo el cual sirvi\u00f3 como militar y funcionario municipal.<\/p>\n<p>Carranza fue presidente de M\u00e9xico en dos ocasiones. La primera vez, siendo jefe  del Ej\u00e9rcito Constitucionalista, del 14 de agosto de 1914 al 30 de abril de 1917.<\/p>\n<p>La segunda vez que lleg\u00f3 al solio presidencial fue bajo el abrigo de la Constituci\u00f3n Pol\u00edtica  de los Estados Unidos Mexicanos, promulgada el 5 de febrero de 1917. En esa oportunidad ejerci\u00f3 el mandato desde el primero de mayo del referido a\u00f1o hasta su magnicidio ocurrido tres a\u00f1os despu\u00e9s.<\/p>\n<p>En su segunda etapa presidencial gan\u00f3 con el 97.18% de los votos, en las elecciones federales  celebradas el 31 de marzo de 1917.<\/p>\n<p>Antes Carranza hab\u00eda desempe\u00f1ado diferentes funciones como jefe municipal en Cuatro Ci\u00e9negas, su ciudad natal. Tambi\u00e9n hab\u00eda sido   gobernador y congresista a nivel nacional en representaci\u00f3n de su estado Coahuila.<\/p>\n<p>El presidente Carranza, tambi\u00e9n llamado el Bar\u00f3n de Cuatro Ci\u00e9negas, fue asesinado en la madrugada del 21 de mayo de 1920, mientras se proteg\u00eda de un aguacero en un rancho rural de la parte monta\u00f1osa del estado de Puebla, en la aldea de Tlaxcalantongo, por donde andaba con un grupo de sus funcionarios y seguidores, en ruta a Veracruz, luego de que un mes antes sus poderosos adversarios hab\u00edan lanzado una proclama denominada el Plan de Agua Prieta, desconociendo su autoridad presidencial.<\/p>\n<p>Tal vez para entender lo ocurrido en la vida pol\u00edtica de Carranza habr\u00e1 que ahondar m\u00e1s en ciertos detalles de su personalidad y escudri\u00f1ar en qu\u00e9 quiso decir el historiador Fernando Ben\u00edtez quien fue embajador de M\u00e9xico en la Rep\u00fablica Dominicana, cuando escribi\u00f3 desde nuestro pa\u00eds lo siguiente: \u00abNo es f\u00e1cil entender las mentalidades de los caudillos de la Revoluci\u00f3n Mexicana: el pensamiento occidental de Carranza u Obreg\u00f3n, y no las mentalidades primitivas de Villa y Zapata.\u00bb9<\/p>\n<p>Lo cierto es que Carranza fue v\u00edctima de una celada tendida por el general Jos\u00e9 Rodolfo Herrero Hern\u00e1ndez, quien hab\u00eda fingido ser un partidario suyo  hasta pocas horas antes del tr\u00e1gico hecho en que perdi\u00f3 la vida el presidente mexicano.<\/p>\n<p>El jacal donde se cubr\u00eda Carranza fue agujereado por el impacto de decenas de balas disparadas por un pelot\u00f3n de fusileros que encabezaba el citado magnicida Herrero Hern\u00e1ndez.<\/p>\n<p>Los tejemanejes de la confabulaci\u00f3n c\u00edvico-militar envuelta en ese magnicidio permitieron que el principal asesino de Carranza  quedara impune.<\/p>\n<p>El primero de diciembre de 1934, con la llegada al poder del m\u00edtico general L\u00e1zaro C\u00e1rdenas, dej\u00f3 de brillar la estrella de aquel militar indigno por traidor.<\/p>\n<p>Los restos mortales de Venustiano Carranza reposan desde el 1942 en el monumento a la Revoluci\u00f3n, no muy lejos del centro hist\u00f3rico de la capital mexicana.<\/p>\n<p><strong>Bibliograf\u00eda:<\/strong><\/p>\n<p>1-La rebeli\u00f3n de las masas. Decimoctava edici\u00f3n. Editorial Espasa-Calpe, Madrid, Espa\u00f1a,1969.Pp76,80 y 81.Jos\u00e9 Ortega y Gasset.    <\/p>\n<p>2-Gringo Viejo. Pp 6,7,74,76 y 86. Editorial Fondo de Cultura Econ\u00f3mica. M\u00e9xico, 1986. Carlos Fuentes.<\/p>\n<p>3-Sentencia contra Morelos, Tribunal del Santo Oficio de la Inquisici\u00f3n,1815. Cuadro Hist\u00f3rico de la Revoluci\u00f3n Mexicana. Instituto Cultural Hel\u00e9nico,1985. Reproducci\u00f3n facsimilar de 1843.Carlos Mar\u00eda Bustamante.<\/p>\n<p>4- Morelos. Revelaciones y Enigmas. Editorial Debate,2019. Carlos Herrej\u00f3n Peredo.<\/p>\n<p>5-Sentimientos de la Naci\u00f3n. Chilpancingo,14 de septiembre de 1813. Jos\u00e9 Mar\u00eda Morelos Pav\u00f3n.<\/p>\n<p>6-Decretos del 13 de julio de 1811 y 4 de septiembre de 1812, en los pueblos de Tixtla y Chilapa, respectivamente. Jos\u00e9 Mar\u00eda Morelos Pav\u00f3n.<\/p>\n<p>7-Carta a un obispo.Cuautla,1812. Jos\u00e9 Mar\u00eda Morelos Pav\u00f3n.<\/p>\n<p>8-El hombre que amaba los perros. Editorial Tusquets, Barcelona, Espa\u00f1a. Octava edici\u00f3n,2012. P520. Leonardo Padura.  <\/p>\n<p>9-1992. \u00bfQu\u00e9 celebramos, qu\u00e9 lamentamos? Editora Taller.1992.P14. Fernando Ben\u00edtez.<\/p>\n<h6> 2020-08-22 00:12:30 <\/h6>\n<p><!--\n<link rel=\"stylesheet\" href=\"css\/bootstrap.min.css\">\n\n\n<ul class=\"pagination\">\n\t    \n\t\n\n<li >\n\t<a href='?page_no=294'>Previous<\/a>\n\t<\/li>\n\n\n       \n    \n\n<li><a href='?page_no=1'>1<\/a><\/li>\n\n\n\n<li><a href='?page_no=2'>2<\/a><\/li>\n\n\n\n<li><a>...<\/a><\/li>\n\n\n\n<li><a href='?page_no=293'>293<\/a><\/li>\n\n\n\n<li><a href='?page_no=294'>294<\/a><\/li>\n\n\n\n<li class='active'><a>295<\/a><\/li>\n\n\n\n<li><a href='?page_no=296'>296<\/a><\/li>\n\n\n\n<li><a href='?page_no=297'>297<\/a><\/li>\n\n\n\n<li><a>...<\/a><\/li>\n\n\n\n<li><a href='?page_no=22911'>22911<\/a><\/li>\n\n\n\n<li><a href='?page_no=22912'>22912<\/a><\/li>\n\n    \n\t\n\n<li >\n\t<a href='?page_no=296'>Next<\/a>\n\t<\/li>\n\n\n    \n\n<li><a href='?page_no=22912'>Last &rsaquo;&rsaquo;<\/a><\/li>\n\n<\/ul>\n\n\n--><br \/>\n<\/body><\/p>\n","protected":false},"excerpt":{"rendered":"<p>Diariodominicano.com MAGNICIDIOS EN M\u00c9XICO (II) POR TE\u00d3FILO LAPPOT ROBLES En las jornadas b\u00e9licas independentistas de M\u00e9xico se produjeron los magnicidios de los curas Hidalgo y Morelos, quienes por su proceridad adquirieron la estatura de padres de la patria. Sin embargo, un an\u00e1lisis detallado de los cr\u00edmenes contra personalidades sobresalientes de ese pa\u00eds permite afirmar que [&hellip;]<\/p>\n","protected":false},"author":3,"featured_media":0,"comment_status":"open","ping_status":"open","sticky":false,"template":"","format":"standard","meta":{"footnotes":""},"categories":[21],"tags":[],"class_list":["post-50406","post","type-post","status-publish","format-standard","hentry","category-cultura"],"_links":{"self":[{"href":"https:\/\/diariodominicano.com\/index.php?rest_route=\/wp\/v2\/posts\/50406","targetHints":{"allow":["GET"]}}],"collection":[{"href":"https:\/\/diariodominicano.com\/index.php?rest_route=\/wp\/v2\/posts"}],"about":[{"href":"https:\/\/diariodominicano.com\/index.php?rest_route=\/wp\/v2\/types\/post"}],"author":[{"embeddable":true,"href":"https:\/\/diariodominicano.com\/index.php?rest_route=\/wp\/v2\/users\/3"}],"replies":[{"embeddable":true,"href":"https:\/\/diariodominicano.com\/index.php?rest_route=%2Fwp%2Fv2%2Fcomments&post=50406"}],"version-history":[{"count":0,"href":"https:\/\/diariodominicano.com\/index.php?rest_route=\/wp\/v2\/posts\/50406\/revisions"}],"wp:attachment":[{"href":"https:\/\/diariodominicano.com\/index.php?rest_route=%2Fwp%2Fv2%2Fmedia&parent=50406"}],"wp:term":[{"taxonomy":"category","embeddable":true,"href":"https:\/\/diariodominicano.com\/index.php?rest_route=%2Fwp%2Fv2%2Fcategories&post=50406"},{"taxonomy":"post_tag","embeddable":true,"href":"https:\/\/diariodominicano.com\/index.php?rest_route=%2Fwp%2Fv2%2Ftags&post=50406"}],"curies":[{"name":"wp","href":"https:\/\/api.w.org\/{rel}","templated":true}]}}