{"id":504043,"date":"2024-01-28T00:12:52","date_gmt":"2024-01-28T04:12:52","guid":{"rendered":"https:\/\/diariodominicano.com\/?p=504043"},"modified":"2024-01-28T00:12:52","modified_gmt":"2024-01-28T04:12:52","slug":"lectores-de-bolivia-analizan-obra-de-ruben-dario","status":"publish","type":"post","link":"https:\/\/diariodominicano.com\/?p=504043","title":{"rendered":"Lectores de Bolivia analizan obra de Rub\u00e9n Dar\u00edo"},"content":{"rendered":"\n<p>La Paz, 27 ene (Prensa Latina) La embajada de Nicaragua en Bolivia acogi\u00f3 hoy a los integrantes del Club de Lectura de La Paz, quienes recibieron un certificado tras concluir un ciclo de estudio y debate sobre la obra de Rub\u00e9n Dar\u00edo.<\/p>\n\n\n\n<ul class=\"wp-block-list\">\n<li>enero 27, 2024<\/li>\n\n\n\n<li>CST22:35 (GMT) -0500<\/li>\n<\/ul>\n\n\n\n<p>El\u00edas Cheves, embajador de la naci\u00f3n centroamericana en el pa\u00eds altipl\u00e1nico, transmiti\u00f3 a los participantes un saludo del presidente nicarag\u00fcense, Daniel Ortega, y de la vicemandataria Rosario Murillo, quienes estuvieron al tanto de este programa iniciado el 4 de noviembre de 2023.<\/p>\n\n\n\n<p>\u00abUstedes hicieron posible este hermoso proyecto literario que cada s\u00e1bado los convoc\u00f3 al an\u00e1lisis y al debate sobre la base de un pensamiento cr\u00edtico\u00bb, asegur\u00f3 el diplom\u00e1tico.<\/p>\n\n\n\n<p>En la velada, a la que acudieron tambi\u00e9n los embajadores de Rusia, Mikhail Ledenev; de Palestina, Mahmoud Elawani; y de la Rep\u00fablica \u00c1rabe Saharaui Democr\u00e1tica, Ahmed Salem Mohamed Ahmed, Cheves resalt\u00f3 el pensamiento latinoamericanista y antimperialista del autor de la Oda a Roosevelt.<\/p>\n\n\n\n<p>Record\u00f3 la admiraci\u00f3n de Rub\u00e9n Dar\u00edo (1867-1916) por el pr\u00f3cer independentista cubano Jos\u00e9 Mart\u00ed (1853-1895), de quien se cumple este domingo el aniversario 171 de su natalicio, y su amor a Nicaragua, El Salvador, Argentina y Chile, pa\u00edses en los que residi\u00f3.<\/p>\n\n\n\n<p>Cheves evoc\u00f3 el soneto de Dar\u00edo A Bolivia y enfatiz\u00f3 en que con visi\u00f3n de futuro desde su obra nos abraza hoy.<\/p>\n\n\n\n<p>Por su parte, Ariel Claros, l\u00edder de este club, agradeci\u00f3 el apoyo de la embajada de Nicaragua, que hizo posible concretar este ciclo de tertulias con lecturas presenciales y a distancia en teleconferencias.<\/p>\n\n\n\n<p>Resalt\u00f3 la participaci\u00f3n de la doctora en Letras de la Universidad Nacional de La Plata, Argentina, Daniela Chazarreta; y de la licenciada Lourdes Reynaga, docente en el postgrado de escritura creativa en la Universidad Cat\u00f3lica Boliviana.<\/p>\n\n\n\n<p>Calific\u00f3 de profundo el estudio realizado de las obras Azul, Prosas Profanas y Poema del Oto\u00f1o y Otros Poemas, libro del cual se realiz\u00f3 una edici\u00f3n.<\/p>\n\n\n\n<p>Signific\u00f3 que, como resultado de este ejercicio cultural, fueron seleccionados tres ensayos y publicados en la web institucional del Club de Lectura La Paz.<\/p>\n\n\n\n<p>ocs\/jpm<\/p>\n","protected":false},"excerpt":{"rendered":"<p>La Paz, 27 ene (Prensa Latina) La embajada de Nicaragua en Bolivia acogi\u00f3 hoy a los integrantes del Club de Lectura de La Paz, quienes recibieron un certificado tras concluir un ciclo de estudio y debate sobre la obra de Rub\u00e9n Dar\u00edo. El\u00edas Cheves, embajador de la naci\u00f3n centroamericana en el pa\u00eds altipl\u00e1nico, transmiti\u00f3 a [&hellip;]<\/p>\n","protected":false},"author":28,"featured_media":504044,"comment_status":"closed","ping_status":"","sticky":false,"template":"","format":"standard","meta":{"footnotes":""},"categories":[21,36,26],"tags":[],"class_list":["post-504043","post","type-post","status-publish","format-standard","has-post-thumbnail","hentry","category-cultura","category-hombresmujeresycosas","category-efemerides"],"_links":{"self":[{"href":"https:\/\/diariodominicano.com\/index.php?rest_route=\/wp\/v2\/posts\/504043","targetHints":{"allow":["GET"]}}],"collection":[{"href":"https:\/\/diariodominicano.com\/index.php?rest_route=\/wp\/v2\/posts"}],"about":[{"href":"https:\/\/diariodominicano.com\/index.php?rest_route=\/wp\/v2\/types\/post"}],"author":[{"embeddable":true,"href":"https:\/\/diariodominicano.com\/index.php?rest_route=\/wp\/v2\/users\/28"}],"replies":[{"embeddable":true,"href":"https:\/\/diariodominicano.com\/index.php?rest_route=%2Fwp%2Fv2%2Fcomments&post=504043"}],"version-history":[{"count":1,"href":"https:\/\/diariodominicano.com\/index.php?rest_route=\/wp\/v2\/posts\/504043\/revisions"}],"predecessor-version":[{"id":504045,"href":"https:\/\/diariodominicano.com\/index.php?rest_route=\/wp\/v2\/posts\/504043\/revisions\/504045"}],"wp:featuredmedia":[{"embeddable":true,"href":"https:\/\/diariodominicano.com\/index.php?rest_route=\/wp\/v2\/media\/504044"}],"wp:attachment":[{"href":"https:\/\/diariodominicano.com\/index.php?rest_route=%2Fwp%2Fv2%2Fmedia&parent=504043"}],"wp:term":[{"taxonomy":"category","embeddable":true,"href":"https:\/\/diariodominicano.com\/index.php?rest_route=%2Fwp%2Fv2%2Fcategories&post=504043"},{"taxonomy":"post_tag","embeddable":true,"href":"https:\/\/diariodominicano.com\/index.php?rest_route=%2Fwp%2Fv2%2Ftags&post=504043"}],"curies":[{"name":"wp","href":"https:\/\/api.w.org\/{rel}","templated":true}]}}