{"id":504034,"date":"2024-01-27T23:54:44","date_gmt":"2024-01-28T03:54:44","guid":{"rendered":"https:\/\/diariodominicano.com\/?p=504034"},"modified":"2024-01-27T23:55:59","modified_gmt":"2024-01-28T03:55:59","slug":"leonel-recibe-respaldo-en-san-francisco-de-macoris-y-juramenta-al-exdiputado-y-exalcalde-reformista-hector-mora-martinez","status":"publish","type":"post","link":"https:\/\/diariodominicano.com\/?p=504034","title":{"rendered":"Leonel recibe respaldo en San Francisco de Macor\u00eds y juramenta al exdiputado y exalcalde reformista H\u00e9ctor Mora Mart\u00ednez"},"content":{"rendered":"\n<p>Diariodominicano.com<\/p>\n\n\n\n<p><strong>San Francisco de Macor\u00eds, RD.-<\/strong> El presidente y l\u00edder del partido Fuerza del Pueblo (FP), Leonel Fern\u00e1ndez, jurament\u00f3 en Fuerza del Pueblo al exdiputado reformista por la provincia Duarte y exalcalde del municipio de Castillo, H\u00e9ctor Mora Mart\u00ednez.<\/p>\n\n\n\n<figure class=\"wp-block-image size-large\"><img loading=\"lazy\" decoding=\"async\" width=\"1024\" height=\"612\" src=\"https:\/\/diariodominicano.com\/wp-content\/uploads\/2024\/01\/IMG-20240127-WA0282-1024x612.jpg\" alt=\"\" class=\"wp-image-504037\" srcset=\"https:\/\/diariodominicano.com\/wp-content\/uploads\/2024\/01\/IMG-20240127-WA0282-1024x612.jpg 1024w, https:\/\/diariodominicano.com\/wp-content\/uploads\/2024\/01\/IMG-20240127-WA0282-300x179.jpg 300w, https:\/\/diariodominicano.com\/wp-content\/uploads\/2024\/01\/IMG-20240127-WA0282-768x459.jpg 768w, https:\/\/diariodominicano.com\/wp-content\/uploads\/2024\/01\/IMG-20240127-WA0282-1536x919.jpg 1536w, https:\/\/diariodominicano.com\/wp-content\/uploads\/2024\/01\/IMG-20240127-WA0282-816x488.jpg 816w, https:\/\/diariodominicano.com\/wp-content\/uploads\/2024\/01\/IMG-20240127-WA0282.jpg 1600w\" sizes=\"auto, (max-width: 1024px) 100vw, 1024px\" \/><\/figure>\n\n\n\n<p>El exdirigente del PRSC se integr\u00f3 a la Fuerza del Pueblo junto a su estructura pol\u00edtica, afirmando que en esta organizaci\u00f3n, la FP, ve la esperanza de sacar el pa\u00eds de la crisis en que se encuentra por la p\u00e9sima administraci\u00f3n de Luis Abinader.<\/p>\n\n\n\n<p><strong>El recorrido<\/strong><\/p>\n\n\n\n<p>Leonel Fern\u00e1ndez, candidato presidencial de la Fuerza del Pueblo y organizaciones aliadas, inici\u00f3 una intensa agenda proselitista por varias provincias del Cibao, que arranc\u00f3 en el distrito municipal de El Ranchito, en La Vega.<\/p>\n\n\n\n<p>Fern\u00e1ndez se moviliz\u00f3 este s\u00e1bado por diferentes comunidades en apoyo de los candidatos a puestos municipales postulados en la casilla No. 3, de la FP y entidades aliadas.<\/p>\n\n\n\n<p>En horas de la ma\u00f1ana,&nbsp; el l\u00edder pol\u00edtico opositor estuvo en Ranchito, La Vega, respaldando al candidato a ocupar la direcci\u00f3n de ese distrito municipal,&nbsp; Braulio N\u00fa\u00f1ez.<\/p>\n\n\n\n<p>Fern\u00e1ndez y Braulio N\u00fa\u00f1ez recorrieron la principal calle de esta poblaci\u00f3n, en una gran marcha-caravana, caracterizada por la ovaci\u00f3n de la gente, quienes en veh\u00edculos y a pies acompa\u00f1aron a los candidatos de la FP.<\/p>\n\n\n\n<p><strong>San Francisco de Macor\u00eds<\/strong><\/p>\n\n\n\n<p>En la tarde, el l\u00edder opositor y candidato presidencial de la FP, Leonel Fern\u00e1ndez, estuvo en San Francisco de Macor\u00eds, donde dio su respaldo a la candidata de la FP a la Alcald\u00eda de este municipio, Karilyn Chabebe.<\/p>\n\n\n\n<p>Fern\u00e1ndez y Chabebe, encabezaron una multitudinaria marcha-caravana,&nbsp; que se inici\u00f3 en el populoso sector La Javiela, recorriendo las principales calles y barrios de San Francisco de Macor\u00eds, recibiendo a su paso manifestaciones de apoyo.<\/p>\n\n\n\n<p>Chabebe, quien es postulada por la Alianza Rescate RD, conformada por los partidos Fuerza del Pueblo (FP), Revolucionario Dominicano (PRD), de la Liberaci\u00f3n Dominicana (PLD) y el Bloque Institucionalista (BIS), goza de una gran popularidad y aceptaci\u00f3n en esta demarcaci\u00f3n electoral.<\/p>\n\n\n\n<p>Entrada la noche, Fern\u00e1ndez estar\u00e1 en Moca, provincia Espaillat, encabezando una cena de recaudaci\u00f3n de fondos para la campa\u00f1a electoral de la entidad pol\u00edtica que preside.<\/p>\n\n\n\n<p><strong>El domingo<\/strong><\/p>\n\n\n\n<p>En este d\u00eda, el l\u00edder de la oposici\u00f3n pol\u00edtica dominicana, sostendr\u00e1 diversas actividades en la provincia de Santiago, que incluye presentaci\u00f3n de candidatos en San Jos\u00e9 de las Matas (Sajoma), Hato del Yaque y Tamboril.<\/p>\n\n\n\n<p>Fern\u00e1ndez culminar\u00e1 sus actividades con una marcha-caravana y presentaci\u00f3n de candidatos del municipio Santiago de los Caballeros, inform\u00f3 la Secretar\u00eda de Comunicaciones de Fuerza del Pueblo.<\/p>\n","protected":false},"excerpt":{"rendered":"<p>Diariodominicano.com San Francisco de Macor\u00eds, RD.- El presidente y l\u00edder del partido Fuerza del Pueblo (FP), Leonel Fern\u00e1ndez, jurament\u00f3 en Fuerza del Pueblo al exdiputado reformista por la provincia Duarte y exalcalde del municipio de Castillo, H\u00e9ctor Mora Mart\u00ednez. El exdirigente del PRSC se integr\u00f3 a la Fuerza del Pueblo junto a su estructura pol\u00edtica, [&hellip;]<\/p>\n","protected":false},"author":28,"featured_media":504035,"comment_status":"closed","ping_status":"","sticky":true,"template":"","format":"standard","meta":{"footnotes":""},"categories":[22,27],"tags":[],"class_list":["post-504034","post","type-post","status-publish","format-standard","has-post-thumbnail","hentry","category-politica","category-portada"],"_links":{"self":[{"href":"https:\/\/diariodominicano.com\/index.php?rest_route=\/wp\/v2\/posts\/504034","targetHints":{"allow":["GET"]}}],"collection":[{"href":"https:\/\/diariodominicano.com\/index.php?rest_route=\/wp\/v2\/posts"}],"about":[{"href":"https:\/\/diariodominicano.com\/index.php?rest_route=\/wp\/v2\/types\/post"}],"author":[{"embeddable":true,"href":"https:\/\/diariodominicano.com\/index.php?rest_route=\/wp\/v2\/users\/28"}],"replies":[{"embeddable":true,"href":"https:\/\/diariodominicano.com\/index.php?rest_route=%2Fwp%2Fv2%2Fcomments&post=504034"}],"version-history":[{"count":3,"href":"https:\/\/diariodominicano.com\/index.php?rest_route=\/wp\/v2\/posts\/504034\/revisions"}],"predecessor-version":[{"id":504039,"href":"https:\/\/diariodominicano.com\/index.php?rest_route=\/wp\/v2\/posts\/504034\/revisions\/504039"}],"wp:featuredmedia":[{"embeddable":true,"href":"https:\/\/diariodominicano.com\/index.php?rest_route=\/wp\/v2\/media\/504035"}],"wp:attachment":[{"href":"https:\/\/diariodominicano.com\/index.php?rest_route=%2Fwp%2Fv2%2Fmedia&parent=504034"}],"wp:term":[{"taxonomy":"category","embeddable":true,"href":"https:\/\/diariodominicano.com\/index.php?rest_route=%2Fwp%2Fv2%2Fcategories&post=504034"},{"taxonomy":"post_tag","embeddable":true,"href":"https:\/\/diariodominicano.com\/index.php?rest_route=%2Fwp%2Fv2%2Ftags&post=504034"}],"curies":[{"name":"wp","href":"https:\/\/api.w.org\/{rel}","templated":true}]}}