{"id":503985,"date":"2024-01-27T22:20:27","date_gmt":"2024-01-28T02:20:27","guid":{"rendered":"https:\/\/diariodominicano.com\/?p=503985"},"modified":"2024-01-27T22:20:27","modified_gmt":"2024-01-28T02:20:27","slug":"raul-castro-y-diaz-canel-en-marcha-de-las-antorchas-de-cuba","status":"publish","type":"post","link":"https:\/\/diariodominicano.com\/?p=503985","title":{"rendered":"Ra\u00fal Castro y D\u00edaz-Canel en marcha de las Antorchas de Cuba"},"content":{"rendered":"\n<p>La Habana, 27 ene (Prensa Latina) El l\u00edder de la Revoluci\u00f3n cubana, Ra\u00fal Castro, y el presidente Miguel D\u00edaz-Canel encabezaron hoy la tradicional marcha de las Antorchas en tributo al H\u00e9roe Nacional, Jos\u00e9 Mart\u00ed, en v\u00edspera del aniversario 171 de su natalicio.<\/p>\n\n\n\n<ul class=\"wp-block-list\">\n<li>enero 27, 2024<\/li>\n\n\n\n<li>CST20:41 (GMT) -0500<\/li>\n<\/ul>\n\n\n\n<ul class=\"wp-block-list\">\n<li>Fotos: X @PartidoPCC<\/li>\n<\/ul>\n\n\n\n<p>Iluminada con centenares de antorchas, la caminata, protagonizada por j\u00f3venes y el pueblo capitalino, parti\u00f3 desde la escalinata de la Universidad de La Habana hasta la Fragua Martiana, sitio hist\u00f3rico donde Jos\u00e9 Mart\u00ed sufri\u00f3 prisi\u00f3n a los 16 a\u00f1os, en las antiguas Canteras de San L\u00e1zaro.<\/p>\n\n\n\n<p>Acompa\u00f1aron al mandatario en la vigilia martiana el presidente de la Asamblea Nacional del Poder Popular, Esteban Lazo; el secretario de Organizaci\u00f3n del Partido Comunista de Cuba, Roberto Morales, y los comandantes Jos\u00e9 Ram\u00f3n Machado, Ramiro Vald\u00e9s y Guillermo Garc\u00eda.<\/p>\n\n\n\n<p>La Marcha de las Antorchas se realiz\u00f3 por primera vez en la medianoche del 27 de enero de 1953 por representantes genuinos de la llamada Generaci\u00f3n del Centenario -encabezada por el entonces joven Fidel Castro- para conmemorar el advenimiento del natalicio de Mart\u00ed, el m\u00e1s universal de los cubanos.<\/p>\n\n\n\n<p>ocs\/mks<\/p>\n","protected":false},"excerpt":{"rendered":"<p>La Habana, 27 ene (Prensa Latina) El l\u00edder de la Revoluci\u00f3n cubana, Ra\u00fal Castro, y el presidente Miguel D\u00edaz-Canel encabezaron hoy la tradicional marcha de las Antorchas en tributo al H\u00e9roe Nacional, Jos\u00e9 Mart\u00ed, en v\u00edspera del aniversario 171 de su natalicio. Iluminada con centenares de antorchas, la caminata, protagonizada por j\u00f3venes y el pueblo [&hellip;]<\/p>\n","protected":false},"author":28,"featured_media":503986,"comment_status":"closed","ping_status":"","sticky":true,"template":"","format":"standard","meta":{"footnotes":""},"categories":[26,23,27],"tags":[],"class_list":["post-503985","post","type-post","status-publish","format-standard","has-post-thumbnail","hentry","category-efemerides","category-internacional","category-portada"],"_links":{"self":[{"href":"https:\/\/diariodominicano.com\/index.php?rest_route=\/wp\/v2\/posts\/503985","targetHints":{"allow":["GET"]}}],"collection":[{"href":"https:\/\/diariodominicano.com\/index.php?rest_route=\/wp\/v2\/posts"}],"about":[{"href":"https:\/\/diariodominicano.com\/index.php?rest_route=\/wp\/v2\/types\/post"}],"author":[{"embeddable":true,"href":"https:\/\/diariodominicano.com\/index.php?rest_route=\/wp\/v2\/users\/28"}],"replies":[{"embeddable":true,"href":"https:\/\/diariodominicano.com\/index.php?rest_route=%2Fwp%2Fv2%2Fcomments&post=503985"}],"version-history":[{"count":1,"href":"https:\/\/diariodominicano.com\/index.php?rest_route=\/wp\/v2\/posts\/503985\/revisions"}],"predecessor-version":[{"id":503987,"href":"https:\/\/diariodominicano.com\/index.php?rest_route=\/wp\/v2\/posts\/503985\/revisions\/503987"}],"wp:featuredmedia":[{"embeddable":true,"href":"https:\/\/diariodominicano.com\/index.php?rest_route=\/wp\/v2\/media\/503986"}],"wp:attachment":[{"href":"https:\/\/diariodominicano.com\/index.php?rest_route=%2Fwp%2Fv2%2Fmedia&parent=503985"}],"wp:term":[{"taxonomy":"category","embeddable":true,"href":"https:\/\/diariodominicano.com\/index.php?rest_route=%2Fwp%2Fv2%2Fcategories&post=503985"},{"taxonomy":"post_tag","embeddable":true,"href":"https:\/\/diariodominicano.com\/index.php?rest_route=%2Fwp%2Fv2%2Ftags&post=503985"}],"curies":[{"name":"wp","href":"https:\/\/api.w.org\/{rel}","templated":true}]}}