{"id":503982,"date":"2024-01-27T22:17:24","date_gmt":"2024-01-28T02:17:24","guid":{"rendered":"https:\/\/diariodominicano.com\/?p=503982"},"modified":"2024-01-27T22:17:24","modified_gmt":"2024-01-28T02:17:24","slug":"conmemoran-aniversario-80-del-fin-del-cerco-a-leningrado-fotos","status":"publish","type":"post","link":"https:\/\/diariodominicano.com\/?p=503982","title":{"rendered":"Conmemoran aniversario 80 del fin del cerco a Leningrado (+Fotos)"},"content":{"rendered":"\n<p>San Petersburgo, Rusia, 27 ene (Prensa Latina) Autoridades y pueblo en general conmemoraron hoy aqu\u00ed el aniversario 80 de la ruptura del cerco impuesto a Leningrado (actual ciudad rusa de San Petersburgo), avance crucial de la Gran Guerra Patria.<\/p>\n\n\n\n<ul class=\"wp-block-list\">\n<li>enero 27, 2024<\/li>\n\n\n\n<li>CST04:07 (GMT) -0500<\/li>\n<\/ul>\n\n\n\n<p>Una peregrinaci\u00f3n y luego el dep\u00f3sito de ofrendas florales en el Cementerio Memorial Piskarevskoye, donde reposan los resto de 420 mil ciudadanos y m\u00e1rtires de esta haza\u00f1a, constituy\u00f3 la actividad principal de los homenajes, donde la Gobernaci\u00f3n de la ciudad invit\u00f3 a los embajadores de Cuba y Bolivia en Rusia, Julio Garmend\u00eda y Mar\u00eda Luisa Ramos, respectivamente.<\/p>\n\n\n\n<figure class=\"wp-block-image\"><img decoding=\"async\" src=\"https:\/\/www.prensa-latina.cu\/wp-content\/uploads\/2024\/01\/embajadores-de-Cuba-y-Bolivia-500x375.jpg\" alt=\"\" class=\"wp-image-638473\"\/><\/figure>\n\n\n\n<p>Con anterioridad, el gobernador local Alex\u00e1nder Beglov manifest\u00f3 que diversas fueron las iniciativas para honrar la memoria de los leningradenses y defensores de la ciudad.<\/p>\n\n\n\n<p>\u201cConmemoramos el avance y el levantamiento del sitio de Leningrado en un momento dif\u00edcil para el pa\u00eds\u00bb, afirm\u00f3 en referencia a los casi dos a\u00f1os de operaci\u00f3n militar especial rusa en Ucrania.<\/p>\n\n\n\n<p>La historiograf\u00eda reconoce como \u00absitio de Leningrado\u00bb al bloqueo militar que los nazis establecieron sobre esta ciudad sovi\u00e9tica durante la Segunda Guerra Mundial, una de las p\u00e1ginas m\u00e1s tr\u00e1gicas de la historia del pa\u00eds.<\/p>\n\n\n\n<p>El cerco dur\u00f3 un total de 872 d\u00edas, desde el 8 de septiembre de 1941 al 27 de enero de 1944, y cost\u00f3 la vida de alrededor de 1,2 millones de personas, seg\u00fan distintas fuentes.<\/p>\n\n\n\n<p>La ciudad fue bombardeada 173 veces en casi tres a\u00f1os de bloqueo y la alarma antia\u00e9rea son\u00f3 649 veces en sus calles.<\/p>\n\n\n\n<figure class=\"wp-block-image\"><img decoding=\"async\" src=\"https:\/\/www.prensa-latina.cu\/wp-content\/uploads\/2024\/01\/ofrendas-375x500.jpg\" alt=\"\" class=\"wp-image-638475\"\/><\/figure>\n\n\n\n<p>Las tropas nazis entraron en el territorio de la regi\u00f3n de Leningrado en julio de 1941. Pese a los esfuerzos del Ej\u00e9rcito Rojo, los alemanes siguieron estrechando el per\u00edmetro alrededor de la ciudad y el 2 de septiembre cortaron la \u00faltima v\u00eda de ferrocarril que un\u00eda a la urbe con el resto del pa\u00eds.<\/p>\n\n\n\n<p>Menos de una semana despu\u00e9s, toda la zona qued\u00f3 totalmente cercada, de modo que las dos \u00fanicas v\u00edas de comunicaci\u00f3n con el exterior eran el aire y el lago L\u00e1doga.<\/p>\n\n\n\n<p>Las tropas sovi\u00e9ticas hicieron cuatro intentos fallidos de romper el bloqueo. Solo en enero de 1943, cuando las principales fuerzas alemanas estaban concentradas en Stalingrado, lo lograron gracias a la operaci\u00f3n Iskra. La ofensiva comenz\u00f3 en la ma\u00f1ana del 12 de enero.<\/p>\n\n\n\n<p>La esperada ruptura del sitio lleg\u00f3 el 18 de enero de 1943. La ofensiva sovi\u00e9tica tuvo como resultado la liberaci\u00f3n de la ciudad de Schlisselburg y se cre\u00f3 una brecha en el anillo de asedio, restableci\u00e9ndose as\u00ed el flujo terrestres.<\/p>\n\n\n\n<figure class=\"wp-block-image\"><img decoding=\"async\" src=\"https:\/\/www.prensa-latina.cu\/wp-content\/uploads\/2024\/01\/cementerio--375x500.jpg\" alt=\"\" class=\"wp-image-638472\"\/><\/figure>\n\n\n\n<p>Luego de este logro, la ciudad empez\u00f3 a recibir alimentos y otros art\u00edculos de primera necesidad, aunque el bloqueo segu\u00eda en curso. El sitio no se levant\u00f3 por completo hasta el 27 de enero de 1944, su ruptura sigue siendo para los rusos uno de los acontecimientos m\u00e1s significativos de la Gran Guerra Patria.<\/p>\n\n\n\n<p>npg\/odf<\/p>\n","protected":false},"excerpt":{"rendered":"<p>San Petersburgo, Rusia, 27 ene (Prensa Latina) Autoridades y pueblo en general conmemoraron hoy aqu\u00ed el aniversario 80 de la ruptura del cerco impuesto a Leningrado (actual ciudad rusa de San Petersburgo), avance crucial de la Gran Guerra Patria. Una peregrinaci\u00f3n y luego el dep\u00f3sito de ofrendas florales en el Cementerio Memorial Piskarevskoye, donde reposan [&hellip;]<\/p>\n","protected":false},"author":28,"featured_media":503983,"comment_status":"closed","ping_status":"","sticky":false,"template":"","format":"standard","meta":{"footnotes":""},"categories":[36,26],"tags":[],"class_list":["post-503982","post","type-post","status-publish","format-standard","has-post-thumbnail","hentry","category-hombresmujeresycosas","category-efemerides"],"_links":{"self":[{"href":"https:\/\/diariodominicano.com\/index.php?rest_route=\/wp\/v2\/posts\/503982","targetHints":{"allow":["GET"]}}],"collection":[{"href":"https:\/\/diariodominicano.com\/index.php?rest_route=\/wp\/v2\/posts"}],"about":[{"href":"https:\/\/diariodominicano.com\/index.php?rest_route=\/wp\/v2\/types\/post"}],"author":[{"embeddable":true,"href":"https:\/\/diariodominicano.com\/index.php?rest_route=\/wp\/v2\/users\/28"}],"replies":[{"embeddable":true,"href":"https:\/\/diariodominicano.com\/index.php?rest_route=%2Fwp%2Fv2%2Fcomments&post=503982"}],"version-history":[{"count":1,"href":"https:\/\/diariodominicano.com\/index.php?rest_route=\/wp\/v2\/posts\/503982\/revisions"}],"predecessor-version":[{"id":503984,"href":"https:\/\/diariodominicano.com\/index.php?rest_route=\/wp\/v2\/posts\/503982\/revisions\/503984"}],"wp:featuredmedia":[{"embeddable":true,"href":"https:\/\/diariodominicano.com\/index.php?rest_route=\/wp\/v2\/media\/503983"}],"wp:attachment":[{"href":"https:\/\/diariodominicano.com\/index.php?rest_route=%2Fwp%2Fv2%2Fmedia&parent=503982"}],"wp:term":[{"taxonomy":"category","embeddable":true,"href":"https:\/\/diariodominicano.com\/index.php?rest_route=%2Fwp%2Fv2%2Fcategories&post=503982"},{"taxonomy":"post_tag","embeddable":true,"href":"https:\/\/diariodominicano.com\/index.php?rest_route=%2Fwp%2Fv2%2Ftags&post=503982"}],"curies":[{"name":"wp","href":"https:\/\/api.w.org\/{rel}","templated":true}]}}