{"id":503963,"date":"2024-01-27T21:25:43","date_gmt":"2024-01-28T01:25:43","guid":{"rendered":"https:\/\/diariodominicano.com\/?p=503963"},"modified":"2024-01-27T21:31:08","modified_gmt":"2024-01-28T01:31:08","slug":"denuncian-campana-sucia-en-contra-del-candidato-a-alcalde-del-pld-carlos-garcia-en-barahona","status":"publish","type":"post","link":"https:\/\/diariodominicano.com\/?p=503963","title":{"rendered":"Denuncian campa\u00f1a sucia en contra del candidato a Alcalde del PLD Carlos Garc\u00eda en Barahona"},"content":{"rendered":"\n<p>BARAHONA: El Equipo Pol\u00edtico del candidato a Alcalde del Partido de la Liberaci\u00f3n Dominicana (PLD), Carlos Garc\u00eda, acus\u00f3 a sectores de los &nbsp;partidos de la oposici\u00f3n de llevar a cabo una campa\u00f1a sucia en su contra.<\/p>\n\n\n\n<figure class=\"wp-block-image size-full\"><img loading=\"lazy\" decoding=\"async\" width=\"404\" height=\"204\" src=\"https:\/\/diariodominicano.com\/wp-content\/uploads\/2024\/01\/page.jpg\" alt=\"\" class=\"wp-image-503967\" srcset=\"https:\/\/diariodominicano.com\/wp-content\/uploads\/2024\/01\/page.jpg 404w, https:\/\/diariodominicano.com\/wp-content\/uploads\/2024\/01\/page-300x151.jpg 300w\" sizes=\"auto, (max-width: 404px) 100vw, 404px\" \/><\/figure>\n\n\n\n<p><strong>Carlos Garc\u00eda<\/strong><\/p>\n\n\n\n<p>\u00abEsa campa\u00f1a sucia consiste en decir en las redes sociales que la candidatura de Carlos Garc\u00eda, va a ser retirada, cosa est\u00e1 que no es cierta, inclusive tenemos la informaci\u00f3n que han mandado a imprimir miles de volantes con esos prop\u00f3sitos de confundir a los barahoneros\u00bb, dice el Equipo Pol\u00edtico de Garc\u00eda en nota de prensa.<\/p>\n\n\n\n<p>\u201cEstos comentarios son contrarias a la decencia, al decoro y a la dignidad del candidato del Partido de la Liberaci\u00f3n Dominicana y queremos que la campa\u00f1a se lleve y termine con altura y en paz\u201d, expresa.<\/p>\n\n\n\n<p>\u00abSi los dem\u00e1s candidatos est\u00e1n bien posicionados cual es su desesperaci\u00f3n de esta alocada &nbsp;campa\u00f1a de desinformaci\u00f3n en contra de Carlos Garcia, quien ser\u00e1 el pr\u00f3ximo alcalde de este municipio con la voluntad y el apoyo de los barahoneros\u00bb, subray\u00f3.<\/p>\n\n\n\n<p>Llamaron a descontinuar esta pr\u00e1ctica nociva en contra de Carlos, o nos veremos en la necesidad de enfrentarla.<\/p>\n\n\n\n<p>Ohelmis S\u00e1nchez<\/p>\n\n\n\n<p><a target=\"_blank\" href=\"mailto:ecosdelsur01@gmail.com\" rel=\"noreferrer noopener\">ecosdelsur01@gmail.com<\/a><\/p>\n","protected":false},"excerpt":{"rendered":"<p>BARAHONA: El Equipo Pol\u00edtico del candidato a Alcalde del Partido de la Liberaci\u00f3n Dominicana (PLD), Carlos Garc\u00eda, acus\u00f3 a sectores de los &nbsp;partidos de la oposici\u00f3n de llevar a cabo una campa\u00f1a sucia en su contra. Carlos Garc\u00eda \u00abEsa campa\u00f1a sucia consiste en decir en las redes sociales que la candidatura de Carlos Garc\u00eda, va [&hellip;]<\/p>\n","protected":false},"author":28,"featured_media":503964,"comment_status":"closed","ping_status":"","sticky":false,"template":"","format":"standard","meta":{"footnotes":""},"categories":[22],"tags":[],"class_list":["post-503963","post","type-post","status-publish","format-standard","has-post-thumbnail","hentry","category-politica"],"_links":{"self":[{"href":"https:\/\/diariodominicano.com\/index.php?rest_route=\/wp\/v2\/posts\/503963","targetHints":{"allow":["GET"]}}],"collection":[{"href":"https:\/\/diariodominicano.com\/index.php?rest_route=\/wp\/v2\/posts"}],"about":[{"href":"https:\/\/diariodominicano.com\/index.php?rest_route=\/wp\/v2\/types\/post"}],"author":[{"embeddable":true,"href":"https:\/\/diariodominicano.com\/index.php?rest_route=\/wp\/v2\/users\/28"}],"replies":[{"embeddable":true,"href":"https:\/\/diariodominicano.com\/index.php?rest_route=%2Fwp%2Fv2%2Fcomments&post=503963"}],"version-history":[{"count":5,"href":"https:\/\/diariodominicano.com\/index.php?rest_route=\/wp\/v2\/posts\/503963\/revisions"}],"predecessor-version":[{"id":503970,"href":"https:\/\/diariodominicano.com\/index.php?rest_route=\/wp\/v2\/posts\/503963\/revisions\/503970"}],"wp:featuredmedia":[{"embeddable":true,"href":"https:\/\/diariodominicano.com\/index.php?rest_route=\/wp\/v2\/media\/503964"}],"wp:attachment":[{"href":"https:\/\/diariodominicano.com\/index.php?rest_route=%2Fwp%2Fv2%2Fmedia&parent=503963"}],"wp:term":[{"taxonomy":"category","embeddable":true,"href":"https:\/\/diariodominicano.com\/index.php?rest_route=%2Fwp%2Fv2%2Fcategories&post=503963"},{"taxonomy":"post_tag","embeddable":true,"href":"https:\/\/diariodominicano.com\/index.php?rest_route=%2Fwp%2Fv2%2Ftags&post=503963"}],"curies":[{"name":"wp","href":"https:\/\/api.w.org\/{rel}","templated":true}]}}