{"id":50384,"date":"2020-08-22T00:38:51","date_gmt":"2020-08-22T00:38:51","guid":{"rendered":"http:\/\/diariodominicano.ddns.net\/?p=50384"},"modified":"2020-08-22T00:38:51","modified_gmt":"2020-08-22T00:38:51","slug":"general-buceta-fracasa-en-su-intento-de-retomar-a-guayubin","status":"publish","type":"post","link":"https:\/\/diariodominicano.com\/?p=50384","title":{"rendered":"General Buceta fracasa en su intento de retomar  a Guayub\u00edn"},"content":{"rendered":"<p><body><\/p>\n<p><strong>Diariodominicano.com<\/strong><\/p>\n<p><strong>General Buceta fracasa en su intento de retomar  a Guayub\u00edn <\/strong><\/p>\n<p><strong>    SANTIAGO, RD, el  22 de agosto de 1863<\/strong>, en la Guerra de la Restauraci\u00f3n,  una columna espa\u00f1ola fue batida por los dominicanos en la Barranca de Guayacanes (La Barranquita), haci\u00e9ndola retroceder a orillas del r\u00edo Jacagua, en camino a Santiago.<\/p>\n<\/p>\n<p>   El  \u00abManual de Historia Militar Dominicana\u00bb, anota que al llegar a Guayacanes, una columna espa\u00f1ola al mando del teniente coronel Florentino Garc\u00eda, con el  prop\u00f3sito de darle apoyo  al brigadier Manuel Buceta que era perseguido por los restauradores, los dominicanos estaban listos para el ataque.<\/p>\n<\/p>\n<p>   Explica que el combate empez\u00f3 en las primeras horas de la ma\u00f1ana. Lo iniciaron los dominicanos con una descarga de fusiler\u00eda que caus\u00f3 varias bajas a los espa\u00f1oles.<\/p>\n<\/p>\n<p>   \u00abLos espa\u00f1oles intentaron en tres ocasiones ataques contra las posiciones defensivas de los dominicanos, pero como  en otras tantas fueron rechazados.<\/p>\n<\/p>\n<p>    \u00abSin embargo, los dominicanos influenciados por el \u00e9xito del rechazo de las embestidas espa\u00f1olas, lanzaron una carga al machete para contraatacar. <\/p>\n<\/p>\n<p>\u00abAnte esta situaci\u00f3n los hispanos cerraron su formaci\u00f3n e hicieron varias descargas de fusiler\u00edas y fuegos de Artiller\u00eda, pr\u00e1cticamente a quemarropa, caus\u00e1ndole cuantiosas bajas a nuestras tropas.<\/p>\n<\/p>\n<p>\t\u00abPero esto no amilan\u00f3 a los criollos y por el contrario atacaron con m\u00e1s furor a los espa\u00f1oles, quienes se vieron precisados a calar bayonetas y lo que sigui\u00f3 fue un combate sangriento en el que ninguno de los bandos ced\u00eda en su intenci\u00f3n de alzarse con la victoria.<\/p>\n<\/p>\n<p>\t\u00abDurante este combate perdieron la vida los comandantes espa\u00f1oles  Florentino Garc\u00eda y Robles, quien le sustituy\u00f3 en el mando, los cuales se involucraron en los combates cuerpo a cuerpo tras haber ordenado nuevos ataques, para tratar de romper la barrera defensiva de los dominicanos, los cuales parec\u00edan multiplicarse. Tanto uno como el otro fueron v\u00edctimas del machete redentor.<\/p>\n<\/p>\n<p>\t\u00abEl Capit\u00e1n R\u00edos, orden\u00f3 un nuevo ataque, pero al ver que los dominicanos no ced\u00edan y se empecinaban en tratar de lograr  capturar los ca\u00f1ones convoc\u00f3 una Junta de Oficiales en la que se acord\u00f3 el repliegue a Santiago, viendo de esa manera  frustrado el objetivo de restablecer el estado de cosas de Guayub\u00edn.  A las 17:00 horas finaliz\u00f3 el combate.<\/p>\n<\/p>\n<p>     La Guerra de La Restauraci\u00f3n hab\u00eda comenzado el d\u00eda 16 de agosto de 1863, con el \u00abGrito de Capotillo\u00bb.<\/p>\n<\/p>\n<\/p>\n<\/p>\n<h6> 2020-08-22 00:38:51 <\/h6>\n<p><!--\n<link rel=\"stylesheet\" href=\"css\/bootstrap.min.css\">\n\n\n<ul class=\"pagination\">\n\t    \n\t\n\n<li >\n\t<a href='?page_no=292'>Previous<\/a>\n\t<\/li>\n\n\n       \n    \n\n<li><a href='?page_no=1'>1<\/a><\/li>\n\n\n\n<li><a href='?page_no=2'>2<\/a><\/li>\n\n\n\n<li><a>...<\/a><\/li>\n\n\n\n<li><a href='?page_no=291'>291<\/a><\/li>\n\n\n\n<li><a href='?page_no=292'>292<\/a><\/li>\n\n\n\n<li class='active'><a>293<\/a><\/li>\n\n\n\n<li><a href='?page_no=294'>294<\/a><\/li>\n\n\n\n<li><a href='?page_no=295'>295<\/a><\/li>\n\n\n\n<li><a>...<\/a><\/li>\n\n\n\n<li><a href='?page_no=22911'>22911<\/a><\/li>\n\n\n\n<li><a href='?page_no=22912'>22912<\/a><\/li>\n\n    \n\t\n\n<li >\n\t<a href='?page_no=294'>Next<\/a>\n\t<\/li>\n\n\n    \n\n<li><a href='?page_no=22912'>Last &rsaquo;&rsaquo;<\/a><\/li>\n\n<\/ul>\n\n\n--><br \/>\n<\/body><\/p>\n","protected":false},"excerpt":{"rendered":"<p>Diariodominicano.com General Buceta fracasa en su intento de retomar a Guayub\u00edn SANTIAGO, RD, el 22 de agosto de 1863, en la Guerra de la Restauraci\u00f3n, una columna espa\u00f1ola fue batida por los dominicanos en la Barranca de Guayacanes (La Barranquita), haci\u00e9ndola retroceder a orillas del r\u00edo Jacagua, en camino a Santiago. El \u00abManual de Historia [&hellip;]<\/p>\n","protected":false},"author":3,"featured_media":0,"comment_status":"open","ping_status":"open","sticky":false,"template":"","format":"standard","meta":{"footnotes":""},"categories":[21],"tags":[],"class_list":["post-50384","post","type-post","status-publish","format-standard","hentry","category-cultura"],"_links":{"self":[{"href":"https:\/\/diariodominicano.com\/index.php?rest_route=\/wp\/v2\/posts\/50384","targetHints":{"allow":["GET"]}}],"collection":[{"href":"https:\/\/diariodominicano.com\/index.php?rest_route=\/wp\/v2\/posts"}],"about":[{"href":"https:\/\/diariodominicano.com\/index.php?rest_route=\/wp\/v2\/types\/post"}],"author":[{"embeddable":true,"href":"https:\/\/diariodominicano.com\/index.php?rest_route=\/wp\/v2\/users\/3"}],"replies":[{"embeddable":true,"href":"https:\/\/diariodominicano.com\/index.php?rest_route=%2Fwp%2Fv2%2Fcomments&post=50384"}],"version-history":[{"count":0,"href":"https:\/\/diariodominicano.com\/index.php?rest_route=\/wp\/v2\/posts\/50384\/revisions"}],"wp:attachment":[{"href":"https:\/\/diariodominicano.com\/index.php?rest_route=%2Fwp%2Fv2%2Fmedia&parent=50384"}],"wp:term":[{"taxonomy":"category","embeddable":true,"href":"https:\/\/diariodominicano.com\/index.php?rest_route=%2Fwp%2Fv2%2Fcategories&post=50384"},{"taxonomy":"post_tag","embeddable":true,"href":"https:\/\/diariodominicano.com\/index.php?rest_route=%2Fwp%2Fv2%2Ftags&post=50384"}],"curies":[{"name":"wp","href":"https:\/\/api.w.org\/{rel}","templated":true}]}}