{"id":503835,"date":"2024-01-27T00:42:28","date_gmt":"2024-01-27T04:42:28","guid":{"rendered":"https:\/\/diariodominicano.com\/?p=503835"},"modified":"2024-01-27T00:42:28","modified_gmt":"2024-01-27T04:42:28","slug":"dominicanos-y-cubanos-rinden-homenaje-a-juan-pablo-duarte-fotos","status":"publish","type":"post","link":"https:\/\/diariodominicano.com\/?p=503835","title":{"rendered":"Dominicanos y cubanos rinden homenaje a Juan Pablo Duarte (+Fotos)"},"content":{"rendered":"\n<figure class=\"wp-block-image\"><img decoding=\"async\" src=\"https:\/\/www.prensa-latina.cu\/wp-content\/uploads\/2024\/01\/parque-duarte.jpg\" alt=\"\" class=\"wp-image-638303\"\/><\/figure>\n\n\n\n<p>Santo Domingo, 26 ene (Prensa Latina) Dominicanos y cubanos rindieron hoy homenaje al Padre de la Patria, Juan Pablo Duarte, en el aniversario 211 de su natalicio, en el parque que lleva el nombre del insigne patriota, situado en la zona colonial de Santo Domingo.<\/p>\n\n\n\n<ul class=\"wp-block-list\">\n<li>enero 26, 2024<\/li>\n\n\n\n<li>CST15:20 (GMT) -0500<\/li>\n<\/ul>\n\n\n\n<figure class=\"wp-block-image\"><img decoding=\"async\" src=\"https:\/\/www.prensa-latina.cu\/wp-content\/uploads\/2024\/01\/flor-500x375.jpg\" alt=\"\" class=\"wp-image-638304\"\/><\/figure>\n\n\n\n<p>La Campa\u00f1a Dominicana de Solidaridad con Cuba, representantes de la misi\u00f3n estatal de ese pa\u00eds caribe\u00f1o encabezados por su embajador, \u00c1ngel Arzuaga, y cubanos residentes colocaron una ofrenda floral en el monumento erigido en honor al Padre de la Independencia.<\/p>\n\n\n\n<figure class=\"wp-block-image\"><img decoding=\"async\" src=\"https:\/\/www.prensa-latina.cu\/wp-content\/uploads\/2024\/01\/band-500x375.jpg\" alt=\"\" class=\"wp-image-638307\"\/><\/figure>\n\n\n\n<p>Isabel Tejada, de la Campa\u00f1a Dominicana, expres\u00f3 que Duarte (1813-1876) representa los ideales m\u00e1s nobles y puros de la lucha por la independencia.<\/p>\n\n\n\n<figure class=\"wp-block-image\"><img decoding=\"async\" src=\"https:\/\/www.prensa-latina.cu\/wp-content\/uploads\/2024\/01\/emba-500x375.jpg\" alt=\"\" class=\"wp-image-638305\"\/><\/figure>\n\n\n\n<p>Tejada resalt\u00f3 el pensamiento del h\u00e9roe nacional dominicano cuando expres\u00f3: \u201cNuestra Patria ha de ser libre e independiente de toda potencia extranjera o se hunde la isla\u201d.<\/p>\n\n\n\n<p>Estim\u00f3 que no hay mejor sitio para recordarle que en este lugar escogido por los trinitarios (integrantes de la sociedad creada por Duarte) para reunirse con el \u00e1nimo de independizar la parte Este de La Espa\u00f1ola de Hait\u00ed.<\/p>\n\n\n\n<p>En la ocasi\u00f3n, el embajador Arzuaga agradeci\u00f3 por la organizaci\u00f3n conjunta de este acto en homenaje a Duarte y dijo que, tanto al Padre de la Independencia dominicana como al H\u00e9roe Nacional de Cuba, Jos\u00e9 Mart\u00ed (1853-1895), los un\u00edan el anhelo de independencia.<\/p>\n\n\n\n<p>Con posterioridad, el embajador cubano y los amigos dominicanos se trasladaron al Altar de la Patria, un mausoleo en m\u00e1rmol blanco, en cuyo interior tres estatuas rinden homenaje a los Padres de la Patria Juan Pablo Duarte, Francisco del Rosario S\u00e1nchez y Mat\u00edas Ram\u00f3n Mella.<\/p>\n\n\n\n<p>En una solemne ceremonia junto a miembros del Instituto Duartiano encabezado por su presidente, Wilson G\u00f3mez Ram\u00edrez, fue depositada una ofrenda floral en el Altar, con las palabras de orden, toque de ofrenda y la interpretaci\u00f3n de los himnos Nacional y a Duarte.<\/p>\n\n\n\n<p>Ram\u00edrez llam\u00f3 de dominicano excepcional a Duarte, de quien expres\u00f3 consagr\u00f3 su vida a luchar por la soberan\u00eda de su patria.<\/p>\n\n\n\n<p>Manifest\u00f3 que, a 211 a\u00f1os de su natalicio, \u201casumimos hoy la defensa de nuestro pa\u00eds a cada hora, a cada minuto, a cada segundo\u201d.<\/p>\n\n\n\n<p>Sostuvo que Duarte \u201cnos dio nombre, nos dio bandera y fue su gloria la que nos dio esta patria\u201d.<\/p>\n\n\n\n<p>Este 26 de enero han tenido m\u00faltiples actos en la capital y en el interior del pa\u00eds en recordaci\u00f3n a ese gran hombre, para quien \u201cVivir sin Patria, es lo mismo que vivir sin honor\u201d.<\/p>\n\n\n\n<p>lam\/mpv<\/p>\n","protected":false},"excerpt":{"rendered":"<p>Santo Domingo, 26 ene (Prensa Latina) Dominicanos y cubanos rindieron hoy homenaje al Padre de la Patria, Juan Pablo Duarte, en el aniversario 211 de su natalicio, en el parque que lleva el nombre del insigne patriota, situado en la zona colonial de Santo Domingo. La Campa\u00f1a Dominicana de Solidaridad con Cuba, representantes de la [&hellip;]<\/p>\n","protected":false},"author":28,"featured_media":503836,"comment_status":"closed","ping_status":"","sticky":true,"template":"","format":"standard","meta":{"footnotes":""},"categories":[26,27],"tags":[],"class_list":["post-503835","post","type-post","status-publish","format-standard","has-post-thumbnail","hentry","category-efemerides","category-portada"],"_links":{"self":[{"href":"https:\/\/diariodominicano.com\/index.php?rest_route=\/wp\/v2\/posts\/503835","targetHints":{"allow":["GET"]}}],"collection":[{"href":"https:\/\/diariodominicano.com\/index.php?rest_route=\/wp\/v2\/posts"}],"about":[{"href":"https:\/\/diariodominicano.com\/index.php?rest_route=\/wp\/v2\/types\/post"}],"author":[{"embeddable":true,"href":"https:\/\/diariodominicano.com\/index.php?rest_route=\/wp\/v2\/users\/28"}],"replies":[{"embeddable":true,"href":"https:\/\/diariodominicano.com\/index.php?rest_route=%2Fwp%2Fv2%2Fcomments&post=503835"}],"version-history":[{"count":1,"href":"https:\/\/diariodominicano.com\/index.php?rest_route=\/wp\/v2\/posts\/503835\/revisions"}],"predecessor-version":[{"id":503837,"href":"https:\/\/diariodominicano.com\/index.php?rest_route=\/wp\/v2\/posts\/503835\/revisions\/503837"}],"wp:featuredmedia":[{"embeddable":true,"href":"https:\/\/diariodominicano.com\/index.php?rest_route=\/wp\/v2\/media\/503836"}],"wp:attachment":[{"href":"https:\/\/diariodominicano.com\/index.php?rest_route=%2Fwp%2Fv2%2Fmedia&parent=503835"}],"wp:term":[{"taxonomy":"category","embeddable":true,"href":"https:\/\/diariodominicano.com\/index.php?rest_route=%2Fwp%2Fv2%2Fcategories&post=503835"},{"taxonomy":"post_tag","embeddable":true,"href":"https:\/\/diariodominicano.com\/index.php?rest_route=%2Fwp%2Fv2%2Ftags&post=503835"}],"curies":[{"name":"wp","href":"https:\/\/api.w.org\/{rel}","templated":true}]}}