{"id":50373,"date":"2020-08-23T10:23:47","date_gmt":"2020-08-23T10:23:47","guid":{"rendered":"http:\/\/diariodominicano.ddns.net\/?p=50373"},"modified":"2020-08-23T10:23:47","modified_gmt":"2020-08-23T10:23:47","slug":"festival-de-malaga-reconoce-talento-de-cineasta-carlos-marques-marcet","status":"publish","type":"post","link":"https:\/\/diariodominicano.com\/?p=50373","title":{"rendered":"Festival de M\u00e1laga reconoce talento de cineasta Carlos Marques-Marcet&#13;"},"content":{"rendered":"<p><body><\/p>\n<p><img decoding=\"async\" src=\"img3\/malaga23-8-20.jpg\" \/>  <\/p>\n<p><span class=\"text1noticias\">diariodominicano.com<\/span><\/p>\n<\/p>\n<p><span class=\"text1noticias\">Madrid, 23 ago (Prensa Latina) El cineasta espa\u00f1ol Carlos Marques-Marcet recibir\u00e1 hoy el Premio M\u00e1laga Talent en el 23 Festival de M\u00e1laga, que incluye en la secci\u00f3n oficial su m\u00e1s reciente pel\u00edcula: Un mundo normal.<\/span><\/p>\n<p><span class=\"text1noticias\"> <\/span><\/p>\n<p><span class=\"text1noticias\">Marques-Marcet conquist\u00f3 el Goya al mejor director novel en 2015 por su \u00f3pera prima, 10.000 km, y tiene m\u00e1s de una decena de lauros en eventos internacionales, dentro y fuera de su natal Espa\u00f1a.<\/span><\/p>\n<p><span class=\"text1noticias\"> <\/span><\/p>\n<p><span class=\"text1noticias\">Tras la premiaci\u00f3n, el Festival de M\u00e1laga expondr\u00e1 el filme Un mundo normal, que relata la reacci\u00f3n de un director de teatro exc\u00e9ntrico e inconformista tras recibir la noticia de la muerte de su madre.<\/span><\/p>\n<p><span class=\"text1noticias\"> <\/span><\/p>\n<p><span class=\"text1noticias\">Camino al cementerio, el hombre roba el ata\u00fad para tirar el cad\u00e1ver al oc\u00e9ano, como era su deseo, y en ese viaje la hija le acompa\u00f1a con la intenci\u00f3n de hacerle cambiar de idea; pero descubrir\u00e1 que el padre no es ning\u00fan loco, as\u00ed como la importancia de ser fiel a uno mismo.<\/span><\/p>\n<p><span class=\"text1noticias\"> <\/span><\/p>\n<p><span class=\"text1noticias\">El Festival de M\u00e1laga comenz\u00f3 su edici\u00f3n 23 este 21 de agosto con la competencia de casi una veintena de filmes nacionales y de Am\u00e9rica Latina bajo la m\u00e1xima de que la cultura es segura.<\/span><\/p>\n<p><span class=\"text1noticias\"> <\/span><\/p>\n<p><span class=\"text1noticias\">A la competici\u00f3n por la Biznaga de Oro asisten los reconocidos cineastas David Trueba, Daniel Calparsoro, Achero Ma\u00f1as, Pilar Palomero e Iciar Bollain, cuya producci\u00f3n La Boda de Rosa, inaugur\u00f3 el evento, devenido el primer gran certamen de cine espa\u00f1ol tras el confinamiento por la epidemia del SARS-CoV-2.<\/span><\/p>\n<p><span class=\"text1noticias\"> <\/span><\/p>\n<p><span class=\"text1noticias\">Las cintas latinoamericanas Piola (Chile), Malpaso (Rep\u00fablica Dominicana), Tr\u00eas Veroes (Brasil-Francia), El silencio del cazador y El robo del siglo (Argentina) junto a Summer White y El diablo entre las piernas (M\u00e9xico) figuran entre las obras a exhibir.<\/span><\/p>\n<p><span class=\"text1noticias\"> <\/span><\/p>\n<p><span class=\"text1noticias\">Este a\u00f1o, el evento otorgar\u00e1 el Premio Retrospectiva al director mexicano Arturo Ripstein, y dar\u00e1 acceso a la nueva Sala Festival de M\u00e1laga dedicada a la proyecci\u00f3n de las pel\u00edculas premiadas a lo largo de sus 23 ediciones, entre estas, Kr\u00e1mpack, Bienvenido a casa y El juego de luna.<\/span><\/p>\n<p><span class=\"text1noticias\"> <\/span><\/p>\n<p><span class=\"text1noticias\">Hasta el 30 de agosto, la muestra malague\u00f1a propiciar\u00e1 el encuentro con el cine espa\u00f1ol y de habla hispana en una convocatoria, cuya apuesta ser\u00e1 al s\u00e9ptimo arte como principal protagonista adaptado a los nuevos tiempos.<\/span><\/p>\n<\/p>\n<p>jcm\/msm<\/p>\n<h6> 2020-08-23 10:23:47 <\/h6>\n<p><!--\n<link rel=\"stylesheet\" href=\"css\/bootstrap.min.css\">\n\n\n<ul class=\"pagination\">\n\t    \n\t\n\n<li >\n\t<a href='?page_no=291'>Previous<\/a>\n\t<\/li>\n\n\n       \n    \n\n<li><a href='?page_no=1'>1<\/a><\/li>\n\n\n\n<li><a href='?page_no=2'>2<\/a><\/li>\n\n\n\n<li><a>...<\/a><\/li>\n\n\n\n<li><a href='?page_no=290'>290<\/a><\/li>\n\n\n\n<li><a href='?page_no=291'>291<\/a><\/li>\n\n\n\n<li class='active'><a>292<\/a><\/li>\n\n\n\n<li><a href='?page_no=293'>293<\/a><\/li>\n\n\n\n<li><a href='?page_no=294'>294<\/a><\/li>\n\n\n\n<li><a>...<\/a><\/li>\n\n\n\n<li><a href='?page_no=22911'>22911<\/a><\/li>\n\n\n\n<li><a href='?page_no=22912'>22912<\/a><\/li>\n\n    \n\t\n\n<li >\n\t<a href='?page_no=293'>Next<\/a>\n\t<\/li>\n\n\n    \n\n<li><a href='?page_no=22912'>Last &rsaquo;&rsaquo;<\/a><\/li>\n\n<\/ul>\n\n\n--><br \/>\n<\/body><\/p>\n","protected":false},"excerpt":{"rendered":"<p>diariodominicano.com Madrid, 23 ago (Prensa Latina) El cineasta espa\u00f1ol Carlos Marques-Marcet recibir\u00e1 hoy el Premio M\u00e1laga Talent en el 23 Festival de M\u00e1laga, que incluye en la secci\u00f3n oficial su m\u00e1s reciente pel\u00edcula: Un mundo normal. Marques-Marcet conquist\u00f3 el Goya al mejor director novel en 2015 por su \u00f3pera prima, 10.000 km, y tiene m\u00e1s [&hellip;]<\/p>\n","protected":false},"author":3,"featured_media":0,"comment_status":"open","ping_status":"open","sticky":false,"template":"","format":"standard","meta":{"footnotes":""},"categories":[21],"tags":[],"class_list":["post-50373","post","type-post","status-publish","format-standard","hentry","category-cultura"],"_links":{"self":[{"href":"https:\/\/diariodominicano.com\/index.php?rest_route=\/wp\/v2\/posts\/50373","targetHints":{"allow":["GET"]}}],"collection":[{"href":"https:\/\/diariodominicano.com\/index.php?rest_route=\/wp\/v2\/posts"}],"about":[{"href":"https:\/\/diariodominicano.com\/index.php?rest_route=\/wp\/v2\/types\/post"}],"author":[{"embeddable":true,"href":"https:\/\/diariodominicano.com\/index.php?rest_route=\/wp\/v2\/users\/3"}],"replies":[{"embeddable":true,"href":"https:\/\/diariodominicano.com\/index.php?rest_route=%2Fwp%2Fv2%2Fcomments&post=50373"}],"version-history":[{"count":0,"href":"https:\/\/diariodominicano.com\/index.php?rest_route=\/wp\/v2\/posts\/50373\/revisions"}],"wp:attachment":[{"href":"https:\/\/diariodominicano.com\/index.php?rest_route=%2Fwp%2Fv2%2Fmedia&parent=50373"}],"wp:term":[{"taxonomy":"category","embeddable":true,"href":"https:\/\/diariodominicano.com\/index.php?rest_route=%2Fwp%2Fv2%2Fcategories&post=50373"},{"taxonomy":"post_tag","embeddable":true,"href":"https:\/\/diariodominicano.com\/index.php?rest_route=%2Fwp%2Fv2%2Ftags&post=50373"}],"curies":[{"name":"wp","href":"https:\/\/api.w.org\/{rel}","templated":true}]}}