{"id":503713,"date":"2024-01-26T20:57:21","date_gmt":"2024-01-27T00:57:21","guid":{"rendered":"https:\/\/diariodominicano.com\/?p=503713"},"modified":"2024-01-26T20:58:13","modified_gmt":"2024-01-27T00:58:13","slug":"embajada-dominicana-en-espana-realiza-ofrenda-floral-en-honor-a-juan-pablo-duarte-2","status":"publish","type":"post","link":"https:\/\/diariodominicano.com\/?p=503713","title":{"rendered":"Embajada dominicana en Espa\u00f1a realiza ofrenda floral en honor a Juan Pablo Duarte"},"content":{"rendered":"\n<p>El embajador de Rep\u00fablica Dominicana ante el Reino de Espa\u00f1a, Juan Bol\u00edvar D\u00edaz, el c\u00f3nsul General en Madrid, Miguel V\u00e1squez Pe\u00f1a, la presidenta del Instituto Duartiano &#8211; filial Madrid, Jeanette Alfau y el director del Instituto de Dominicanos y Dominicanas en el Exterior (INDEX), Leonardo Marrero han sido los organizadores de la actividad.<\/p>\n\n\n\n<p>Una solemne ceremonia ha sido celebrada este viernes, 26 de enero, ante el busto del Padre de la Patria de Rep\u00fablica Dominicana, Juan Pablo Duarte y D\u00edez, ubicada en el Paseo de Camoens del Parque del Oeste, con motivo de la conmemoraci\u00f3n de los 211 a\u00f1os del aniversario de su natalicio.<\/p>\n\n\n\n<p>El embajador de Rep\u00fablica Dominicana ante el Reino de Espa\u00f1a, Juan Bol\u00edvar D\u00edaz, el c\u00f3nsul General en Madrid, Miguel V\u00e1squez Pe\u00f1a, la presidenta del Instituto Duartiano &#8211; filial Madrid, Jeanette Alfau y el director del Instituto de Dominicanos y Dominicanas en el Exterior (INDEX), Leonardo Marrero han sido los organizadores de la actividad.<\/p>\n\n\n\n<p>Durante las intervenciones se destac\u00f3 la vida, obra y pensamiento de Duarte. El embajador D\u00edaz se refiri\u00f3 a su trayectoria como patriota. Se\u00f1al\u00f3 que fue fundador de la sociedad La Trinitaria y principal ide\u00f3logo de la independencia, causa por la que luch\u00f3 toda su vida. Mientras que el c\u00f3nsul V\u00e1squez subray\u00f3 la influencia inspiradora de su pensamiento en la juventud y exhort\u00f3 a emularlo. La Dra. Alfau record\u00f3 que Duarte dijo \u201ctrabajemos por y para la patria, que es trabajar para nuestros hijos y para nosotros mismos\u201d.<\/p>\n\n\n\n<p>Las autoridades dominicanas, en compa\u00f1\u00eda del ministro consejero de la Embajada, Ram\u00f3n Burgos y el agregado de Defensa, Anyoly Ceballos, colocaron dos ofrendas florales ante el busto del patricio, una de las cuales ha sido un gesto del Ayuntamiento de Madrid.<\/p>\n\n\n\n<p>Entre los asistentes en este acto estuvieron la embajadora consorte de la Embajada dominicana ante el Reino de Espa\u00f1a, Do\u00f1a Ada Wiscovitch Carlo; miembros del cuerpo diplom\u00e1tico y consular y agregados militares acreditados en Espa\u00f1a; los c\u00f3nsules dominicanos en Valencia, Gloria Guevara, en Sevilla, Cesar Enrique G\u00f3mez y en Hamburgo, Carlos N\u00fa\u00f1ez, el diputado de ultramar Julio C\u00e9sar L\u00f3pez y miembros de la comunidad dominicana.<\/p>\n\n\n\n<p>Con esta actividad se da inicio al mes de la Patria, para lo cual la Embajada de Rep\u00fablica Dominicana ante el Reino de Espa\u00f1a organiza diversas actividades en conmemoraci\u00f3n del 180 Aniversario de la Independencia Nacional.<\/p>\n\n\n\n<p>Diana Infante Qui\u00f1ones<\/p>\n\n\n\n<p><a target=\"_blank\" href=\"mailto:dinfante@embajadadominicana.es\" rel=\"noreferrer noopener\">dinfante@embajadadominicana.es<\/a><\/p>\n\n\n\n<p><em>&nbsp;&nbsp;&nbsp;&nbsp;&nbsp;&nbsp; 26 de enero, Madrid, Espa\u00f1a<\/em><\/p>\n","protected":false},"excerpt":{"rendered":"<p>El embajador de Rep\u00fablica Dominicana ante el Reino de Espa\u00f1a, Juan Bol\u00edvar D\u00edaz, el c\u00f3nsul General en Madrid, Miguel V\u00e1squez Pe\u00f1a, la presidenta del Instituto Duartiano &#8211; filial Madrid, Jeanette Alfau y el director del Instituto de Dominicanos y Dominicanas en el Exterior (INDEX), Leonardo Marrero han sido los organizadores de la actividad. Una solemne [&hellip;]<\/p>\n","protected":false},"author":28,"featured_media":503714,"comment_status":"closed","ping_status":"","sticky":true,"template":"","format":"standard","meta":{"footnotes":""},"categories":[21,36,20,26,27],"tags":[],"class_list":["post-503713","post","type-post","status-publish","format-standard","has-post-thumbnail","hentry","category-cultura","category-hombresmujeresycosas","category-dominicana-hoy","category-efemerides","category-portada"],"_links":{"self":[{"href":"https:\/\/diariodominicano.com\/index.php?rest_route=\/wp\/v2\/posts\/503713","targetHints":{"allow":["GET"]}}],"collection":[{"href":"https:\/\/diariodominicano.com\/index.php?rest_route=\/wp\/v2\/posts"}],"about":[{"href":"https:\/\/diariodominicano.com\/index.php?rest_route=\/wp\/v2\/types\/post"}],"author":[{"embeddable":true,"href":"https:\/\/diariodominicano.com\/index.php?rest_route=\/wp\/v2\/users\/28"}],"replies":[{"embeddable":true,"href":"https:\/\/diariodominicano.com\/index.php?rest_route=%2Fwp%2Fv2%2Fcomments&post=503713"}],"version-history":[{"count":3,"href":"https:\/\/diariodominicano.com\/index.php?rest_route=\/wp\/v2\/posts\/503713\/revisions"}],"predecessor-version":[{"id":503717,"href":"https:\/\/diariodominicano.com\/index.php?rest_route=\/wp\/v2\/posts\/503713\/revisions\/503717"}],"wp:featuredmedia":[{"embeddable":true,"href":"https:\/\/diariodominicano.com\/index.php?rest_route=\/wp\/v2\/media\/503714"}],"wp:attachment":[{"href":"https:\/\/diariodominicano.com\/index.php?rest_route=%2Fwp%2Fv2%2Fmedia&parent=503713"}],"wp:term":[{"taxonomy":"category","embeddable":true,"href":"https:\/\/diariodominicano.com\/index.php?rest_route=%2Fwp%2Fv2%2Fcategories&post=503713"},{"taxonomy":"post_tag","embeddable":true,"href":"https:\/\/diariodominicano.com\/index.php?rest_route=%2Fwp%2Fv2%2Ftags&post=503713"}],"curies":[{"name":"wp","href":"https:\/\/api.w.org\/{rel}","templated":true}]}}