{"id":503663,"date":"2024-01-26T18:59:55","date_gmt":"2024-01-26T22:59:55","guid":{"rendered":"https:\/\/diariodominicano.com\/?p=503663"},"modified":"2024-01-26T18:59:55","modified_gmt":"2024-01-26T22:59:55","slug":"miguel-vargas-recorrera-el-este-del-pais-durante-fin-de-semana","status":"publish","type":"post","link":"https:\/\/diariodominicano.com\/?p=503663","title":{"rendered":"Miguel Vargas recorrer\u00e1 el este del pa\u00eds durante fin de semana"},"content":{"rendered":"\n<p>Santo Domingo. \u2013 &nbsp;El candidato presidencial del Partido Revolucionario Dominicano (PRD), Miguel Vargas, visitar\u00e1 la parte oriental del pa\u00eds este fin de semana, en el marco de la campa\u00f1a electoral.<\/p>\n\n\n\n<p>El recorrido iniciar\u00e1 este s\u00e1bado, en La Romana. All\u00ed sostendr\u00e1 un encuentro con la familia perrede\u00edsta, a las 4:00 p. m., en uno de los negocios del&nbsp;edificio F&amp;G de esa ciudad.<\/p>\n\n\n\n<p>El domingo, Vargas ofrecer\u00e1 una rueda de prensa, a las 10:00 a. m. Esto ser\u00e1 en la casa del&nbsp;exsenador y candidato a esa misma posici\u00f3n por el partido y la Alianza Opositora Rescate RD,&nbsp;Ulises de Beras, en El Seibo. Media hora m\u00e1s tarde, el presidente del PRD encabezar\u00e1 una actividad en el Club de los Bomberos de esa demarcaci\u00f3n.<\/p>\n\n\n\n<p>Para la 01:00 p. m., tiene en agenda participar en un programa radiotelevisivo en el Circuito Campos Ventura, en Hig\u00fcey, La Altagracia. All\u00ed presentar\u00e1 su propuesta de \u201cun gobierno distinto, que permita a la gente salir del atraso y desesperanza en que la han sumido los oficialistas\u201d.<\/p>\n\n\n\n<p>Finalmente, a las 02:00 p. m., Miguel Vargas tiene pautado un gran encuentro con la militancia perrede\u00edsta de la provincia. Esto ser\u00e1 en el sal\u00f3n de la Asociaci\u00f3n de Vendedores y Pescadores de Playa B\u00e1varo, Punta Cana, Macao y Arena Gorda (Asovepabapuma), en Hig\u00fcey.&nbsp; &nbsp;<\/p>\n","protected":false},"excerpt":{"rendered":"<p>Santo Domingo. \u2013 &nbsp;El candidato presidencial del Partido Revolucionario Dominicano (PRD), Miguel Vargas, visitar\u00e1 la parte oriental del pa\u00eds este fin de semana, en el marco de la campa\u00f1a electoral. El recorrido iniciar\u00e1 este s\u00e1bado, en La Romana. All\u00ed sostendr\u00e1 un encuentro con la familia perrede\u00edsta, a las 4:00 p. m., en uno de los [&hellip;]<\/p>\n","protected":false},"author":7,"featured_media":496397,"comment_status":"closed","ping_status":"","sticky":true,"template":"","format":"standard","meta":{"footnotes":""},"categories":[22,27],"tags":[],"class_list":["post-503663","post","type-post","status-publish","format-standard","has-post-thumbnail","hentry","category-politica","category-portada"],"_links":{"self":[{"href":"https:\/\/diariodominicano.com\/index.php?rest_route=\/wp\/v2\/posts\/503663","targetHints":{"allow":["GET"]}}],"collection":[{"href":"https:\/\/diariodominicano.com\/index.php?rest_route=\/wp\/v2\/posts"}],"about":[{"href":"https:\/\/diariodominicano.com\/index.php?rest_route=\/wp\/v2\/types\/post"}],"author":[{"embeddable":true,"href":"https:\/\/diariodominicano.com\/index.php?rest_route=\/wp\/v2\/users\/7"}],"replies":[{"embeddable":true,"href":"https:\/\/diariodominicano.com\/index.php?rest_route=%2Fwp%2Fv2%2Fcomments&post=503663"}],"version-history":[{"count":1,"href":"https:\/\/diariodominicano.com\/index.php?rest_route=\/wp\/v2\/posts\/503663\/revisions"}],"predecessor-version":[{"id":503669,"href":"https:\/\/diariodominicano.com\/index.php?rest_route=\/wp\/v2\/posts\/503663\/revisions\/503669"}],"wp:featuredmedia":[{"embeddable":true,"href":"https:\/\/diariodominicano.com\/index.php?rest_route=\/wp\/v2\/media\/496397"}],"wp:attachment":[{"href":"https:\/\/diariodominicano.com\/index.php?rest_route=%2Fwp%2Fv2%2Fmedia&parent=503663"}],"wp:term":[{"taxonomy":"category","embeddable":true,"href":"https:\/\/diariodominicano.com\/index.php?rest_route=%2Fwp%2Fv2%2Fcategories&post=503663"},{"taxonomy":"post_tag","embeddable":true,"href":"https:\/\/diariodominicano.com\/index.php?rest_route=%2Fwp%2Fv2%2Ftags&post=503663"}],"curies":[{"name":"wp","href":"https:\/\/api.w.org\/{rel}","templated":true}]}}