{"id":50362,"date":"2020-08-23T21:20:05","date_gmt":"2020-08-23T21:20:05","guid":{"rendered":"http:\/\/diariodominicano.ddns.net\/?p=50362"},"modified":"2020-08-23T21:20:05","modified_gmt":"2020-08-23T21:20:05","slug":"presidente-juan-bosch-en-inauguracion-del-banco-popular","status":"publish","type":"post","link":"https:\/\/diariodominicano.com\/?p=50362","title":{"rendered":"&#13;Presidente Juan Bosch en inauguraci\u00f3n del Banco Popular"},"content":{"rendered":"<p><body><\/p>\n<p><img decoding=\"async\" src=\"img3\/bosch00025.jpg\" \/>  <\/p>\n<p><strong>Diariodominicano.com<\/strong><\/p>\n<p><strong>Presidente Juan Bosch en inauguraci\u00f3n del Banco Popular Dominicano<\/strong><\/p>\n<p>El Popular fue el primer banco establecido en Rep\u00fablica Dominicana tras la ca\u00edda de la dictadura de Rafael Le\u00f3nidas Trujillo Molina: Fue  creado con el apoyo de comerciantes y empresarios de la ciudad de Santiago, liderado por  Alejandro Grull\u00f3n.<\/p>\n<p><strong>Por H\u00e9ctor Tineo Nolasco<\/strong><\/p>\n<p><strong>Diariodominicano.com<\/strong><\/p>\n<p><strong>SANTO DOMINGO, el  23 de Agosto de 1963, <\/strong>en un acto encabezado por el Presidente de la Rep\u00fablica, profesor Juan Bosch, fue inaugurado el Banco Popular Dominicano.<\/p>\n<\/p>\n<p>     El Popular fue el primer banco establecido en Rep\u00fablica Dominicana tras la ca\u00edda de la dictadura de Rafael Le\u00f3nidas Trujillo Molina: Fue  creado con el apoyo de comerciantes y empresarios de la ciudad de Santiago, liderado por  Alejandro Grull\u00f3n.<\/p>\n<\/p>\n<p>Abri\u00f3 sus puertas al p\u00fablico el 2 de enero de 1964, en su oficina de la calle Isabel la Cat\u00f3lica esquina Emiliano Tejera, en la ciudad de Santo Domingo. Ofreci\u00f3  facilidades de cr\u00e9dito para  las peque\u00f1as industrias, atenci\u00f3n  a las necesidades ahorro y pr\u00e9stamos del sector rural, y por la apertura de cuentas de ahorros y corrientes con bajos dep\u00f3sitos. Se fund\u00f3 con un  Capital Pagado de  RD$500,000.00, como requer\u00eda la Ley n\u00famero 708 del 14 de Abril de 1965.<\/p>\n<\/p>\n<p>Un documento institucional destaca  que el crecimiento del Banco Popular  ha sido  gradual y sostenido, estableciendo oficinas comerciales donde hay n\u00facleos de poblaci\u00f3n que requieren  los servicios de la banca, abarcando los centros urbanos como peque\u00f1os pueblos costeros y  las provincias de todas las regiones del pa\u00eds. <\/p>\n<\/p>\n<p>Tras ganarse la confianza de los dominicanos, en los a\u00f1os 70s, el Banco Popular consolid\u00f3 su etapa de madurez e inici\u00f3 un ciclo de expansi\u00f3n en los a\u00f1os ochenta, el cual repunt\u00f3 en los noventa y contin\u00faa en la primera d\u00e9cada del siglo XXI. Su evoluci\u00f3n  tambi\u00e9n ha incluido el fortalecimiento de sus relaciones con entidades financieras de otros pa\u00edses: desde la canalizaci\u00f3n de los pr\u00e9stamos del Fondo FIDE, e incursi\u00f3n en sistemas financieros extranjeros bajo la sombrilla del Grupo Popular en los a\u00f1os setenta, hasta el establecimiento de relaciones de cooperaci\u00f3n con la banca europea a finales de los a\u00f1os 90s.<\/p>\n<\/p>\n<p>De la historia del Banco Popular Dominicano<\/p>\n<\/p>\n<p>El Grupo Popular y su filial el Banco Popular Dominicano celebraron el  26 de abril de 2014, de manera conjunta, dos asambleas de accionistas, en las que se conoci\u00f3, entre otros asuntos, el desempe\u00f1o del Grupo Popular durante el ejercicio social del a\u00f1o 2013. Adem\u00e1s, se aprobaron modificaciones estatutarias, as\u00ed como la designaci\u00f3n del se\u00f1or Alejandro E. Grull\u00f3n E. como Presidente Ad Vitam y Consejero Em\u00e9rito de ambas entidades, y el nombramiento del se\u00f1or Manuel A. Grull\u00f3n como presidente del Consejo de Administraci\u00f3n de Grupo Popular.<\/p>\n<p>El se\u00f1or Alejandro E. Grull\u00f3n E. presidi\u00f3 el Banco Popular Dominicano durante sus primeros 25 a\u00f1os, y luego de la creaci\u00f3n del Grupo Popular pas\u00f3 a presidir el Consejo de Administraci\u00f3n hasta la celebraci\u00f3n de las asambleas del 26 de abril de 2014. La Asamblea General Ordinaria Anual de Grupo Popular aprob\u00f3 que el se\u00f1or Manuel A. Grull\u00f3n asumiera la Presidencia del Consejo de Administraci\u00f3n de Grupo Popular, en adici\u00f3n a sus funciones como presidente del Banco Popular Dominicano, que ejerce desde 1990, y como presidente ejecutivo de la casa matriz desde 2001.<\/p>\n<p>Manuel A. Grull\u00f3n  dijo en el acto que m\u00e1s que un nombre o una marca empresarial l\u00edder, Popular \u00abse ha convertido en un sentimiento que produce confianza y orgullo, y que vive muy dentro de todos los que tenemos la suerte de pertenecer a esta gran familia\u00bb.<\/p>\n<p>Este relevo garantiza la continuidad del fortalecimiento de esta organizaci\u00f3n financiera y sus aportes a los clientes, accionistas y el pa\u00eds.<\/p>\n<p>Durante la actividad, que tuvo lugar en el Auditorio de la Casa San Pablo, los accionistas de Grupo Popular tambi\u00e9n conocieron y aprobaron en su Asamblea General Ordinaria Anual el Informe de Gesti\u00f3n, el informe escrito del Comisario de Cuentas y los estados financieros auditados, con los detalles de los activos y pasivos, as\u00ed como el estado de ganancias y p\u00e9rdidas.<\/p>\n<h6> 2020-08-23 21:20:05 <\/h6>\n<p><!--\n<link rel=\"stylesheet\" href=\"css\/bootstrap.min.css\">\n\n\n<ul class=\"pagination\">\n\t    \n\t\n\n<li >\n\t<a href='?page_no=290'>Previous<\/a>\n\t<\/li>\n\n\n       \n    \n\n<li><a href='?page_no=1'>1<\/a><\/li>\n\n\n\n<li><a href='?page_no=2'>2<\/a><\/li>\n\n\n\n<li><a>...<\/a><\/li>\n\n\n\n<li><a href='?page_no=289'>289<\/a><\/li>\n\n\n\n<li><a href='?page_no=290'>290<\/a><\/li>\n\n\n\n<li class='active'><a>291<\/a><\/li>\n\n\n\n<li><a href='?page_no=292'>292<\/a><\/li>\n\n\n\n<li><a href='?page_no=293'>293<\/a><\/li>\n\n\n\n<li><a>...<\/a><\/li>\n\n\n\n<li><a href='?page_no=22911'>22911<\/a><\/li>\n\n\n\n<li><a href='?page_no=22912'>22912<\/a><\/li>\n\n    \n\t\n\n<li >\n\t<a href='?page_no=292'>Next<\/a>\n\t<\/li>\n\n\n    \n\n<li><a href='?page_no=22912'>Last &rsaquo;&rsaquo;<\/a><\/li>\n\n<\/ul>\n\n\n--><br \/>\n<\/body><\/p>\n","protected":false},"excerpt":{"rendered":"<p>Diariodominicano.com Presidente Juan Bosch en inauguraci\u00f3n del Banco Popular Dominicano El Popular fue el primer banco establecido en Rep\u00fablica Dominicana tras la ca\u00edda de la dictadura de Rafael Le\u00f3nidas Trujillo Molina: Fue creado con el apoyo de comerciantes y empresarios de la ciudad de Santiago, liderado por Alejandro Grull\u00f3n. Por H\u00e9ctor Tineo Nolasco Diariodominicano.com SANTO [&hellip;]<\/p>\n","protected":false},"author":3,"featured_media":0,"comment_status":"open","ping_status":"open","sticky":false,"template":"","format":"standard","meta":{"footnotes":""},"categories":[21],"tags":[],"class_list":["post-50362","post","type-post","status-publish","format-standard","hentry","category-cultura"],"_links":{"self":[{"href":"https:\/\/diariodominicano.com\/index.php?rest_route=\/wp\/v2\/posts\/50362","targetHints":{"allow":["GET"]}}],"collection":[{"href":"https:\/\/diariodominicano.com\/index.php?rest_route=\/wp\/v2\/posts"}],"about":[{"href":"https:\/\/diariodominicano.com\/index.php?rest_route=\/wp\/v2\/types\/post"}],"author":[{"embeddable":true,"href":"https:\/\/diariodominicano.com\/index.php?rest_route=\/wp\/v2\/users\/3"}],"replies":[{"embeddable":true,"href":"https:\/\/diariodominicano.com\/index.php?rest_route=%2Fwp%2Fv2%2Fcomments&post=50362"}],"version-history":[{"count":0,"href":"https:\/\/diariodominicano.com\/index.php?rest_route=\/wp\/v2\/posts\/50362\/revisions"}],"wp:attachment":[{"href":"https:\/\/diariodominicano.com\/index.php?rest_route=%2Fwp%2Fv2%2Fmedia&parent=50362"}],"wp:term":[{"taxonomy":"category","embeddable":true,"href":"https:\/\/diariodominicano.com\/index.php?rest_route=%2Fwp%2Fv2%2Fcategories&post=50362"},{"taxonomy":"post_tag","embeddable":true,"href":"https:\/\/diariodominicano.com\/index.php?rest_route=%2Fwp%2Fv2%2Ftags&post=50362"}],"curies":[{"name":"wp","href":"https:\/\/api.w.org\/{rel}","templated":true}]}}