{"id":503593,"date":"2024-01-26T01:32:41","date_gmt":"2024-01-26T05:32:41","guid":{"rendered":"https:\/\/diariodominicano.com\/?p=503593"},"modified":"2024-01-26T01:32:59","modified_gmt":"2024-01-26T05:32:59","slug":"leonel-este-fin-de-semana-en-varias-provincias-del-cibao-y-el-lunes-en-santo-domingo","status":"publish","type":"post","link":"https:\/\/diariodominicano.com\/?p=503593","title":{"rendered":"Leonel este fin de semana en varias provincias del Cibao y el lunes en Santo Domingo"},"content":{"rendered":"\n<p>Archivo:<\/p>\n\n\n\n<p>Encabezar\u00e1 marchas-caravanas y actos de presentaci\u00f3n de candidatos municipales.<\/p>\n\n\n\n<p>Santo Domingo, RD.- El presidente del partido Fuerza del Pueblo (FP) y l\u00edder opositor dominicano, Leonel Fern\u00e1ndez, estar\u00e1 recorriendo diferentes lugares del pa\u00eds en los pr\u00f3ximos tres d\u00edas, en respaldo a los candidatos municipales de esa organizaci\u00f3n y aliados que terciar\u00e1n en los comicios del 18 de febrero, inform\u00f3 la secretar\u00eda de Comunicaciones de\u2002FP..<\/p>\n\n\n\n<p>El recorrido del principal l\u00edder pol\u00edtico dominicano inicia el s\u00e1bado, a las 11:00 de la ma\u00f1ana, con la presentaci\u00f3n de los candidatos del distrito municipal de El Ranchito, en La Vega.<\/p>\n\n\n\n<p>En la tarde del s\u00e1bado, Fern\u00e1ndez ir\u00e1 a San Francisco de Macor\u00eds, en la provincia Duarte, donde encabezar\u00e1 una marcha-caravana y, desde all\u00ed pasar\u00e1 a la provincia Espaillat, para participar de una cena de recaudaci\u00f3n de fondos.<\/p>\n\n\n\n<p><strong>El domingo, Leonel Fern\u00e1ndez encabezar\u00e1 diversas actividades en la provincia Santiago, que incluye presentaci\u00f3n de candidatos en San Jos\u00e9 de las Matas, Hato del Yaque y Tamboril.<\/strong><\/p>\n\n\n\n<p>Ese mismo d\u00eda, el presidente de la Fuerza del Pueblo culminar\u00e1 sus actividades con una marcha-caravana y presentaci\u00f3n de candidatos del municipio Santiago de los Caballeros.<\/p>\n\n\n\n<p>El lunes estar\u00e1 en SD<\/p>\n\n\n\n<p>En tanto que el lunes, d\u00eda feriado, Leonel Fern\u00e1ndez estar\u00e1 en la provincia Santo Domingo, acompa\u00f1ando a los candidatos municipales de la Fuerza del Pueblo y aliados.<\/p>\n\n\n\n<p>Mediante un comunicado, la Coordinaci\u00f3n Operativa de la campa\u00f1a de la Fuerza del Pueblo, hizo saber que Fern\u00e1ndez iniciar\u00e1 la jornada con un acto de presentaci\u00f3n de candidatos en el distrito municipal de La Victoria, de Santo Domingo Norte, desde donde se trasladar\u00e1 al municipio de San Antonio de Guerra, y desde all\u00ed, al distrito municipal de San Lu\u00eds.<\/p>\n\n\n\n<p>El l\u00edder de la oposici\u00f3n pol\u00edtica dominicana culminar\u00e1 sus actividades para estos tres d\u00edas, con una marcha-caravana en el municipio Santo Domingo Este, la tarde del lunes.<\/p>\n\n\n\n<p><\/p>\n","protected":false},"excerpt":{"rendered":"<p>Archivo: Encabezar\u00e1 marchas-caravanas y actos de presentaci\u00f3n de candidatos municipales. Santo Domingo, RD.- El presidente del partido Fuerza del Pueblo (FP) y l\u00edder opositor dominicano, Leonel Fern\u00e1ndez, estar\u00e1 recorriendo diferentes lugares del pa\u00eds en los pr\u00f3ximos tres d\u00edas, en respaldo a los candidatos municipales de esa organizaci\u00f3n y aliados que terciar\u00e1n en los comicios del [&hellip;]<\/p>\n","protected":false},"author":28,"featured_media":503594,"comment_status":"closed","ping_status":"","sticky":true,"template":"","format":"standard","meta":{"footnotes":""},"categories":[22,27],"tags":[],"class_list":["post-503593","post","type-post","status-publish","format-standard","has-post-thumbnail","hentry","category-politica","category-portada"],"_links":{"self":[{"href":"https:\/\/diariodominicano.com\/index.php?rest_route=\/wp\/v2\/posts\/503593","targetHints":{"allow":["GET"]}}],"collection":[{"href":"https:\/\/diariodominicano.com\/index.php?rest_route=\/wp\/v2\/posts"}],"about":[{"href":"https:\/\/diariodominicano.com\/index.php?rest_route=\/wp\/v2\/types\/post"}],"author":[{"embeddable":true,"href":"https:\/\/diariodominicano.com\/index.php?rest_route=\/wp\/v2\/users\/28"}],"replies":[{"embeddable":true,"href":"https:\/\/diariodominicano.com\/index.php?rest_route=%2Fwp%2Fv2%2Fcomments&post=503593"}],"version-history":[{"count":2,"href":"https:\/\/diariodominicano.com\/index.php?rest_route=\/wp\/v2\/posts\/503593\/revisions"}],"predecessor-version":[{"id":503596,"href":"https:\/\/diariodominicano.com\/index.php?rest_route=\/wp\/v2\/posts\/503593\/revisions\/503596"}],"wp:featuredmedia":[{"embeddable":true,"href":"https:\/\/diariodominicano.com\/index.php?rest_route=\/wp\/v2\/media\/503594"}],"wp:attachment":[{"href":"https:\/\/diariodominicano.com\/index.php?rest_route=%2Fwp%2Fv2%2Fmedia&parent=503593"}],"wp:term":[{"taxonomy":"category","embeddable":true,"href":"https:\/\/diariodominicano.com\/index.php?rest_route=%2Fwp%2Fv2%2Fcategories&post=503593"},{"taxonomy":"post_tag","embeddable":true,"href":"https:\/\/diariodominicano.com\/index.php?rest_route=%2Fwp%2Fv2%2Ftags&post=503593"}],"curies":[{"name":"wp","href":"https:\/\/api.w.org\/{rel}","templated":true}]}}