{"id":50350,"date":"2020-11-21T06:53:22","date_gmt":"2020-11-21T06:53:22","guid":{"rendered":"http:\/\/diariodominicano.ddns.net\/?p=50350"},"modified":"2020-11-21T06:53:22","modified_gmt":"2020-11-21T06:53:22","slug":"con-el-fin-de-ciudad-trujillo-de-nuevo-santo-domingo-capital-dominicana","status":"publish","type":"post","link":"https:\/\/diariodominicano.com\/?p=50350","title":{"rendered":"Con el fin de Ciudad Trujillo, de nuevo Santo Domingo, capital dominicana"},"content":{"rendered":"<p><body><\/p>\n<p><img decoding=\"async\" src=\"img3\/mario y trujillo00.jpg\" \/><br \/><img decoding=\"async\" src=\"img3\/Trujillo070.jpg.jpg\" \/>  <\/p>\n<p><strong>Diariodominicano.com<\/strong><\/p>\n<p><strong>El dictador Rafael Le\u00f3nidas Trujllo Molina con su jefe del SIM, Johnny Abes Garc\u00eda. (archivo)<\/strong><\/p>\n<p><strong>Con el fin de Ciudad Trujillo, de nuevo Santo Domingo, capital dominicana <\/strong><\/p>\n<\/p>\n<p><strong>  El senador Mario Ferm\u00edn Cabral, en un mitin celebrado en la ciudad de Santiago de los Caballeros, en el local de la sociedad Amante de la Luz, el 12 de julio de 1935, pidi\u00f3 que se rindiera a Trujillo un homenaje nacional, consistente en el cambio de nombre de Santo Domingo por el de ciudad Trujillo.<\/strong><\/p>\n<\/p>\n<p><strong>Por  H\u00e9ctor Tineo Nolasco<\/strong><\/p>\n<p><strong>Diariodominicano.com<\/strong><\/p>\n<\/p>\n<p><strong>SANTO DOMINGO, el 21 de noviembre de 1961<\/strong>, le fue restaurado el nombre a la ciudad Santo Domingo, que hab\u00eda sido cambiado en 1935 por el nombre de Ciudad Trujillo.<\/p>\n<\/p>\n<p>    <strong> El proyecto convertido en  ley en virtud del cual se cambi\u00f3 el nombre a la capital dominicana  por el de Ciudad Trujillo,  fue sometido por el senador de Santiago, Mario Ferm\u00edn Cabral.<\/strong><\/p>\n<p>Cuando lo hizo, el legislador ten\u00eda el criterio de que \u00abel pueblo de Santo Domingo, primero, y la naci\u00f3n entera, despu\u00e9s, deseaban que a la vieja ciudad se le diera el nombre de su reconstructor  insigne\u00bb.<\/p>\n<p>    <strong>El senador Mario Ferm\u00edn Cabral, en un mitin celebrado en la ciudad de Santiago de los Caballeros, en el local de la sociedad Amante de la Luz, el 12 de julio de 1935, pidi\u00f3 que se rindiera a Trujillo un homenaje nacional, consistente en el cambio de nombre de Santo Domingo por el de ciudad Trujillo.<\/strong><\/p>\n<p>     Al rese\u00f1ar el acontecimiento el periodista y escritor Ram\u00f3n Marrero Aristy anota: <\/p>\n<p>    \u00abLa naci\u00f3n se adhiri\u00f3 en forma un\u00e1nime a esta proposici\u00f3n del senador Cabral, y en todo el pa\u00eds se realizaron diversas manifestaciones en apoyo al trascendental  proyecto\u00bb.<\/p>\n<p>    Al  reaccionar en torno a la iniciativa, aunque agradeci\u00f3 el gesto, el Presidente Trujillo  la rechaz\u00f3 y dijo que una de sus m\u00e1s caras aspiraciones de patriota y gobernante es la de mantener la Naci\u00f3n dominicana \u00edntimamente vinculada a sus gloriosas tradiciones, que constituyen las p\u00e1ginas m\u00e1s interesantes de la civilizaci\u00f3n del Nuevo Mundo\u00bb, pero la idea de  Cabral termin\u00f3 convertida en realidad.<\/p>\n<p>    La ciudad de Santo Domingo llegar\u00eda a ser Ciudad Trujillo, hasta el 21 de noviembre de 1961, cuando se restaur\u00f3 su nombre original. <\/p>\n<\/p>\n<\/p>\n<\/p>\n<\/p>\n<h6> 2020-11-21 06:53:22 <\/h6>\n<p><!--\n<link rel=\"stylesheet\" href=\"css\/bootstrap.min.css\">\n\n\n<ul class=\"pagination\">\n\t    \n\t\n\n<li >\n\t<a href='?page_no=28'>Previous<\/a>\n\t<\/li>\n\n\n       \n    \n\n<li><a href='?page_no=1'>1<\/a><\/li>\n\n\n\n<li><a href='?page_no=2'>2<\/a><\/li>\n\n\n\n<li><a>...<\/a><\/li>\n\n\n\n<li><a href='?page_no=27'>27<\/a><\/li>\n\n\n\n<li><a href='?page_no=28'>28<\/a><\/li>\n\n\n\n<li class='active'><a>29<\/a><\/li>\n\n\n\n<li><a href='?page_no=30'>30<\/a><\/li>\n\n\n\n<li><a href='?page_no=31'>31<\/a><\/li>\n\n\n\n<li><a>...<\/a><\/li>\n\n\n\n<li><a href='?page_no=22911'>22911<\/a><\/li>\n\n\n\n<li><a href='?page_no=22912'>22912<\/a><\/li>\n\n    \n\t\n\n<li >\n\t<a href='?page_no=30'>Next<\/a>\n\t<\/li>\n\n\n    \n\n<li><a href='?page_no=22912'>Last &rsaquo;&rsaquo;<\/a><\/li>\n\n<\/ul>\n\n\n--><br \/>\n<\/body><\/p>\n","protected":false},"excerpt":{"rendered":"<p>Diariodominicano.com El dictador Rafael Le\u00f3nidas Trujllo Molina con su jefe del SIM, Johnny Abes Garc\u00eda. (archivo) Con el fin de Ciudad Trujillo, de nuevo Santo Domingo, capital dominicana El senador Mario Ferm\u00edn Cabral, en un mitin celebrado en la ciudad de Santiago de los Caballeros, en el local de la sociedad Amante de la Luz, [&hellip;]<\/p>\n","protected":false},"author":3,"featured_media":0,"comment_status":"open","ping_status":"open","sticky":false,"template":"","format":"standard","meta":{"footnotes":""},"categories":[21],"tags":[],"class_list":["post-50350","post","type-post","status-publish","format-standard","hentry","category-cultura"],"_links":{"self":[{"href":"https:\/\/diariodominicano.com\/index.php?rest_route=\/wp\/v2\/posts\/50350","targetHints":{"allow":["GET"]}}],"collection":[{"href":"https:\/\/diariodominicano.com\/index.php?rest_route=\/wp\/v2\/posts"}],"about":[{"href":"https:\/\/diariodominicano.com\/index.php?rest_route=\/wp\/v2\/types\/post"}],"author":[{"embeddable":true,"href":"https:\/\/diariodominicano.com\/index.php?rest_route=\/wp\/v2\/users\/3"}],"replies":[{"embeddable":true,"href":"https:\/\/diariodominicano.com\/index.php?rest_route=%2Fwp%2Fv2%2Fcomments&post=50350"}],"version-history":[{"count":0,"href":"https:\/\/diariodominicano.com\/index.php?rest_route=\/wp\/v2\/posts\/50350\/revisions"}],"wp:attachment":[{"href":"https:\/\/diariodominicano.com\/index.php?rest_route=%2Fwp%2Fv2%2Fmedia&parent=50350"}],"wp:term":[{"taxonomy":"category","embeddable":true,"href":"https:\/\/diariodominicano.com\/index.php?rest_route=%2Fwp%2Fv2%2Fcategories&post=50350"},{"taxonomy":"post_tag","embeddable":true,"href":"https:\/\/diariodominicano.com\/index.php?rest_route=%2Fwp%2Fv2%2Ftags&post=50350"}],"curies":[{"name":"wp","href":"https:\/\/api.w.org\/{rel}","templated":true}]}}