{"id":503492,"date":"2024-01-25T21:09:16","date_gmt":"2024-01-26T01:09:16","guid":{"rendered":"https:\/\/diariodominicano.com\/?p=503492"},"modified":"2024-01-25T21:09:16","modified_gmt":"2024-01-26T01:09:16","slug":"mesa-tecnica-de-la-jce-socializa-con-organizaciones-politicas-resultados-auditoria-tecnica-a-los-edet-y-otros-aspectos-de-cara-a-las-elecciones-municipales","status":"publish","type":"post","link":"https:\/\/diariodominicano.com\/?p=503492","title":{"rendered":"Mesa t\u00e9cnica de la JCE socializa con organizaciones pol\u00edticas resultados auditor\u00eda t\u00e9cnica a los EDET y otros aspectos de cara a las elecciones municipales"},"content":{"rendered":"\n<p>diariodominicano.com<\/p>\n\n\n\n<p>Santo Domingo, R. D., 25 de enero, 2025.- La Mesa T\u00e9cnica de la Junta Central Electoral (JCE) socializ\u00f3 este jueves con delegados t\u00e9cnicos de las organizaciones pol\u00edticas el informe preliminar de la auditor\u00eda t\u00e9cnica que realiz\u00f3 el Centro de Asesor\u00eda y Promoci\u00f3n Electoral (IIDH\/CAPEL) a los equipos de digitalizaci\u00f3n, escaneo y transmisi\u00f3n de datos (EDET) de cara a las elecciones municipales del 18 de febrero de 2024.<\/p>\n\n\n\n<p>La Mesa T\u00e9cnica de la JCE estuvo integrada por los directores de Inform\u00e1tica, Johnny Rivera; de Elecciones, Mario N\u00fa\u00f1ez; del Voto Dominicano en el Exterior, Well Sep\u00falveda; de Partidos Pol\u00edticos, Lenis Garc\u00eda y cont\u00f3 con la presencia de la miembro titular del Pleno, Dolores Fern\u00e1ndez.<\/p>\n\n\n\n<p>Adem\u00e1s del informe de la auditor\u00eda, abordaron diferentes aspectos fundamentales del pr\u00f3ximo proceso electoral, como es el cierre del padr\u00f3n electoral en el exterior, los EDET, validaciones de oferta electoral, protocolo de contingencia de la trasmisi\u00f3n de resultados, los boletines electorales y las dos pruebas regionales realizadas durante los s\u00e1bados 13 y 20 de este mes.<\/p>\n\n\n\n<p>El director nacional de inform\u00e1tica, Johnny Rivera, indic\u00f3 que se reforzar\u00e1 la capacitaci\u00f3n de los t\u00e9cnicos de los recintos electorales.<\/p>\n\n\n\n<p>En tanto que el director nacional de Elecciones, Mario N\u00fa\u00f1ez, indic\u00f3 que la JCE trabaja en la conclusi\u00f3n de la segunda fase de capacitaci\u00f3n a miembros de Colegios Electorales.<\/p>\n\n\n\n<p>La Mesa T\u00e9cnica de la Junta Central Electoral volver\u00e1 a reunirse con los representantes de las organizaciones pol\u00edticas la pr\u00f3xima semana.<\/p>\n\n\n\n<p>Direcci\u00f3n de Comunicaciones<\/p>\n\n\n\n<p>Jueves 25 de enero de 2024<\/p>\n\n\n\n<figure class=\"wp-block-table\"><table><tbody><tr><td><strong>Comunicaciones JCE<\/strong><\/td><\/tr><\/tbody><\/table><\/figure>\n","protected":false},"excerpt":{"rendered":"<p>diariodominicano.com Santo Domingo, R. D., 25 de enero, 2025.- La Mesa T\u00e9cnica de la Junta Central Electoral (JCE) socializ\u00f3 este jueves con delegados t\u00e9cnicos de las organizaciones pol\u00edticas el informe preliminar de la auditor\u00eda t\u00e9cnica que realiz\u00f3 el Centro de Asesor\u00eda y Promoci\u00f3n Electoral (IIDH\/CAPEL) a los equipos de digitalizaci\u00f3n, escaneo y transmisi\u00f3n de datos [&hellip;]<\/p>\n","protected":false},"author":5,"featured_media":503493,"comment_status":"closed","ping_status":"","sticky":true,"template":"","format":"standard","meta":{"footnotes":""},"categories":[22,27],"tags":[],"class_list":["post-503492","post","type-post","status-publish","format-standard","has-post-thumbnail","hentry","category-politica","category-portada"],"_links":{"self":[{"href":"https:\/\/diariodominicano.com\/index.php?rest_route=\/wp\/v2\/posts\/503492","targetHints":{"allow":["GET"]}}],"collection":[{"href":"https:\/\/diariodominicano.com\/index.php?rest_route=\/wp\/v2\/posts"}],"about":[{"href":"https:\/\/diariodominicano.com\/index.php?rest_route=\/wp\/v2\/types\/post"}],"author":[{"embeddable":true,"href":"https:\/\/diariodominicano.com\/index.php?rest_route=\/wp\/v2\/users\/5"}],"replies":[{"embeddable":true,"href":"https:\/\/diariodominicano.com\/index.php?rest_route=%2Fwp%2Fv2%2Fcomments&post=503492"}],"version-history":[{"count":1,"href":"https:\/\/diariodominicano.com\/index.php?rest_route=\/wp\/v2\/posts\/503492\/revisions"}],"predecessor-version":[{"id":503494,"href":"https:\/\/diariodominicano.com\/index.php?rest_route=\/wp\/v2\/posts\/503492\/revisions\/503494"}],"wp:featuredmedia":[{"embeddable":true,"href":"https:\/\/diariodominicano.com\/index.php?rest_route=\/wp\/v2\/media\/503493"}],"wp:attachment":[{"href":"https:\/\/diariodominicano.com\/index.php?rest_route=%2Fwp%2Fv2%2Fmedia&parent=503492"}],"wp:term":[{"taxonomy":"category","embeddable":true,"href":"https:\/\/diariodominicano.com\/index.php?rest_route=%2Fwp%2Fv2%2Fcategories&post=503492"},{"taxonomy":"post_tag","embeddable":true,"href":"https:\/\/diariodominicano.com\/index.php?rest_route=%2Fwp%2Fv2%2Ftags&post=503492"}],"curies":[{"name":"wp","href":"https:\/\/api.w.org\/{rel}","templated":true}]}}