{"id":50339,"date":"2020-08-24T12:18:45","date_gmt":"2020-08-24T12:18:45","guid":{"rendered":"http:\/\/diariodominicano.ddns.net\/?p=50339"},"modified":"2020-08-24T12:18:45","modified_gmt":"2020-08-24T12:18:45","slug":"en-su-cumpleanos-121-reverencia-a-borges-en-argentina","status":"publish","type":"post","link":"https:\/\/diariodominicano.com\/?p=50339","title":{"rendered":"En su cumplea\u00f1os 121, reverencia a Borges en Argentina"},"content":{"rendered":"<p><body><\/p>\n<p><img decoding=\"async\" src=\"img3\/borges24-8-20.jpg\" \/>  <\/p>\n<p><span class=\"text1noticias\"> <\/span><\/p>\n<p><span class=\"text1noticias\">diariodominicano.com<\/span><\/p>\n<p><span class=\"text1noticias\"> <\/span><\/p>\n<p><span class=\"text1noticias\">Buenos Aires, 24 ago (PL) Los argentinos recuerdan hoy con m\u00faltiples mensajes e iniciativas a uno de sus m\u00e1s grandes escritores, el gran Jorge Luis Borges, en el aniversario 121 de su natalicio.<\/span><\/p>\n<p><span class=\"text1noticias\"> <\/span><\/p>\n<p><span class=\"text1noticias\">Desde la v\u00edspera las portadas de los diarios y los mensajes en la red social Twitter rinden tributo al autor de El Aleph, cuya impronta literaria dej\u00f3 marcada para siempre a las letras hispanas del siglo XX.<\/span><\/p>\n<p><span class=\"text1noticias\"> <\/span><\/p>\n<p><span class=\"text1noticias\">Como cada 24 de agosto, declarado en esta tierra austral D\u00eda Del Lector en honor a Borges, este lunes habr\u00e1 varias actividades, todas de manera virtual, en las cuales se invita a releer y conectarse a\u00fan m\u00e1s con un autor que pas\u00f3 a la historia por la originalidad y belleza de su literatura.<\/span><\/p>\n<p><span class=\"text1noticias\"> <\/span><\/p>\n<p><span class=\"text1noticias\">Organizado por el Ministerio de Cultura de la Naci\u00f3n, el Centro Cultural Kirchner y el Ministerio Educaci\u00f3n en conjunto con la Fundaci\u00f3n Internacional Jorge Luis Borges, en esta jornada se podr\u00e1 disfrutar de contenidos especiales en diversos soportes.<\/span><\/p>\n<p><span class=\"text1noticias\"> <\/span><\/p>\n<p><span class=\"text1noticias\">Varias son las instituciones que se suman para festejar al autor argentino como el Archivo General de la Naci\u00f3n, que presentar\u00e1 Borges, por \u00e9l mismo, que permitir\u00e1 el acceso de forma gratuita a parte del repositorio que la instituci\u00f3n hist\u00f3rica conserva sobre el emblem\u00e1tico escritor.<\/span><\/p>\n<p><span class=\"text1noticias\"> <\/span><\/p>\n<p><span class=\"text1noticias\">Oportunidad \u00fanica ser\u00e1 tambi\u00e9n la posibilidad de revivir las clases magistrales de su coterr\u00e1neo, el fallecido escritor y ensayista Ricardo Piglia sobre la obra borgeana, en una producci\u00f3n conjunta entre la Televisi\u00f3n P\u00fablica Argentina y la Biblioteca Nacional.<\/span><\/p>\n<p><span class=\"text1noticias\"> <\/span><\/p>\n<p><span class=\"text1noticias\">Como colof\u00f3n, a las 18:00, hora local, se realizar\u00e1 una conmemoraci\u00f3n con transmisi\u00f3n en vivo por internet, en la cual tomar\u00e1n parte el ministro de Cultura, Trist\u00e1n Bauer, y la presidenta y creadora de la Fundaci\u00f3n Internacional Jorge Luis Borges, su viuda Mar\u00eda Kodama, entre otros.<\/span><\/p>\n<p><span class=\"text1noticias\"> <\/span><\/p>\n<p><span class=\"text1noticias\">Unos lo rememoran con algunas de sus m\u00e1s c\u00e9lebres frases otros le rinden tributo leyendo alguno de sus libros, en tanto en las rede se replican fragmentos que dej\u00f3 para la posteridad en varios de sus textos.<\/span><\/p>\n<p><span class=\"text1noticias\"> <\/span><\/p>\n<p><span class=\"text1noticias\">Ya sea en Adrogu\u00e9, cabecera del partido bonaerense de Almirante Brown o la barriada porte\u00f1a de Palermo, Borges podr\u00e1 ser revisitado hoy de m\u00faltiples maneras, alimentando el esp\u00edritu de muchos en aislamiento obligatorio, que aprovechan estos duros d\u00edas para conectarse con ese libro que quiz\u00e1s por falta de tiempo no termin\u00f3 de lee<\/span>r.<\/p>\n<\/p>\n<p>jf\/may<\/p>\n<h6> 2020-08-24 12:18:45 <\/h6>\n<p><!--\n<link rel=\"stylesheet\" href=\"css\/bootstrap.min.css\">\n\n\n<ul class=\"pagination\">\n\t    \n\t\n\n<li >\n\t<a href='?page_no=288'>Previous<\/a>\n\t<\/li>\n\n\n       \n    \n\n<li><a href='?page_no=1'>1<\/a><\/li>\n\n\n\n<li><a href='?page_no=2'>2<\/a><\/li>\n\n\n\n<li><a>...<\/a><\/li>\n\n\n\n<li><a href='?page_no=287'>287<\/a><\/li>\n\n\n\n<li><a href='?page_no=288'>288<\/a><\/li>\n\n\n\n<li class='active'><a>289<\/a><\/li>\n\n\n\n<li><a href='?page_no=290'>290<\/a><\/li>\n\n\n\n<li><a href='?page_no=291'>291<\/a><\/li>\n\n\n\n<li><a>...<\/a><\/li>\n\n\n\n<li><a href='?page_no=22911'>22911<\/a><\/li>\n\n\n\n<li><a href='?page_no=22912'>22912<\/a><\/li>\n\n    \n\t\n\n<li >\n\t<a href='?page_no=290'>Next<\/a>\n\t<\/li>\n\n\n    \n\n<li><a href='?page_no=22912'>Last &rsaquo;&rsaquo;<\/a><\/li>\n\n<\/ul>\n\n\n--><br \/>\n<\/body><\/p>\n","protected":false},"excerpt":{"rendered":"<p>diariodominicano.com Buenos Aires, 24 ago (PL) Los argentinos recuerdan hoy con m\u00faltiples mensajes e iniciativas a uno de sus m\u00e1s grandes escritores, el gran Jorge Luis Borges, en el aniversario 121 de su natalicio. Desde la v\u00edspera las portadas de los diarios y los mensajes en la red social Twitter rinden tributo al autor de [&hellip;]<\/p>\n","protected":false},"author":3,"featured_media":0,"comment_status":"open","ping_status":"open","sticky":false,"template":"","format":"standard","meta":{"footnotes":""},"categories":[21],"tags":[],"class_list":["post-50339","post","type-post","status-publish","format-standard","hentry","category-cultura"],"_links":{"self":[{"href":"https:\/\/diariodominicano.com\/index.php?rest_route=\/wp\/v2\/posts\/50339","targetHints":{"allow":["GET"]}}],"collection":[{"href":"https:\/\/diariodominicano.com\/index.php?rest_route=\/wp\/v2\/posts"}],"about":[{"href":"https:\/\/diariodominicano.com\/index.php?rest_route=\/wp\/v2\/types\/post"}],"author":[{"embeddable":true,"href":"https:\/\/diariodominicano.com\/index.php?rest_route=\/wp\/v2\/users\/3"}],"replies":[{"embeddable":true,"href":"https:\/\/diariodominicano.com\/index.php?rest_route=%2Fwp%2Fv2%2Fcomments&post=50339"}],"version-history":[{"count":0,"href":"https:\/\/diariodominicano.com\/index.php?rest_route=\/wp\/v2\/posts\/50339\/revisions"}],"wp:attachment":[{"href":"https:\/\/diariodominicano.com\/index.php?rest_route=%2Fwp%2Fv2%2Fmedia&parent=50339"}],"wp:term":[{"taxonomy":"category","embeddable":true,"href":"https:\/\/diariodominicano.com\/index.php?rest_route=%2Fwp%2Fv2%2Fcategories&post=50339"},{"taxonomy":"post_tag","embeddable":true,"href":"https:\/\/diariodominicano.com\/index.php?rest_route=%2Fwp%2Fv2%2Ftags&post=50339"}],"curies":[{"name":"wp","href":"https:\/\/api.w.org\/{rel}","templated":true}]}}