{"id":503078,"date":"2024-01-24T00:16:47","date_gmt":"2024-01-24T04:16:47","guid":{"rendered":"https:\/\/diariodominicano.com\/?p=503078"},"modified":"2024-01-24T00:16:47","modified_gmt":"2024-01-24T04:16:47","slug":"dirigente-fuerza-del-pueblo-nathanael-concepcion-advierte-a-las-actuales-autoridades-sus-dias-estan-contados-en-palacio-nacional","status":"publish","type":"post","link":"https:\/\/diariodominicano.com\/?p=503078","title":{"rendered":"Dirigente Fuerza del Pueblo Nathanael Concepci\u00f3n advierte a las actuales autoridades sus d\u00edas est\u00e1n contados en Palacio Nacional"},"content":{"rendered":"\n<p>El miembro de la Direcci\u00f3n Pol\u00edtica de la Fuerza del Pueblo, Nathanael Concepci\u00f3n advirti\u00f3 a los actuales gobernantes que sus d\u00edas est\u00e1n contados en el Palacio Nacional.<\/p>\n\n\n\n<p>Concepci\u00f3n dijo que el gobierno de Luis Abinader no lograr\u00e1 su prop\u00f3sito de permanecer en el poder m\u00e1s all\u00e1 del 16 de Agosto de este a\u00f1o 2024.<\/p>\n\n\n\n<p>Asegur\u00f3 que la Fuerza del Pueblo cuenta en Santo Domingo Este, al igual que en toda la geograf\u00eda nacional,&nbsp; con un gran ej\u00e9rcito de hombres y mujeres que no se lo van a permitir.<\/p>\n\n\n\n<p>Contamos con una gran estructura partidaria \u2014agreg\u00f3 &#8212; y&nbsp; estamos preparados,&nbsp; dispuestos a defender el triunfo en los centros de votaci\u00f3n hasta con la vida si fuera necesario.<\/p>\n\n\n\n<p>Manifest\u00f3 que los comicios municipales de Febrero son la ruta hacia las elecciones presidenciales y congresuales de Mayo, por lo que desde ahora debemos tener los ojos y o\u00eddos&nbsp; abiertos&nbsp; para evitar las artima\u00f1as de nuestros adversarios,&nbsp; ya que el partido cuenta con los votos y que lo que hay que evitar es que nos quiten, nos resten votos y se perjudique al partido y sus candidatos.<\/p>\n\n\n\n<p>Concepci\u00f3n, Supervisor Pol\u00edtico de  Fuerza del Pueblo en Santo Domingo Este, se pronunci\u00f3 en esos t\u00e9rminos al participar en un encuentro taller con los equipos que trabajar\u00e1n\u00a0 y representar\u00e1n al partido en los recintos electorales.<\/p>\n\n\n\n<p>Adem\u00e1s de Concepci\u00f3n, en el encuentro\u00a0 efectuado en el local del Sector Externo de la FP, ubicado en la Carretera Mella de Santo Domingo Este, estuvieron  Luis Hern\u00e1ndez, presidente de la Circunscripci\u00f3n 1 de ese municipio, Manuel Payano, Encargado Electoral, Javier Ubiera, Delegado Pol\u00edtico ante la Junta Central Electoral, Jos\u00e9 El\u00edas Cepeda, vicesecretario de la Secretaria Electoral del partido, as\u00ed como Julio Romero, candidato a la Alcald\u00eda de SDE,<\/p>\n\n\n\n<p>Por el Sector Externo de Santo Domingo Este participaron Fabi\u00e1n Taveras, Director y Sebasti\u00e1n Feliz, Director Operativo, de ese organismo.<\/p>\n\n\n\n<p>En el encuentro taller , t\u00e9cnicos de la Fuerza del Pueblo dieron importantes orientaciones a los delegados, suplentes, encargados de escrutinio , los equipos electorales de cada recinto y los equipos&nbsp; de&nbsp; apoyo sobre el trabajo a realizar antes de las elecciones, durante el d\u00eda de los comicios y pasadas las votaciones.<\/p>\n\n\n\n<p>Luis Hern\u00e1ndez, al dejar iniciado el encuentro, dio las gracias a la gran concurrencia participante, y dijo que la actividad es una muestra de la fortaleza del partido en Santo Domingo Este,<\/p>\n\n\n\n<p>Y se\u00f1al\u00f3 adem\u00e1s que el liderazgo&nbsp; del doctor Leonel Fern\u00e1ndez es cada vez m\u00e1s&nbsp; fuerte,&nbsp; lo que garantiza su triunfo&nbsp; y el del partido en las venideras elecciones.<\/p>\n\n\n\n<p>Al intervenir en el encuentro taller, el vicesecretario de la Secretaria de Asuntos Electorales ,&nbsp; Jos\u00e9 El\u00edas Cepeda, alert\u00f3&nbsp; a los delegados, suplentes y Encargados de Escrutinio, a tener muy presente de la importancia de su papel para no permitir que por un descuido el partido pueda ser perjudicado en los resultados electorales.<\/p>\n\n\n\n<p>En tanto, el Delegado Pol\u00edtico de la Fuerza del Pueblo ante la JCE,&nbsp; Javier Ubiera expres\u00f3 que en el contexto especial en que se van a celebrar las elecciones del presente a\u00f1o&nbsp; \u201cdebemos duplicar los esfuerzos y afrontar&nbsp; el proceso con m\u00e1s tiempo, mas gallard\u00eda, mas entrega y m\u00e1s capacidad\u2019\u2019.<\/p>\n\n\n\n<p>Ignacio P\u00e9rez, miembro de la Direcci\u00f3n Ejecutiva de la Fuerza del Pueblo en Santo Domingo Este fue el moderador del encuentro taller.<\/p>\n\n\n\n<p>jose antonio vargas gerrero<\/p>\n\n\n\n<p><a target=\"_blank\" href=\"mailto:jvargas6481@gmail.com\" rel=\"noreferrer noopener\">jvargas6481@gmail.com<\/a><\/p>\n","protected":false},"excerpt":{"rendered":"<p>El miembro de la Direcci\u00f3n Pol\u00edtica de la Fuerza del Pueblo, Nathanael Concepci\u00f3n advirti\u00f3 a los actuales gobernantes que sus d\u00edas est\u00e1n contados en el Palacio Nacional. Concepci\u00f3n dijo que el gobierno de Luis Abinader no lograr\u00e1 su prop\u00f3sito de permanecer en el poder m\u00e1s all\u00e1 del 16 de Agosto de este a\u00f1o 2024. Asegur\u00f3 [&hellip;]<\/p>\n","protected":false},"author":28,"featured_media":503079,"comment_status":"closed","ping_status":"","sticky":false,"template":"","format":"standard","meta":{"footnotes":""},"categories":[22],"tags":[],"class_list":["post-503078","post","type-post","status-publish","format-standard","has-post-thumbnail","hentry","category-politica"],"_links":{"self":[{"href":"https:\/\/diariodominicano.com\/index.php?rest_route=\/wp\/v2\/posts\/503078","targetHints":{"allow":["GET"]}}],"collection":[{"href":"https:\/\/diariodominicano.com\/index.php?rest_route=\/wp\/v2\/posts"}],"about":[{"href":"https:\/\/diariodominicano.com\/index.php?rest_route=\/wp\/v2\/types\/post"}],"author":[{"embeddable":true,"href":"https:\/\/diariodominicano.com\/index.php?rest_route=\/wp\/v2\/users\/28"}],"replies":[{"embeddable":true,"href":"https:\/\/diariodominicano.com\/index.php?rest_route=%2Fwp%2Fv2%2Fcomments&post=503078"}],"version-history":[{"count":1,"href":"https:\/\/diariodominicano.com\/index.php?rest_route=\/wp\/v2\/posts\/503078\/revisions"}],"predecessor-version":[{"id":503080,"href":"https:\/\/diariodominicano.com\/index.php?rest_route=\/wp\/v2\/posts\/503078\/revisions\/503080"}],"wp:featuredmedia":[{"embeddable":true,"href":"https:\/\/diariodominicano.com\/index.php?rest_route=\/wp\/v2\/media\/503079"}],"wp:attachment":[{"href":"https:\/\/diariodominicano.com\/index.php?rest_route=%2Fwp%2Fv2%2Fmedia&parent=503078"}],"wp:term":[{"taxonomy":"category","embeddable":true,"href":"https:\/\/diariodominicano.com\/index.php?rest_route=%2Fwp%2Fv2%2Fcategories&post=503078"},{"taxonomy":"post_tag","embeddable":true,"href":"https:\/\/diariodominicano.com\/index.php?rest_route=%2Fwp%2Fv2%2Ftags&post=503078"}],"curies":[{"name":"wp","href":"https:\/\/api.w.org\/{rel}","templated":true}]}}