{"id":503072,"date":"2024-01-24T00:05:30","date_gmt":"2024-01-24T04:05:30","guid":{"rendered":"https:\/\/diariodominicano.com\/?p=503072"},"modified":"2024-01-24T00:05:30","modified_gmt":"2024-01-24T04:05:30","slug":"compara-situaciones-del-prm-con-anteriores-gobiernos-del-prd","status":"publish","type":"post","link":"https:\/\/diariodominicano.com\/?p=503072","title":{"rendered":"Compara situaciones del PRM con anteriores gobiernos del PRD"},"content":{"rendered":"\n<p>Carlos McCoy<\/p>\n\n\n\n<p><strong>Por Ram\u00f3n Mercedes<\/strong><\/p>\n\n\n\n<p><strong>NUEVA YORK.-<\/strong>&nbsp;El alto dirigente del Partido de la Liberaci\u00f3n Dominicana (PLD) en esta ciudad, Carlos McCoy, compar\u00f3 situaciones de la actual administraci\u00f3n del Partido Revolucionario Moderno (PRM) como las que ocurrieron en otros gobiernos del PRD.<\/p>\n\n\n\n<p>El presidente de Comit\u00e9 de Base y enlace del sector externo en la seccional neoyorkina, al referirse al enfoque certero que recientemente hiciera el exministro de Energ\u00eda y Minas, Antonio Isa Conde, alertando sobre la creciente desigualdad en la RD, McCoy se\u00f1ala:<\/p>\n\n\n\n<p>\u201cTodav\u00eda est\u00e1 fresca en la memoria la debacle del cuatrienio de Hip\u00f3lito Mej\u00eda (2000-2004) y en el de Jorge Blanco (1984)\u201d.<\/p>\n\n\n\n<p>\u201cEn el mandato de Hip\u00f3lito se perdi\u00f3 la estabilidad econ\u00f3mica y Salvador trajo una poblada de varios d\u00edas con cientos de muertos en el pa\u00eds caribe\u00f1o\u201d, dijo McCoy.<\/p>\n\n\n\n<p>Cit\u00f3 entre las coincidencias de entonces con las actuales:&nbsp;El alza del d\u00f3lar con la consiguiente devaluaci\u00f3n de nuestra moneda, el alto costo de la canasta familiar y el muy reducido poder adquisitivo de la poblaci\u00f3n que dio lugar a que, en aquella ocasi\u00f3n, el gobierno se viera en la necesidad de llegar a un acuerdo con el Fondo Monetario Internacional (FMI) que inclu\u00eda m\u00e1s aumentos de precios, recortes en salarios y servicios sociales.&nbsp;<\/p>\n\n\n\n<p>\u201c40 a\u00f1os despu\u00e9s luce como si nos estuvi\u00e9ramos mir\u00e1ndonos en el mismo espejo\u201d, dijo.<\/p>\n\n\n\n<p>\u201cLa situaci\u00f3n actual parece calcada de aquel fat\u00eddico abril del siglo pasado, con la agravante en esta ocasi\u00f3n de que, dentro de poco, por culpa de la firma del tratado DR-CAFTA, acuerdo negociado por el PRD, hoy PRM, muchos productos extranjeros, en los que se destaca el arroz, imprescindible en nuestra mesa, entrar\u00e1n a RD sin ning\u00fan tipo de grav\u00e1menes, lo que llevar\u00e1 a la quiebra a miles de productores nacionales ya que no podr\u00edan competir con esas grandes multinacionales\u201d, dijo.<\/p>\n\n\n\n<p>Advirti\u00f3 que las consecuencias directas de esta acci\u00f3n son inimaginables.<\/p>\n\n\n\n<p>\u201cEl arroz desaparecer\u00e1 de la mesa de los dominicanos. En estos momentos el costo de la Canasta B\u00e1sica Alimentaria dobla el promedio del salario m\u00ednimo, y no incluye los servicios no alimentarios, como vivienda, transporte, educaci\u00f3n y medicinas, entre otros. La situaci\u00f3n de la poblaci\u00f3n es en extremo precaria\u201d, asegura McCoy.<\/p>\n\n\n\n<p>Advierte que las cuerdas econ\u00f3micas y sociales est\u00e1n muy tensas en nuestro pa\u00eds, y en cualquier momento pudieran reventar.<\/p>\n\n\n\n<p>\u201cCreemos que debemos aflojarlas un poco, es preferible tocar medio desafinado que no poder tocar en absolute\u201d, sentenci\u00f3.<\/p>\n","protected":false},"excerpt":{"rendered":"<p>Carlos McCoy Por Ram\u00f3n Mercedes NUEVA YORK.-&nbsp;El alto dirigente del Partido de la Liberaci\u00f3n Dominicana (PLD) en esta ciudad, Carlos McCoy, compar\u00f3 situaciones de la actual administraci\u00f3n del Partido Revolucionario Moderno (PRM) como las que ocurrieron en otros gobiernos del PRD. El presidente de Comit\u00e9 de Base y enlace del sector externo en la seccional [&hellip;]<\/p>\n","protected":false},"author":28,"featured_media":503073,"comment_status":"closed","ping_status":"","sticky":true,"template":"","format":"standard","meta":{"footnotes":""},"categories":[22,27],"tags":[],"class_list":["post-503072","post","type-post","status-publish","format-standard","has-post-thumbnail","hentry","category-politica","category-portada"],"_links":{"self":[{"href":"https:\/\/diariodominicano.com\/index.php?rest_route=\/wp\/v2\/posts\/503072","targetHints":{"allow":["GET"]}}],"collection":[{"href":"https:\/\/diariodominicano.com\/index.php?rest_route=\/wp\/v2\/posts"}],"about":[{"href":"https:\/\/diariodominicano.com\/index.php?rest_route=\/wp\/v2\/types\/post"}],"author":[{"embeddable":true,"href":"https:\/\/diariodominicano.com\/index.php?rest_route=\/wp\/v2\/users\/28"}],"replies":[{"embeddable":true,"href":"https:\/\/diariodominicano.com\/index.php?rest_route=%2Fwp%2Fv2%2Fcomments&post=503072"}],"version-history":[{"count":1,"href":"https:\/\/diariodominicano.com\/index.php?rest_route=\/wp\/v2\/posts\/503072\/revisions"}],"predecessor-version":[{"id":503074,"href":"https:\/\/diariodominicano.com\/index.php?rest_route=\/wp\/v2\/posts\/503072\/revisions\/503074"}],"wp:featuredmedia":[{"embeddable":true,"href":"https:\/\/diariodominicano.com\/index.php?rest_route=\/wp\/v2\/media\/503073"}],"wp:attachment":[{"href":"https:\/\/diariodominicano.com\/index.php?rest_route=%2Fwp%2Fv2%2Fmedia&parent=503072"}],"wp:term":[{"taxonomy":"category","embeddable":true,"href":"https:\/\/diariodominicano.com\/index.php?rest_route=%2Fwp%2Fv2%2Fcategories&post=503072"},{"taxonomy":"post_tag","embeddable":true,"href":"https:\/\/diariodominicano.com\/index.php?rest_route=%2Fwp%2Fv2%2Ftags&post=503072"}],"curies":[{"name":"wp","href":"https:\/\/api.w.org\/{rel}","templated":true}]}}