{"id":50295,"date":"2020-08-25T14:45:54","date_gmt":"2020-08-25T14:45:54","guid":{"rendered":"http:\/\/diariodominicano.ddns.net\/?p=50295"},"modified":"2020-08-25T14:45:54","modified_gmt":"2020-08-25T14:45:54","slug":"daran-ultimo-adios-jimmy-sierra-acompanaran-sus-familiares-miembros-de-la-tertulia-del-teorico","status":"publish","type":"post","link":"https:\/\/diariodominicano.com\/?p=50295","title":{"rendered":"&#13;Dar\u00e1n \u00faltimo adi\u00f3s Jimmy Sierra, acompa\u00f1ar\u00e1n sus familiares, miembros de la Tertulia del Te\u00f3rico"},"content":{"rendered":"<p><body><\/p>\n<p><img decoding=\"async\" src=\"img3\/Jimmy-Sierra18-8-20.jpg\" \/>  <\/p>\n<p>diariodominicano.com<\/p>\n<\/p>\n<p><span class=\"text1noticias\">Santo Domingo, R. D., 25 de agosto,  2020.-  Este mi\u00e9rcoles, familiares,  miembros de la Tertulia del Te\u00f3rico y amigos, dar\u00e1n su \u00faltimo adi\u00f3s a los  restos, convertidos en cenizas, del abogado, periodista, historiador, cuentista, compositor, ensayista, dramaturgo y productor y director de radio, cine y televisi\u00f3n, Julio Samuel \u00abJimmy\u00bb Sierra.<\/span><\/p>\n<\/p>\n<p><span class=\"text1noticias\">La actividad est\u00e1 programada para las diez de la ma\u00f1ana, en el cementerio Jard\u00edn Memorial de la avenida Jacobo Majluta a las diez de la ma\u00f1ana.<\/span><\/p>\n<\/p>\n<p><span class=\"text1noticias\">Las cenizas de Sierra ser\u00e1n depositadas en el camposanto, lugar donde los familiares y amigos realizaran una ceremonia de despedida y podr\u00e1n elevar una oraci\u00f3n por su alma.<\/span><\/p>\n<\/p>\n<p><span class=\"text1noticias\">El pasado s\u00e1bado los te\u00f3ricos, como le llamaba Sierra a los miembros de  la tertulia que dirig\u00eda como un ejercicio intelectual para tratar temas literarios, cient\u00edficos, pol\u00edticos, sociales, entre otros, realizaron un conversatorio sobre los aportes Jimmy a la educaci\u00f3n, la cultura, el periodismo y al cine.  Adem\u00e1s, de recordar sus vivencias  con este maestro que dio acogida a distintos profesionales, estudiantes y promotores culturales.<\/span><\/p>\n<\/p>\n<p><span class=\"text1noticias\">La actividad fue dirigida por el magistrado Julio An\u00edbal Suarez, quien propuso que en lo adelante la tertulia lleve el nombre de Jimmy Sierra.<\/span><\/p>\n<\/p>\n<p><span class=\"text1noticias\">En esa tertulia especial realizada por la plataforma digital Zoom participaron Juan Cruz Trifolio, H\u00e9ctor Tineo, Carlos P\u00e9rez, Erasmo Lara Parra, Nury Vilorio, Carlos Nina G\u00f3mez,  Erasmo V\u00e1squez, H\u00e9ctor Fern\u00e1ndez, Dalia Feliz, Persio Maldonado y Jhaner Manuel M\u00e9ndez,  entre otros.<\/span><\/p>\n<\/p>\n<p><span class=\"text1noticias\">Todos coincidieron, en que Jimmy era un ser humano solidario, afable con todo el que se le acercaba y si apego a los bienes materiales, dedicando su vida a ser un maestro y un promotor de la cultura.<\/span><\/p>\n<\/p>\n<p><span class=\"text1noticias\">Redactado por: Pura Blanco Tineo<\/span><\/p>\n<h6> 2020-08-25 14:45:54 <\/h6>\n<p><!--\n<link rel=\"stylesheet\" href=\"css\/bootstrap.min.css\">\n\n\n<ul class=\"pagination\">\n\t    \n\t\n\n<li >\n\t<a href='?page_no=284'>Previous<\/a>\n\t<\/li>\n\n\n       \n    \n\n<li><a href='?page_no=1'>1<\/a><\/li>\n\n\n\n<li><a href='?page_no=2'>2<\/a><\/li>\n\n\n\n<li><a>...<\/a><\/li>\n\n\n\n<li><a href='?page_no=283'>283<\/a><\/li>\n\n\n\n<li><a href='?page_no=284'>284<\/a><\/li>\n\n\n\n<li class='active'><a>285<\/a><\/li>\n\n\n\n<li><a href='?page_no=286'>286<\/a><\/li>\n\n\n\n<li><a href='?page_no=287'>287<\/a><\/li>\n\n\n\n<li><a>...<\/a><\/li>\n\n\n\n<li><a href='?page_no=22911'>22911<\/a><\/li>\n\n\n\n<li><a href='?page_no=22912'>22912<\/a><\/li>\n\n    \n\t\n\n<li >\n\t<a href='?page_no=286'>Next<\/a>\n\t<\/li>\n\n\n    \n\n<li><a href='?page_no=22912'>Last &rsaquo;&rsaquo;<\/a><\/li>\n\n<\/ul>\n\n\n--><br \/>\n<\/body><\/p>\n","protected":false},"excerpt":{"rendered":"<p>diariodominicano.com Santo Domingo, R. D., 25 de agosto, 2020.- Este mi\u00e9rcoles, familiares, miembros de la Tertulia del Te\u00f3rico y amigos, dar\u00e1n su \u00faltimo adi\u00f3s a los restos, convertidos en cenizas, del abogado, periodista, historiador, cuentista, compositor, ensayista, dramaturgo y productor y director de radio, cine y televisi\u00f3n, Julio Samuel \u00abJimmy\u00bb Sierra. La actividad est\u00e1 programada [&hellip;]<\/p>\n","protected":false},"author":3,"featured_media":0,"comment_status":"open","ping_status":"open","sticky":false,"template":"","format":"standard","meta":{"footnotes":""},"categories":[21],"tags":[],"class_list":["post-50295","post","type-post","status-publish","format-standard","hentry","category-cultura"],"_links":{"self":[{"href":"https:\/\/diariodominicano.com\/index.php?rest_route=\/wp\/v2\/posts\/50295","targetHints":{"allow":["GET"]}}],"collection":[{"href":"https:\/\/diariodominicano.com\/index.php?rest_route=\/wp\/v2\/posts"}],"about":[{"href":"https:\/\/diariodominicano.com\/index.php?rest_route=\/wp\/v2\/types\/post"}],"author":[{"embeddable":true,"href":"https:\/\/diariodominicano.com\/index.php?rest_route=\/wp\/v2\/users\/3"}],"replies":[{"embeddable":true,"href":"https:\/\/diariodominicano.com\/index.php?rest_route=%2Fwp%2Fv2%2Fcomments&post=50295"}],"version-history":[{"count":0,"href":"https:\/\/diariodominicano.com\/index.php?rest_route=\/wp\/v2\/posts\/50295\/revisions"}],"wp:attachment":[{"href":"https:\/\/diariodominicano.com\/index.php?rest_route=%2Fwp%2Fv2%2Fmedia&parent=50295"}],"wp:term":[{"taxonomy":"category","embeddable":true,"href":"https:\/\/diariodominicano.com\/index.php?rest_route=%2Fwp%2Fv2%2Fcategories&post=50295"},{"taxonomy":"post_tag","embeddable":true,"href":"https:\/\/diariodominicano.com\/index.php?rest_route=%2Fwp%2Fv2%2Ftags&post=50295"}],"curies":[{"name":"wp","href":"https:\/\/api.w.org\/{rel}","templated":true}]}}