{"id":502917,"date":"2024-01-23T15:05:16","date_gmt":"2024-01-23T19:05:16","guid":{"rendered":"https:\/\/diariodominicano.com\/?p=502917"},"modified":"2024-01-23T15:06:04","modified_gmt":"2024-01-23T19:06:04","slug":"ley-electoral-prohibe-al-gobierno-inauguraciones-de-obras-en-campana","status":"publish","type":"post","link":"https:\/\/diariodominicano.com\/?p=502917","title":{"rendered":"Ley Electoral proh\u00edbe al Gobierno inauguraciones de obras en campa\u00f1a"},"content":{"rendered":"\n<p>diariodominicano.com<\/p>\n\n\n\n<p>Santo Domingo, R. D.,\u200223 de enero, 2024.-\u2002<strong>El Partido de la Liberaci\u00f3n Dominicana (PLD)<\/strong>\u00a0reiter\u00f3 que el presidente Luis Abinader est\u00e1 impedido de inaugurar obras del Gobierno durante el periodo de campa\u00f1a y acusa al miembro titular del pleno de la Junta Central Electoral, Rafael Vallejo Santelises, de estar parcializado con el Gobierno.<\/p>\n\n\n\n<p>Por separado el&nbsp;<strong>secretario general del PLD, Charles Mariotti, Danilo Diaz<\/strong>, delegado Suplente ante la Junta Central Electoral e Yvan Lorenzo, vocero senatorial del PLD, coincidieron en resaltar el texto de la Ley, objetando las declaraciones del miembro de la JCE.&nbsp;&nbsp;<\/p>\n\n\n\n<p>Mariotti cit\u00f3 el art\u00edculo 210, p\u00e1rrafo VI de la Ley 20-23, Org\u00e1nica de R\u00e9gimen Electoral, en el que claramente se establece que quedan prohibidos todos los actos inaugurales p\u00fablicos, tanto del Gobierno como de las alcald\u00edas, 40 d\u00edas antes de las elecciones municipales y 60 d\u00edas antes de las elecciones presidenciales.<\/p>\n\n\n\n<p>\u201cEsta disposici\u00f3n, que viene de la anterior ley electoral 15-19, la incluimos precisamente para garantizar que todos los funcionarios p\u00fablicos no rompieran la equidad de la campa\u00f1a electoral y por eso nosotros, los legisladores de ese momento entre los que me incluyo, plasmamos dicha limitaci\u00f3n en la ley como la expresi\u00f3n del esp\u00edritu del legislador, que hoy pretende desconocer el Gobierno y ese se\u00f1or miembro de la JCE\u201d, dijo el Secretario General del PLD en declaraciones al peri\u00f3dico El Nacional<\/p>\n\n\n\n<p>Refiri\u00f3 que es la&nbsp;&nbsp;&nbsp;propia JCE, que redacta un documento que publica en espacio pagado sobre los plazos administrativos y legales del proceso electoral, cita claramente un resumen del texto legal en el cuadro correspondiente a los plazos del mes de enero\u201d, destac\u00f3.<\/p>\n\n\n\n<p>Dijo que habr\u00e1 que preguntarse lo siguiente: \u00bfPuede seguir siendo miembro titular de la JCE, quien act\u00faa en contra de los mandatos de la ley que constituyen y dan vida al sistema de partidos y a la civilidad democr\u00e1tica?<\/p>\n\n\n\n<p>De su lado&nbsp;<strong>Danilo Diaz<\/strong>&nbsp;sostiene que Vallejo Santelises se descalifica para ser miembro de la JCE porque su posici\u00f3n entra en contradicci\u00f3n con la Ley 20-23 Org\u00e1nica del R\u00e9gimen Electoral que proh\u00edbe las inauguraciones.&nbsp;&nbsp;<\/p>\n\n\n\n<p>\u201clas declaraciones desafortunadas de un miembro de la JCE, que nunca habla y extra\u00f1amente cuando sale a hablar es para apoyar las declaraciones del presidente de la Rep\u00fablica que la hab\u00eda hecho horas antes, eso indudablemente lo descalifica en su rol de arbitro\u201d, declar\u00f3 Danilo Diaz.<\/p>\n\n\n\n<p>A\u00f1adi\u00f3 que \u201c\u00e9l se est\u00e1 descalificando para ser miembro de la Junta, su grado de imparcialidad ah\u00ed est\u00e1 cuestionamiento porque c\u00f3mo \u00e9l explica que despu\u00e9s que el presidente de la Rep\u00fablica da una declaraci\u00f3n \u00e9l sale a repetir lo mismo inmediatamente, contrario a lo que establecen los documentos oficiales de la Junta Central Electoral a la que \u00e9l pertenece\u201d.<\/p>\n\n\n\n<p>Mientras que el vocero del&nbsp;<strong>PLD en el Senado de la Rep\u00fablica, Yvan Lorenzo,<\/strong>&nbsp;emplaz\u00f3 al juez de la JCE, Rafael Vallejo Santelises, a explicar cu\u00e1ndo se modific\u00f3 la Ley Org\u00e1nica de R\u00e9gimen Electoral 20-23, ya que sus recientes declaraciones son contradictorias con lo que establece la ley sobre los actos inaugurales de obras p\u00fablicas por el Gobierno central y las alcald\u00edas.<\/p>\n\n\n\n<p><strong>Yvan Lorenzo<\/strong>&nbsp;expres\u00f3 que los jueces y miembro de la JCE hablan por sentencia o resoluciones y que la opini\u00f3n del magistrado Vallejo Santelises compromete su imparcialidad, adem\u00e1s, de que el vocero del Pleno de la JCE es el presidente de ese \u00f3rgano.<\/p>\n\n\n\n<p><strong>SECRETARIA DE COMUNICACIONES<\/strong><\/p>\n\n\n\n<p><strong>23 DE ENERO, 2023.-<\/strong><\/p>\n","protected":false},"excerpt":{"rendered":"<p>diariodominicano.com Santo Domingo, R. D.,\u200223 de enero, 2024.-\u2002El Partido de la Liberaci\u00f3n Dominicana (PLD)\u00a0reiter\u00f3 que el presidente Luis Abinader est\u00e1 impedido de inaugurar obras del Gobierno durante el periodo de campa\u00f1a y acusa al miembro titular del pleno de la Junta Central Electoral, Rafael Vallejo Santelises, de estar parcializado con el Gobierno. Por separado el&nbsp;secretario [&hellip;]<\/p>\n","protected":false},"author":5,"featured_media":502918,"comment_status":"closed","ping_status":"","sticky":true,"template":"","format":"standard","meta":{"footnotes":""},"categories":[22,27],"tags":[],"class_list":["post-502917","post","type-post","status-publish","format-standard","has-post-thumbnail","hentry","category-politica","category-portada"],"_links":{"self":[{"href":"https:\/\/diariodominicano.com\/index.php?rest_route=\/wp\/v2\/posts\/502917","targetHints":{"allow":["GET"]}}],"collection":[{"href":"https:\/\/diariodominicano.com\/index.php?rest_route=\/wp\/v2\/posts"}],"about":[{"href":"https:\/\/diariodominicano.com\/index.php?rest_route=\/wp\/v2\/types\/post"}],"author":[{"embeddable":true,"href":"https:\/\/diariodominicano.com\/index.php?rest_route=\/wp\/v2\/users\/5"}],"replies":[{"embeddable":true,"href":"https:\/\/diariodominicano.com\/index.php?rest_route=%2Fwp%2Fv2%2Fcomments&post=502917"}],"version-history":[{"count":3,"href":"https:\/\/diariodominicano.com\/index.php?rest_route=\/wp\/v2\/posts\/502917\/revisions"}],"predecessor-version":[{"id":502921,"href":"https:\/\/diariodominicano.com\/index.php?rest_route=\/wp\/v2\/posts\/502917\/revisions\/502921"}],"wp:featuredmedia":[{"embeddable":true,"href":"https:\/\/diariodominicano.com\/index.php?rest_route=\/wp\/v2\/media\/502918"}],"wp:attachment":[{"href":"https:\/\/diariodominicano.com\/index.php?rest_route=%2Fwp%2Fv2%2Fmedia&parent=502917"}],"wp:term":[{"taxonomy":"category","embeddable":true,"href":"https:\/\/diariodominicano.com\/index.php?rest_route=%2Fwp%2Fv2%2Fcategories&post=502917"},{"taxonomy":"post_tag","embeddable":true,"href":"https:\/\/diariodominicano.com\/index.php?rest_route=%2Fwp%2Fv2%2Ftags&post=502917"}],"curies":[{"name":"wp","href":"https:\/\/api.w.org\/{rel}","templated":true}]}}