{"id":50284,"date":"2020-08-25T16:17:52","date_gmt":"2020-08-25T16:17:52","guid":{"rendered":"http:\/\/diariodominicano.ddns.net\/?p=50284"},"modified":"2020-08-25T16:17:52","modified_gmt":"2020-08-25T16:17:52","slug":"ministerio-de-cultura-repone-nombre-de-enriquillo-sanchez-a-su-auditorio","status":"publish","type":"post","link":"https:\/\/diariodominicano.com\/?p=50284","title":{"rendered":"Ministerio de Cultura repone nombre de Enriquillo S\u00e1nchez a su auditorio"},"content":{"rendered":"<p><body><\/p>\n<p><img decoding=\"async\" src=\"img3\/DSC_5413 copy3 (1).jpg\" \/>  <\/p>\n<p><strong><span class=\"text1noticias\">diariodominicano.com<\/span><\/strong><\/p>\n<p><strong> <\/strong><\/p>\n<p><strong><span class=\"text1noticias\">Santo Domingo, R. D., 25 de agosto, 2020.-<\/span><\/strong><span class=\"text1noticias\"> En ocasi\u00f3n de conmemorarse el 73 aniversario del natalicio del ensayista y poeta dominicano Enriquillo S\u00e1nchez, el Ministerio de Cultura celebr\u00f3 un acto para restituir su nombre al auditorio ubicado en la sede de la instituci\u00f3n, el cual hab\u00eda sido cambiado en la pasada gesti\u00f3n del Ministro del PLD, Eduardo Selman.<\/span><\/p>\n<p><span class=\"text1noticias\"> <\/span><\/p>\n<p><span class=\"text1noticias\">La disposici\u00f3n fue tomada por la ministra de Cultura, profesora Carmen Heredia, luego de haber expresado su desacuerdo con esta decisi\u00f3n. El acto fue encabezado por la ministra, quien estuvo acompa\u00f1ada por viceministros, directores departamentales y un gran n\u00famero de intelectuales y escritores. <\/span><\/p>\n<p><span class=\"text1noticias\"> <\/span><\/p>\n<p><span class=\"text1noticias\"><strong>La ministra Carmen Heredia expres\u00f3: \u00abPara el Ministerio de Cultura es un honor recordar en el d\u00eda de hoy, a Enriquillo S\u00e1nchez, en el 73 aniversario de su nacimiento; y al mismo tiempo, recuperar el s\u00edmbolo que le honra, y del que fue despojado, este \u00abAuditorioEnriquillo S\u00e1nchez\u00bb, con que esta instituci\u00f3n Cultural, reivindica su legado, y  reafirma el compromiso de mantener viva su memoria hist\u00f3rica. \u00a1Honrar, honra!\u00bb<\/strong><\/span><\/p>\n<p><span class=\"text1noticias\"> <\/span><\/p>\n<p><span class=\"text1noticias\">Con esta disposici\u00f3n la actual gesti\u00f3n del Ministerio de Cultura devuelve a este espacio art\u00edstico el nombre de este gran literato, con el que por m\u00e1s de una d\u00e9cada fue denominado; respondiendo al llamado de diversos sectores que consideraron la acci\u00f3n como \u00abuna ofensa a la memoria del extinto intelectual dominicano\u00bb.<\/span><\/p>\n<p><span class=\"text1noticias\"> <\/span><\/p>\n<p><span class=\"text1noticias\">La denominaci\u00f3n del auditorio con el nombre del editor del suplemento cultural \u00abPalotes\u00bb de la desaparecida revista Ahora es el \u00fanico reconocimiento que se le ha hecho al poeta, novelista, intelectual y periodista dominicano Enriquillo S\u00e1nchez.<\/span><\/p>\n<p><span class=\"text1noticias\"> <\/span><\/p>\n<p><span class=\"text1noticias\">El acto cont\u00f3 con la participaci\u00f3n de la Compa\u00f1\u00eda L\u00edrica Nacional, dirigida por Ondina Matos, y con Omar Ubr\u00ed, en el piano. Las piezas interpretadas fueron: \u00abD\u00fao Duetino\u00bb, de Cecilia Valdez y Gonzalo Roig, y D\u00fao \u00abQui\u00e9reme cual yo a ti\u00bb, de Juan Lockward, y \u00abEn d\u00f3nde est\u00e1s\u00bb, de Luis Senior.<\/span><\/p>\n<p><span class=\"text1noticias\"> <\/span><\/p>\n<p><span class=\"text1noticias\"><strong>Sobre Enriquillo S\u00e1nchez<\/strong><\/span><\/p>\n<p><span class=\"text1noticias\"> <\/span><\/p>\n<p><span class=\"text1noticias\">Enriquillo S\u00e1nchez naci\u00f3 el 25 de agosto de 1947 y muri\u00f3 el 13 de julio de 2004 a la edad de 57 a\u00f1os. Poeta, ensayista, novelista, narrador, y se gradu\u00f3 de licenciado en Letras en la Universidad Aut\u00f3noma de Santo Domingo (UASD).<\/span><\/p>\n<p><span class=\"text1noticias\"> <\/span><\/p>\n<p><span class=\"text1noticias\">Sus grandes cualidades de editor de suplementos cr\u00edticos y literarios como \u00abPalotes\u00bb, y como articulista, son bien conocidas, y su dimensi\u00f3n como poeta, miembro de una generaci\u00f3n innovadora, est\u00e1 sobradamente establecida.<\/span><\/p>\n<p><span class=\"text1noticias\"> <\/span><\/p>\n<p><span class=\"text1noticias\">Enriquillo S\u00e1nchez fue el benjam\u00edn de su generaci\u00f3n, la de los 60. Proven\u00eda de una familia tradicional. Su padre Jos\u00e9 An\u00edbal Fern\u00e1ndez S\u00e1nchez asumi\u00f3 como un apostolado la reivindicaci\u00f3n de su bisabuelo Francisco del Rosario S\u00e1nchez, uno de los Padres de la Patria.<\/span><\/p>\n<p><span class=\"text1noticias\"> <\/span><\/p>\n<p><span class=\"text1noticias\">Gan\u00f3 menciones en los concursos La M\u00e1scara (1966 y 1971), y ah\u00ed se le ve en aquella foto hist\u00f3rica en aquel m\u00edtico apartamento de la calle C\u00e9sar Nicol\u00e1s Penson 60, en la escalera junto a Juan Bosch, Ren\u00e9 del Risco, Miguel Alfonseca, Rub\u00e9n Echavarr\u00eda, Armando Alm\u00e1nzar y Abel Fern\u00e1ndez Mej\u00eda.<\/span><\/p>\n<p><span class=\"text1noticias\"> <\/span><\/p>\n<p><span class=\"text1noticias\">Fuente: Ministerio de Cultura<\/span><\/p>\n<p><span class=\"text1noticias\"> <\/span><\/p>\n<p><span class=\"text1noticias\"> <\/span><\/p>\n<p><span class=\"text1noticias\"> <\/span><\/p>\n<\/p>\n<h6> 2020-08-25 16:17:52 <\/h6>\n<p><!--\n<link rel=\"stylesheet\" href=\"css\/bootstrap.min.css\">\n\n\n<ul class=\"pagination\">\n\t    \n\t\n\n<li >\n\t<a href='?page_no=283'>Previous<\/a>\n\t<\/li>\n\n\n       \n    \n\n<li><a href='?page_no=1'>1<\/a><\/li>\n\n\n\n<li><a href='?page_no=2'>2<\/a><\/li>\n\n\n\n<li><a>...<\/a><\/li>\n\n\n\n<li><a href='?page_no=282'>282<\/a><\/li>\n\n\n\n<li><a href='?page_no=283'>283<\/a><\/li>\n\n\n\n<li class='active'><a>284<\/a><\/li>\n\n\n\n<li><a href='?page_no=285'>285<\/a><\/li>\n\n\n\n<li><a href='?page_no=286'>286<\/a><\/li>\n\n\n\n<li><a>...<\/a><\/li>\n\n\n\n<li><a href='?page_no=22911'>22911<\/a><\/li>\n\n\n\n<li><a href='?page_no=22912'>22912<\/a><\/li>\n\n    \n\t\n\n<li >\n\t<a href='?page_no=285'>Next<\/a>\n\t<\/li>\n\n\n    \n\n<li><a href='?page_no=22912'>Last &rsaquo;&rsaquo;<\/a><\/li>\n\n<\/ul>\n\n\n--><br \/>\n<\/body><\/p>\n","protected":false},"excerpt":{"rendered":"<p>diariodominicano.com Santo Domingo, R. D., 25 de agosto, 2020.- En ocasi\u00f3n de conmemorarse el 73 aniversario del natalicio del ensayista y poeta dominicano Enriquillo S\u00e1nchez, el Ministerio de Cultura celebr\u00f3 un acto para restituir su nombre al auditorio ubicado en la sede de la instituci\u00f3n, el cual hab\u00eda sido cambiado en la pasada gesti\u00f3n del [&hellip;]<\/p>\n","protected":false},"author":3,"featured_media":0,"comment_status":"open","ping_status":"open","sticky":false,"template":"","format":"standard","meta":{"footnotes":""},"categories":[21],"tags":[],"class_list":["post-50284","post","type-post","status-publish","format-standard","hentry","category-cultura"],"_links":{"self":[{"href":"https:\/\/diariodominicano.com\/index.php?rest_route=\/wp\/v2\/posts\/50284","targetHints":{"allow":["GET"]}}],"collection":[{"href":"https:\/\/diariodominicano.com\/index.php?rest_route=\/wp\/v2\/posts"}],"about":[{"href":"https:\/\/diariodominicano.com\/index.php?rest_route=\/wp\/v2\/types\/post"}],"author":[{"embeddable":true,"href":"https:\/\/diariodominicano.com\/index.php?rest_route=\/wp\/v2\/users\/3"}],"replies":[{"embeddable":true,"href":"https:\/\/diariodominicano.com\/index.php?rest_route=%2Fwp%2Fv2%2Fcomments&post=50284"}],"version-history":[{"count":0,"href":"https:\/\/diariodominicano.com\/index.php?rest_route=\/wp\/v2\/posts\/50284\/revisions"}],"wp:attachment":[{"href":"https:\/\/diariodominicano.com\/index.php?rest_route=%2Fwp%2Fv2%2Fmedia&parent=50284"}],"wp:term":[{"taxonomy":"category","embeddable":true,"href":"https:\/\/diariodominicano.com\/index.php?rest_route=%2Fwp%2Fv2%2Fcategories&post=50284"},{"taxonomy":"post_tag","embeddable":true,"href":"https:\/\/diariodominicano.com\/index.php?rest_route=%2Fwp%2Fv2%2Ftags&post=50284"}],"curies":[{"name":"wp","href":"https:\/\/api.w.org\/{rel}","templated":true}]}}