{"id":502820,"date":"2024-01-23T00:24:26","date_gmt":"2024-01-23T04:24:26","guid":{"rendered":"https:\/\/diariodominicano.com\/?p=502820"},"modified":"2024-01-23T00:26:47","modified_gmt":"2024-01-23T04:26:47","slug":"presidente-del-tse-dice-que-sistema-electoral-goza-de-mayor-confiabilidad-y-mejora-sustancial-en-su-tecnificacion","status":"publish","type":"post","link":"https:\/\/diariodominicano.com\/?p=502820","title":{"rendered":"Presidente del TSE dice que Sistema Electoral goza de mayor confiabilidad y mejora sustancial en su tecnificaci\u00f3n"},"content":{"rendered":"\n<p>Camacho Hidalgo habl\u00f3 al Tribunal Superior Electoral depositar una ofrenda floral en el Altar de la Patria al conmemorarse el 12 aniversario de la creaci\u00f3n de esa Alta Corte, haciendo honor a los padres fundadores de la naci\u00f3n.<\/p>\n\n\n\n<figure class=\"wp-block-image size-large\"><img loading=\"lazy\" decoding=\"async\" width=\"1024\" height=\"776\" src=\"https:\/\/diariodominicano.com\/wp-content\/uploads\/2024\/01\/WhatsApp-Image-2024-01-22-at-1.21.38-PM-1-1024x776.jpeg\" alt=\"\" class=\"wp-image-502823\" srcset=\"https:\/\/diariodominicano.com\/wp-content\/uploads\/2024\/01\/WhatsApp-Image-2024-01-22-at-1.21.38-PM-1-1024x776.jpeg 1024w, https:\/\/diariodominicano.com\/wp-content\/uploads\/2024\/01\/WhatsApp-Image-2024-01-22-at-1.21.38-PM-1-300x227.jpeg 300w, https:\/\/diariodominicano.com\/wp-content\/uploads\/2024\/01\/WhatsApp-Image-2024-01-22-at-1.21.38-PM-1-768x582.jpeg 768w, https:\/\/diariodominicano.com\/wp-content\/uploads\/2024\/01\/WhatsApp-Image-2024-01-22-at-1.21.38-PM-1-1536x1163.jpeg 1536w, https:\/\/diariodominicano.com\/wp-content\/uploads\/2024\/01\/WhatsApp-Image-2024-01-22-at-1.21.38-PM-1-2048x1551.jpeg 2048w, https:\/\/diariodominicano.com\/wp-content\/uploads\/2024\/01\/WhatsApp-Image-2024-01-22-at-1.21.38-PM-1-816x618.jpeg 816w\" sizes=\"auto, (max-width: 1024px) 100vw, 1024px\" \/><\/figure>\n\n\n\n<p><strong>Santo Domingo, RD.<\/strong>\u00a0-El presidente del Tribunal Superior Electoral, magistrado Ygnacio Pascual Camacho Hidalgo, dijo el lunes que el sistema electoral dominicano goza de mayor confiabilidad y mejora sustancial en su tecnificaci\u00f3n.<\/p>\n\n\n\n<p>\u201cHa habido una coordinaci\u00f3n de trabajo del Tribunal Superior Electoral y la Junta Central Electoral, naturalmente, cada uno en su \u00e1rea\u201d.<\/p>\n\n\n\n<p>Refiri\u00f3 la valoraci\u00f3n de un funcionario de la Junta Central Electoral que agradeci\u00f3 al TSE el env\u00edo a tiempo de las decisiones para imprimir de forma oportuna las boletas electorales para las elecciones municipales del pr\u00f3ximo 18 de febrero.\u00a0\u00a0<\/p>\n\n\n\n<p>Dijo que conforme a las nuevas leyes que tiene el pa\u00eds, se han ido trazando para este proceso y para los venideros, distintas v\u00edas que antes no estaban abiertas.&nbsp;<\/p>\n\n\n\n<figure class=\"wp-block-image size-large\"><img loading=\"lazy\" decoding=\"async\" width=\"1024\" height=\"683\" src=\"https:\/\/diariodominicano.com\/wp-content\/uploads\/2024\/01\/WhatsApp-Image-2024-01-22-at-1.21.39-PM-1024x683.jpeg\" alt=\"\" class=\"wp-image-502829\" srcset=\"https:\/\/diariodominicano.com\/wp-content\/uploads\/2024\/01\/WhatsApp-Image-2024-01-22-at-1.21.39-PM-1024x683.jpeg 1024w, https:\/\/diariodominicano.com\/wp-content\/uploads\/2024\/01\/WhatsApp-Image-2024-01-22-at-1.21.39-PM-300x200.jpeg 300w, https:\/\/diariodominicano.com\/wp-content\/uploads\/2024\/01\/WhatsApp-Image-2024-01-22-at-1.21.39-PM-768x512.jpeg 768w, https:\/\/diariodominicano.com\/wp-content\/uploads\/2024\/01\/WhatsApp-Image-2024-01-22-at-1.21.39-PM-1536x1024.jpeg 1536w, https:\/\/diariodominicano.com\/wp-content\/uploads\/2024\/01\/WhatsApp-Image-2024-01-22-at-1.21.39-PM-2048x1365.jpeg 2048w, https:\/\/diariodominicano.com\/wp-content\/uploads\/2024\/01\/WhatsApp-Image-2024-01-22-at-1.21.39-PM-816x544.jpeg 816w\" sizes=\"auto, (max-width: 1024px) 100vw, 1024px\" \/><\/figure>\n\n\n\n<p>Camacho Hidalgo habl\u00f3 al Tribunal Superior Electoral depositar una ofrenda floral en el Altar de la Patria al conmemorarse el 12 aniversario de la creaci\u00f3n de esa Alta Corte, haciendo honor a los padres fundadores de la naci\u00f3n.<\/p>\n\n\n\n<figure class=\"wp-block-image size-large\"><img loading=\"lazy\" decoding=\"async\" width=\"1024\" height=\"683\" src=\"https:\/\/diariodominicano.com\/wp-content\/uploads\/2024\/01\/WhatsApp-Image-2024-01-22-at-1.21.38-PM-2-1024x683.jpeg\" alt=\"\" class=\"wp-image-502830\" srcset=\"https:\/\/diariodominicano.com\/wp-content\/uploads\/2024\/01\/WhatsApp-Image-2024-01-22-at-1.21.38-PM-2-1024x683.jpeg 1024w, https:\/\/diariodominicano.com\/wp-content\/uploads\/2024\/01\/WhatsApp-Image-2024-01-22-at-1.21.38-PM-2-300x200.jpeg 300w, https:\/\/diariodominicano.com\/wp-content\/uploads\/2024\/01\/WhatsApp-Image-2024-01-22-at-1.21.38-PM-2-768x512.jpeg 768w, https:\/\/diariodominicano.com\/wp-content\/uploads\/2024\/01\/WhatsApp-Image-2024-01-22-at-1.21.38-PM-2-1536x1024.jpeg 1536w, https:\/\/diariodominicano.com\/wp-content\/uploads\/2024\/01\/WhatsApp-Image-2024-01-22-at-1.21.38-PM-2-2048x1365.jpeg 2048w, https:\/\/diariodominicano.com\/wp-content\/uploads\/2024\/01\/WhatsApp-Image-2024-01-22-at-1.21.38-PM-2-816x544.jpeg 816w\" sizes=\"auto, (max-width: 1024px) 100vw, 1024px\" \/><\/figure>\n\n\n\n<p>Los jueces del Tribunal Superior Electoral depositaron este lunes una ofrenda floral en el Altar de la Patria, para rendir homenaje a los padres de la Patria, Juan Pablo Duarte; Mat\u00edas Ram\u00f3n Mella y Francisco del Rosario S\u00e1nchez, al conmemorarse el&nbsp;Duod\u00e9cimo&nbsp;Aniversario de la creaci\u00f3n de esa Alta Corte.<\/p>\n\n\n\n<p>El acto estuvo encabezado por el magistrado Ygnacio Pascual Camacho Hidalgo, presidente; y los miembros titulares Hermenegilda del Rosario Fondeur Ram\u00edrez; Rosa P\u00e9rez de Garc\u00eda; Pedro P. Yermenos Forastieri y Fernando Fern\u00e1ndez Cruz; as\u00ed como los jueces suplentes, Juan Cuevas y Juan Manuel Garrido Campillo; el secretario general y directores que integran la Alta Corte.<\/p>\n\n\n\n<p>El magistrado Camacho afirm\u00f3 que las decisiones oportunas del Tribunal han posibilitado la ejecuci\u00f3n del proceso de impresi\u00f3n de boletas conforme a lo establecido en el calendario electoral.<\/p>\n\n\n\n<p>Los jueces se desplazaron hasta el mausoleo junto a funcionarios y servidores, para rendir tributo a los fundadores de Rep\u00fablica Dominicana.<\/p>\n\n\n\n<p>En el acto, el magistrado presidente del TSE expres\u00f3 que esa Alta Corte, se siente con el compromiso de preservar los valores y principios consagrados en la Constituci\u00f3n y las leyes que norman el contrato social que garantiza un Estado social y Democr\u00e1tico de Derecho en nuestro pa\u00eds.<\/p>\n\n\n\n<p>La interpretaci\u00f3n del Himno Nacional estuvo a cargo de la Banda de M\u00fasica del Cuerpo de Bomberos de Santo Domingo.<\/p>\n\n\n\n<p>La actividad forma parte del programa del TSE con motivo de su duod\u00e9cimo aniversario, que incluye Misa de Acci\u00f3n de Gracias y la Audiencia Solemne, donde se rendir\u00e1 cuenta, las cuales est\u00e1n pautadas para este martes.<\/p>\n\n\n\n<p><strong>Enlace video:<\/strong><\/p>\n\n\n\n<p><a href=\"https:\/\/we.tl\/t-Wopwd4YF0K\">https:\/\/we.tl\/t-Wopwd4YF0K<\/a><\/p>\n\n\n\n<p>Tribunal Superior Electoral<\/p>\n\n\n\n<p><a target=\"_blank\" href=\"mailto:tserdprensa@gmail.com\" rel=\"noreferrer noopener\">tserdprensa@gmail.com<\/a><\/p>\n","protected":false},"excerpt":{"rendered":"<p>Camacho Hidalgo habl\u00f3 al Tribunal Superior Electoral depositar una ofrenda floral en el Altar de la Patria al conmemorarse el 12 aniversario de la creaci\u00f3n de esa Alta Corte, haciendo honor a los padres fundadores de la naci\u00f3n. Santo Domingo, RD.\u00a0-El presidente del Tribunal Superior Electoral, magistrado Ygnacio Pascual Camacho Hidalgo, dijo el lunes que [&hellip;]<\/p>\n","protected":false},"author":28,"featured_media":502821,"comment_status":"closed","ping_status":"","sticky":true,"template":"","format":"standard","meta":{"footnotes":""},"categories":[20,22,27],"tags":[],"class_list":["post-502820","post","type-post","status-publish","format-standard","has-post-thumbnail","hentry","category-dominicana-hoy","category-politica","category-portada"],"_links":{"self":[{"href":"https:\/\/diariodominicano.com\/index.php?rest_route=\/wp\/v2\/posts\/502820","targetHints":{"allow":["GET"]}}],"collection":[{"href":"https:\/\/diariodominicano.com\/index.php?rest_route=\/wp\/v2\/posts"}],"about":[{"href":"https:\/\/diariodominicano.com\/index.php?rest_route=\/wp\/v2\/types\/post"}],"author":[{"embeddable":true,"href":"https:\/\/diariodominicano.com\/index.php?rest_route=\/wp\/v2\/users\/28"}],"replies":[{"embeddable":true,"href":"https:\/\/diariodominicano.com\/index.php?rest_route=%2Fwp%2Fv2%2Fcomments&post=502820"}],"version-history":[{"count":3,"href":"https:\/\/diariodominicano.com\/index.php?rest_route=\/wp\/v2\/posts\/502820\/revisions"}],"predecessor-version":[{"id":502831,"href":"https:\/\/diariodominicano.com\/index.php?rest_route=\/wp\/v2\/posts\/502820\/revisions\/502831"}],"wp:featuredmedia":[{"embeddable":true,"href":"https:\/\/diariodominicano.com\/index.php?rest_route=\/wp\/v2\/media\/502821"}],"wp:attachment":[{"href":"https:\/\/diariodominicano.com\/index.php?rest_route=%2Fwp%2Fv2%2Fmedia&parent=502820"}],"wp:term":[{"taxonomy":"category","embeddable":true,"href":"https:\/\/diariodominicano.com\/index.php?rest_route=%2Fwp%2Fv2%2Fcategories&post=502820"},{"taxonomy":"post_tag","embeddable":true,"href":"https:\/\/diariodominicano.com\/index.php?rest_route=%2Fwp%2Fv2%2Ftags&post=502820"}],"curies":[{"name":"wp","href":"https:\/\/api.w.org\/{rel}","templated":true}]}}