{"id":502788,"date":"2024-01-22T23:41:09","date_gmt":"2024-01-23T03:41:09","guid":{"rendered":"https:\/\/diariodominicano.com\/?p=502788"},"modified":"2024-01-22T23:41:09","modified_gmt":"2024-01-23T03:41:09","slug":"fp-realiza-multitudinaria-marcha-en-respaldo-de-domingo-contreras-y-omar-fernandez","status":"publish","type":"post","link":"https:\/\/diariodominicano.com\/?p=502788","title":{"rendered":"FP realiza multitudinaria marcha en respaldo de Domingo Contreras y Omar Fern\u00e1ndez"},"content":{"rendered":"\n<p><strong>Omar Fern\u00e1ndez: \u201cEste equipo no se present\u00f3 a \u00faltima hora a hacer el trabajo, tiene cuatro a\u00f1os dando la cara a los capitale\u00f1os\u201d.<\/strong><\/p>\n\n\n\n<p><strong>Santo Domingo D.<\/strong><strong>N.-<\/strong>\u00a0El partido Fuerza del Pueblo, realiz\u00f3 el domingo, una multitudinaria marcha por distintos sectores populares de la Circunscripci\u00f3n No.3 del Distrito Nacional, encabezada por su candidato a senador Omar Fern\u00e1ndez, y su candidato a alcalde, Domingo Contreras.\u00a0<\/p>\n\n\n\n<p>La actividad, organizada por la dirigencia de la Fuerza del Pueblo, toc\u00f3 los barrios Gualey, Las Ca\u00f1itas, 24 de Abril, Ensanche Espaillat, Ensanche Luper\u00f3n, Sim\u00f3n Bol\u00edvar y Capotillo.&nbsp;<\/p>\n\n\n\n<p>Adem\u00e1s, cont\u00f3 con una entusiasta participaci\u00f3n de la dirigencia y militancia del Partido de la Liberaci\u00f3n Dominicana (PLD), el Partido Revolucionario Dominicano (PRD), entre otras organizaciones pol\u00edticas que integran la Alianza Opositora Rescate RD y Juntos Podemos.<\/p>\n\n\n\n<figure class=\"wp-block-image size-large\"><img loading=\"lazy\" decoding=\"async\" width=\"1024\" height=\"652\" src=\"https:\/\/diariodominicano.com\/wp-content\/uploads\/2024\/01\/IMG-20240121-WA0608-1024x652.jpg\" alt=\"\" class=\"wp-image-502790\" srcset=\"https:\/\/diariodominicano.com\/wp-content\/uploads\/2024\/01\/IMG-20240121-WA0608-1024x652.jpg 1024w, https:\/\/diariodominicano.com\/wp-content\/uploads\/2024\/01\/IMG-20240121-WA0608-300x191.jpg 300w, https:\/\/diariodominicano.com\/wp-content\/uploads\/2024\/01\/IMG-20240121-WA0608-768x489.jpg 768w, https:\/\/diariodominicano.com\/wp-content\/uploads\/2024\/01\/IMG-20240121-WA0608-1536x978.jpg 1536w, https:\/\/diariodominicano.com\/wp-content\/uploads\/2024\/01\/IMG-20240121-WA0608-2048x1304.jpg 2048w, https:\/\/diariodominicano.com\/wp-content\/uploads\/2024\/01\/IMG-20240121-WA0608-816x520.jpg 816w\" sizes=\"auto, (max-width: 1024px) 100vw, 1024px\" \/><\/figure>\n\n\n\n<p>Durante el recorrido, el candidato a senador del Distrito Nacional, Omar Fern\u00e1ndez, manifest\u00f3 que \u201cEste (su) equipo no se present\u00f3 a \u00faltima hora a hacer el trabajo, tiene cuatro a\u00f1os dando la cara a los capitale\u00f1os\u201d.<\/p>\n\n\n\n<p>En tanto que, el candidato a alcalde del Distrito Nacional, Domingo Contreras, expres\u00f3 que \u201clos sectores populares de la parte alta de la capital, han sido abandonados a su suerte. La basura y las inundaciones, est\u00e1n afectando de manera dram\u00e1tica a nuestra gente\u00bb.&nbsp;<\/p>\n\n\n\n<p>De su lado, el miembro de la Direcci\u00f3n Pol\u00edtica de la Fuerza del Pueblo, enlace y coordinador de campa\u00f1a de la circunscripci\u00f3n 3 del Distrito Nacional, Fernando Fern\u00e1ndez, destac\u00f3 \u00abel importante papel que viene desarrollando la dirigencia puebl\u00edsta en esta demarcaci\u00f3n\u00bb, tras afirmar que \u00abla circunscripci\u00f3n n\u00famero 3 del Distrito Nacional, le dar\u00e1 un triunfo contundente a Omar Fern\u00e1ndez, Domingo Contreras, y los candidatos de la alianza, para finalmente, llevar a Leonel Fern\u00e1ndez, hasta el Palacio Nacional\u00bb.<\/p>\n\n\n\n<p>Tambi\u00e9n, la miembro de la Direcci\u00f3n Pol\u00edtica de la Fuerza del Pueblo y \u00abdiputada de la patria\u00bb, Yudelka de la Rosa, indic\u00f3 que junto a la dirigencia del partido, est\u00e1 peinando los diferentes sectores de la demarcaci\u00f3n, buscando los votos hasta debajo de las piedras, para dar la victoria electoral, a Domingo Contreras, el pr\u00f3ximo 18 de febrero; y, a Omar Fern\u00e1ndez y Leonel Fern\u00e1ndez, el 19 de mayo pr\u00f3ximo\u00bb.&nbsp;<\/p>\n\n\n\n<p>Por \u00faltimo, el presidente interino de la Fuerza del Pueblo, en la Circunscripci\u00f3n n\u00famero 3 del Distrito Nacional, Vicente Veloz, indic\u00f3 que \u00absu partido trabaja d\u00eda y noche, sin descanso, en el proceso de formaci\u00f3n, organizaci\u00f3n y estructuraci\u00f3n de los equipos electorales que dar\u00e1n el triunfo a la organizaci\u00f3n, en febrero, as\u00ed como tambi\u00e9n en mayo pr\u00f3ximo\u00bb.&nbsp;<\/p>\n\n\n\n<p>Fuente:<\/p>\n\n\n\n<p>Fitzgerald Tejada Mart\u00ednez<\/p>\n\n\n\n<p>Vicesecretario de Comunicaci\u00f3n FP<\/p>\n\n\n\n<p>Encargado de Comunicaci\u00f3n<\/p>\n\n\n\n<p>Comit\u00e9 de Campa\u00f1a de la Circunscripci\u00f3n no 3 del Distrito Naciona<\/p>\n","protected":false},"excerpt":{"rendered":"<p>Omar Fern\u00e1ndez: \u201cEste equipo no se present\u00f3 a \u00faltima hora a hacer el trabajo, tiene cuatro a\u00f1os dando la cara a los capitale\u00f1os\u201d. Santo Domingo D.N.-\u00a0El partido Fuerza del Pueblo, realiz\u00f3 el domingo, una multitudinaria marcha por distintos sectores populares de la Circunscripci\u00f3n No.3 del Distrito Nacional, encabezada por su candidato a senador Omar Fern\u00e1ndez, [&hellip;]<\/p>\n","protected":false},"author":28,"featured_media":502789,"comment_status":"closed","ping_status":"","sticky":false,"template":"","format":"standard","meta":{"footnotes":""},"categories":[22],"tags":[],"class_list":["post-502788","post","type-post","status-publish","format-standard","has-post-thumbnail","hentry","category-politica"],"_links":{"self":[{"href":"https:\/\/diariodominicano.com\/index.php?rest_route=\/wp\/v2\/posts\/502788","targetHints":{"allow":["GET"]}}],"collection":[{"href":"https:\/\/diariodominicano.com\/index.php?rest_route=\/wp\/v2\/posts"}],"about":[{"href":"https:\/\/diariodominicano.com\/index.php?rest_route=\/wp\/v2\/types\/post"}],"author":[{"embeddable":true,"href":"https:\/\/diariodominicano.com\/index.php?rest_route=\/wp\/v2\/users\/28"}],"replies":[{"embeddable":true,"href":"https:\/\/diariodominicano.com\/index.php?rest_route=%2Fwp%2Fv2%2Fcomments&post=502788"}],"version-history":[{"count":1,"href":"https:\/\/diariodominicano.com\/index.php?rest_route=\/wp\/v2\/posts\/502788\/revisions"}],"predecessor-version":[{"id":502791,"href":"https:\/\/diariodominicano.com\/index.php?rest_route=\/wp\/v2\/posts\/502788\/revisions\/502791"}],"wp:featuredmedia":[{"embeddable":true,"href":"https:\/\/diariodominicano.com\/index.php?rest_route=\/wp\/v2\/media\/502789"}],"wp:attachment":[{"href":"https:\/\/diariodominicano.com\/index.php?rest_route=%2Fwp%2Fv2%2Fmedia&parent=502788"}],"wp:term":[{"taxonomy":"category","embeddable":true,"href":"https:\/\/diariodominicano.com\/index.php?rest_route=%2Fwp%2Fv2%2Fcategories&post=502788"},{"taxonomy":"post_tag","embeddable":true,"href":"https:\/\/diariodominicano.com\/index.php?rest_route=%2Fwp%2Fv2%2Ftags&post=502788"}],"curies":[{"name":"wp","href":"https:\/\/api.w.org\/{rel}","templated":true}]}}