{"id":502755,"date":"2024-01-22T19:44:16","date_gmt":"2024-01-22T23:44:16","guid":{"rendered":"https:\/\/diariodominicano.com\/?p=502755"},"modified":"2024-01-22T19:45:28","modified_gmt":"2024-01-22T23:45:28","slug":"tu-firma-por-el-drenaje-obtiene-mas-de-30-mil-firmas-en-primeras-jornadas-domingo-contreras","status":"publish","type":"post","link":"https:\/\/diariodominicano.com\/?p=502755","title":{"rendered":"Tu firma por el drenaje\u00bb obtiene m\u00e1s de 30 mil firmas en primeras jornadas: Domingo Contreras"},"content":{"rendered":"\n<p>Omar Fern\u00e1ndez, Janet Camilo y Domingo Contreras ven la informaci\u00f3n.<\/p>\n\n\n\n<p> El equipo de campa\u00f1a del candidato a alcalde del Distrito Nacional por la alianza Rescate RD, Domingo Contreras, inform\u00f3 que la iniciativa \u201cMi firma por el drenaje \u201c, ha concitado en sus primeras jornadas el respaldo de 30, 814 capitale\u00f1os.<\/p>\n\n\n\n<p>\u201cMi firma por el drenaje \u201ces una jornada masiva de recolecci\u00f3n de firmas impulsada por Domingo Contreras, que busca el respaldo de los capitale\u00f1os para un anteproyecto de ley depositado en el Congreso, que tiene como objetivo solucionar el problema de drenaje pluvial y poner fin a las recurrentes inundaciones en la capital.<\/p>\n\n\n\n<p>El anteproyecto de ley, propone que el Estado dominicano asuma el Impuesto a la Propiedad Inmobiliaria (IPI), como la fuente de los recursos para resolver los problemas del drenaje en el Distrito Nacional .&nbsp;<\/p>\n\n\n\n<p>&nbsp;La Alianza Rescate RD explic\u00f3 en la movilizaci\u00f3n \u201cMi firma por el drenaje \u201c, es un esfuerzo conjunto de l\u00edderes comunitarios, pol\u00edticos, empresarios, comerciantes y voluntarios, que tiene como meta la recolecci\u00f3n de 200 mil firmas.<\/p>\n\n\n\n<p>Destacaron que, con esta iniciativa, Domingo Contreras involucra a la comunidad en la toma de decisiones y fomenta la participaci\u00f3n ciudadana activa, tal como lo har\u00e1 desde la Alcald\u00eda.<\/p>\n\n\n\n<p>En las primeras jornadas, \u201cMi firma por el drenaje \u201crecibi\u00f3 el respaldo de ciudados de los sectores, Los R\u00edos, Quisqueya, Cristo Rey, El Mill\u00f3n, Los Girasoles, Gazcue, Los Kil\u00f3metros, Honduras, 30 de mayo, Evaristo Morales, Mejoramiento Social y Guachupita.&nbsp;<\/p>\n\n\n\n<p>\u00a0Un reciente estudio realizado por la firma Sistemas Globales, SISGLO, SRL, arroj\u00f3 que el problema al que las pr\u00f3ximas autoridades del Ayuntamiento del Distrito Nacional deber\u00edan poner mayor empe\u00f1o en solucionar es el sistema de drenaje con un 27.6%, seguido de disminuir la delincuencia con el 26.4%, caos del tr\u00e1nsito 17.7%, recolecci\u00f3n de la basura 16.7%, mal estado de las calles 6.1%, desocupaci\u00f3n de las aceras por vendedores y colmadones 2.1% y mayor higienizaci\u00f3n en los mercados 1.3%.<\/p>\n\n\n\n<p>Comunicaciones Domingo Contreras<\/p>\n\n\n\n<p><a target=\"_blank\" href=\"mailto:comunicacionesdomingoalcalde@gmail.com\" rel=\"noreferrer noopener\">comunicacionesdomingoalcalde@gmail.com<\/a><\/p>\n","protected":false},"excerpt":{"rendered":"<p>Omar Fern\u00e1ndez, Janet Camilo y Domingo Contreras ven la informaci\u00f3n. El equipo de campa\u00f1a del candidato a alcalde del Distrito Nacional por la alianza Rescate RD, Domingo Contreras, inform\u00f3 que la iniciativa \u201cMi firma por el drenaje \u201c, ha concitado en sus primeras jornadas el respaldo de 30, 814 capitale\u00f1os. \u201cMi firma por el drenaje [&hellip;]<\/p>\n","protected":false},"author":28,"featured_media":502756,"comment_status":"closed","ping_status":"","sticky":true,"template":"","format":"standard","meta":{"footnotes":""},"categories":[20,22,27],"tags":[],"class_list":["post-502755","post","type-post","status-publish","format-standard","has-post-thumbnail","hentry","category-dominicana-hoy","category-politica","category-portada"],"_links":{"self":[{"href":"https:\/\/diariodominicano.com\/index.php?rest_route=\/wp\/v2\/posts\/502755","targetHints":{"allow":["GET"]}}],"collection":[{"href":"https:\/\/diariodominicano.com\/index.php?rest_route=\/wp\/v2\/posts"}],"about":[{"href":"https:\/\/diariodominicano.com\/index.php?rest_route=\/wp\/v2\/types\/post"}],"author":[{"embeddable":true,"href":"https:\/\/diariodominicano.com\/index.php?rest_route=\/wp\/v2\/users\/28"}],"replies":[{"embeddable":true,"href":"https:\/\/diariodominicano.com\/index.php?rest_route=%2Fwp%2Fv2%2Fcomments&post=502755"}],"version-history":[{"count":3,"href":"https:\/\/diariodominicano.com\/index.php?rest_route=\/wp\/v2\/posts\/502755\/revisions"}],"predecessor-version":[{"id":502759,"href":"https:\/\/diariodominicano.com\/index.php?rest_route=\/wp\/v2\/posts\/502755\/revisions\/502759"}],"wp:featuredmedia":[{"embeddable":true,"href":"https:\/\/diariodominicano.com\/index.php?rest_route=\/wp\/v2\/media\/502756"}],"wp:attachment":[{"href":"https:\/\/diariodominicano.com\/index.php?rest_route=%2Fwp%2Fv2%2Fmedia&parent=502755"}],"wp:term":[{"taxonomy":"category","embeddable":true,"href":"https:\/\/diariodominicano.com\/index.php?rest_route=%2Fwp%2Fv2%2Fcategories&post=502755"},{"taxonomy":"post_tag","embeddable":true,"href":"https:\/\/diariodominicano.com\/index.php?rest_route=%2Fwp%2Fv2%2Ftags&post=502755"}],"curies":[{"name":"wp","href":"https:\/\/api.w.org\/{rel}","templated":true}]}}