{"id":50273,"date":"2020-08-26T00:16:27","date_gmt":"2020-08-26T00:16:27","guid":{"rendered":"http:\/\/diariodominicano.ddns.net\/?p=50273"},"modified":"2020-08-26T00:16:27","modified_gmt":"2020-08-26T00:16:27","slug":"deportan-a-los-proceres-sanchez-y-mella","status":"publish","type":"post","link":"https:\/\/diariodominicano.com\/?p=50273","title":{"rendered":"Deportan a los pr\u00f3ceres S\u00e1nchez y  Mella"},"content":{"rendered":"<p><body><\/p>\n<p><img decoding=\"async\" src=\"img3\/sanchezarc0.jpg\" \/>  <\/p>\n<p><strong>Diariodominicano.com<\/strong><\/p>\n<p><strong>Deportan a los pr\u00f3ceres S\u00e1nchez y Mella <\/strong><\/p>\n<p><strong>    SANTO DOMINGO, el  26 de Agosto de 1844, la Junta Central Gubernativa controlada por Pedro Santana, dispuso <\/strong> fueran deportados a  Liverpool,  Inglaterra, los pr\u00f3ceres Francisco del Rosario S\u00e1nchez, Mat\u00edas Ram\u00f3n Mella, Pedro Alejandrino Pina y el poeta venezolano Juan Jos\u00e9 Illas.<\/p>\n<\/p>\n<p>     Los trinitarios salieron del Puerto de Santo Domingo, en el bergant\u00edn Capricornio.<\/p>\n<\/p>\n<p>     El d\u00eda 22 de agosto de 1844 un grupo de pr\u00f3ceres encabezados por  Juan Pablo Duarte,  Francisco del Rosario S\u00e1nchez y   Mat\u00edas Ram\u00f3n Mella, fueron declarados por la Junta Central Gubernativa  traidores a la patria.<\/p>\n<\/p>\n<p>     Luego fueron desterrados el doctor Manuel Mar\u00eda Valverde Fern\u00e1ndez y su familia, para Puerto Rico; Jos\u00e9 Ram\u00f3n Ort\u00edz y Buenaventura Freites, para Curazao; Jos\u00e9 Prudencio Diez y Mariano Cangas, para Saint Thomas; Rafael Rodr\u00edguez  y Ces\u00e1reo Prado, para Estados Unidos.<\/p>\n<\/p>\n<\/p>\n<h6> 2020-08-26 00:16:27 <\/h6>\n<p><!--\n<link rel=\"stylesheet\" href=\"css\/bootstrap.min.css\">\n\n\n<ul class=\"pagination\">\n\t    \n\t\n\n<li >\n\t<a href='?page_no=282'>Previous<\/a>\n\t<\/li>\n\n\n       \n    \n\n<li><a href='?page_no=1'>1<\/a><\/li>\n\n\n\n<li><a href='?page_no=2'>2<\/a><\/li>\n\n\n\n<li><a>...<\/a><\/li>\n\n\n\n<li><a href='?page_no=281'>281<\/a><\/li>\n\n\n\n<li><a href='?page_no=282'>282<\/a><\/li>\n\n\n\n<li class='active'><a>283<\/a><\/li>\n\n\n\n<li><a href='?page_no=284'>284<\/a><\/li>\n\n\n\n<li><a href='?page_no=285'>285<\/a><\/li>\n\n\n\n<li><a>...<\/a><\/li>\n\n\n\n<li><a href='?page_no=22911'>22911<\/a><\/li>\n\n\n\n<li><a href='?page_no=22912'>22912<\/a><\/li>\n\n    \n\t\n\n<li >\n\t<a href='?page_no=284'>Next<\/a>\n\t<\/li>\n\n\n    \n\n<li><a href='?page_no=22912'>Last &rsaquo;&rsaquo;<\/a><\/li>\n\n<\/ul>\n\n\n--><br \/>\n<\/body><\/p>\n","protected":false},"excerpt":{"rendered":"<p>Diariodominicano.com Deportan a los pr\u00f3ceres S\u00e1nchez y Mella SANTO DOMINGO, el 26 de Agosto de 1844, la Junta Central Gubernativa controlada por Pedro Santana, dispuso fueran deportados a Liverpool, Inglaterra, los pr\u00f3ceres Francisco del Rosario S\u00e1nchez, Mat\u00edas Ram\u00f3n Mella, Pedro Alejandrino Pina y el poeta venezolano Juan Jos\u00e9 Illas. Los trinitarios salieron del Puerto de [&hellip;]<\/p>\n","protected":false},"author":3,"featured_media":0,"comment_status":"open","ping_status":"open","sticky":false,"template":"","format":"standard","meta":{"footnotes":""},"categories":[21],"tags":[],"class_list":["post-50273","post","type-post","status-publish","format-standard","hentry","category-cultura"],"_links":{"self":[{"href":"https:\/\/diariodominicano.com\/index.php?rest_route=\/wp\/v2\/posts\/50273","targetHints":{"allow":["GET"]}}],"collection":[{"href":"https:\/\/diariodominicano.com\/index.php?rest_route=\/wp\/v2\/posts"}],"about":[{"href":"https:\/\/diariodominicano.com\/index.php?rest_route=\/wp\/v2\/types\/post"}],"author":[{"embeddable":true,"href":"https:\/\/diariodominicano.com\/index.php?rest_route=\/wp\/v2\/users\/3"}],"replies":[{"embeddable":true,"href":"https:\/\/diariodominicano.com\/index.php?rest_route=%2Fwp%2Fv2%2Fcomments&post=50273"}],"version-history":[{"count":0,"href":"https:\/\/diariodominicano.com\/index.php?rest_route=\/wp\/v2\/posts\/50273\/revisions"}],"wp:attachment":[{"href":"https:\/\/diariodominicano.com\/index.php?rest_route=%2Fwp%2Fv2%2Fmedia&parent=50273"}],"wp:term":[{"taxonomy":"category","embeddable":true,"href":"https:\/\/diariodominicano.com\/index.php?rest_route=%2Fwp%2Fv2%2Fcategories&post=50273"},{"taxonomy":"post_tag","embeddable":true,"href":"https:\/\/diariodominicano.com\/index.php?rest_route=%2Fwp%2Fv2%2Ftags&post=50273"}],"curies":[{"name":"wp","href":"https:\/\/api.w.org\/{rel}","templated":true}]}}