{"id":502691,"date":"2024-01-22T14:45:27","date_gmt":"2024-01-22T18:45:27","guid":{"rendered":"https:\/\/diariodominicano.com\/?p=502691"},"modified":"2024-01-22T14:45:27","modified_gmt":"2024-01-22T18:45:27","slug":"victor-fadul-dara-continuidad-a-logros-y-conquistas-de-abel-martinez","status":"publish","type":"post","link":"https:\/\/diariodominicano.com\/?p=502691","title":{"rendered":"V\u00edctor Fadul dar\u00e1 continuidad a logros y conquistas de Abel Mart\u00ednez"},"content":{"rendered":"\n<p>diariodominicano.com<\/p>\n\n\n\n<p><strong><em>Alianza Rescate RD en Santiago<\/em><\/strong><em>&nbsp;marcha a buen ritmo, sostiene&nbsp;<strong>V\u00edctor Fadul candidato a la alcald\u00eda de Santiago de los Caballeros<\/strong><\/em><\/p>\n\n\n\n<p>Santo Domingo, R. D.,\u200222 de enero, 2024.-\u2002<strong>El candidato del Partido de la Liberaci\u00f3n Dominicana (PLD) a la alcald\u00eda de Santiago de los Caballeros, V\u00edctor Fadul,<\/strong>\u00a0asegur\u00f3 que ser\u00e1 el pr\u00f3ximo alcalde y que le dar\u00e1 continuidad a la gesti\u00f3n de Abel Mart\u00ednez para que el municipio contin\u00fae por el sendero del desarrollo sostenible.<\/p>\n\n\n\n<p>Entrevistado en el programa Despierta con CDN, Fadul dijo que los santiagueros no quieren que Santiago retroceda, favoreciendo un nuevo per\u00edodo del PLD al frente de la alcald\u00eda.<\/p>\n\n\n\n<p>\u201cLos mun\u00edcipes de Santiago quieren que contin\u00fae la limpieza, el orden y la transparencia con que la gesti\u00f3n actual de Abel se ha manejado, y esas son de las cosas que les daremos continuidad y la vamos a fortalecer\u201d, expres\u00f3 el tambi\u00e9n miembro del Comit\u00e9 Central pelede\u00edsta.<\/p>\n\n\n\n<p>Record\u00f3 que Abel Mart\u00ednez, quien es el candidato a la presidencia por el PLD, asumi\u00f3 la alcald\u00eda de Santiago en medio de un estado de emergencia sanitaria.<\/p>\n\n\n\n<p>\u201cLa gesti\u00f3n del compa\u00f1ero Abel como alcalde tiene un 80% de aprobaci\u00f3n. No hay un municipio que no nos diga que ellos quieren que su municipio est\u00e9 como el de Santiago, avalado con reconocimiento nacional e internacional\u201d, refiri\u00f3 Fadul.<\/p>\n\n\n\n<p>Manifest\u00f3 que esa gran transformaci\u00f3n hecha por Abel Mart\u00ednez en la alcald\u00eda de Santiago, es lo que el pueblo dominicano est\u00e1 esperando que cuando gane las elecciones presidenciales de mayo, y asuma la Presidencia a partir del 16 de agosto.<\/p>\n\n\n\n<p>El candidato a alcalde indic\u00f3 que la alianza Rescate RD en el aspecto municipal est\u00e1 concretizada y marcha a buen ritmo, destacando que su vicealcaldesa es Altagracia Gonz\u00e1lez de la Fuerza del Pueblo, organizaci\u00f3n con la que ejecuta un plan en conjunto.<\/p>\n\n\n\n<p>\u201cTambi\u00e9n hemos hecho una alianza con todos los sectores que no quieren que su municipio retroceda, sino que siga explorando nuevas vertientes del folclor, cultura, gastronom\u00eda, turismo y medio ambiente entre otros\u201d, se\u00f1al\u00f3.<\/p>\n\n\n\n<p>Adelant\u00f3 que igualmente trabajar\u00e1n con los sectores en mesas multisectoriales e interinstitucionales para abordar temas de movilidad, seguridad, espacios p\u00fablicos y prevenci\u00f3n social, entre otros.<\/p>\n\n\n\n<p><strong>SECRETARIA DE COMUNICACIONES<\/strong><\/p>\n\n\n\n<p><strong>22 DE ENERO, 2024.-<\/strong><\/p>\n\n\n\n<p><strong>DECLARACI\u00d3N DE PRENSA<\/strong><\/p>\n","protected":false},"excerpt":{"rendered":"<p>diariodominicano.com Alianza Rescate RD en Santiago&nbsp;marcha a buen ritmo, sostiene&nbsp;V\u00edctor Fadul candidato a la alcald\u00eda de Santiago de los Caballeros Santo Domingo, R. D.,\u200222 de enero, 2024.-\u2002El candidato del Partido de la Liberaci\u00f3n Dominicana (PLD) a la alcald\u00eda de Santiago de los Caballeros, V\u00edctor Fadul,\u00a0asegur\u00f3 que ser\u00e1 el pr\u00f3ximo alcalde y que le dar\u00e1 continuidad [&hellip;]<\/p>\n","protected":false},"author":5,"featured_media":502692,"comment_status":"closed","ping_status":"","sticky":true,"template":"","format":"standard","meta":{"footnotes":""},"categories":[22,27],"tags":[],"class_list":["post-502691","post","type-post","status-publish","format-standard","has-post-thumbnail","hentry","category-politica","category-portada"],"_links":{"self":[{"href":"https:\/\/diariodominicano.com\/index.php?rest_route=\/wp\/v2\/posts\/502691","targetHints":{"allow":["GET"]}}],"collection":[{"href":"https:\/\/diariodominicano.com\/index.php?rest_route=\/wp\/v2\/posts"}],"about":[{"href":"https:\/\/diariodominicano.com\/index.php?rest_route=\/wp\/v2\/types\/post"}],"author":[{"embeddable":true,"href":"https:\/\/diariodominicano.com\/index.php?rest_route=\/wp\/v2\/users\/5"}],"replies":[{"embeddable":true,"href":"https:\/\/diariodominicano.com\/index.php?rest_route=%2Fwp%2Fv2%2Fcomments&post=502691"}],"version-history":[{"count":1,"href":"https:\/\/diariodominicano.com\/index.php?rest_route=\/wp\/v2\/posts\/502691\/revisions"}],"predecessor-version":[{"id":502693,"href":"https:\/\/diariodominicano.com\/index.php?rest_route=\/wp\/v2\/posts\/502691\/revisions\/502693"}],"wp:featuredmedia":[{"embeddable":true,"href":"https:\/\/diariodominicano.com\/index.php?rest_route=\/wp\/v2\/media\/502692"}],"wp:attachment":[{"href":"https:\/\/diariodominicano.com\/index.php?rest_route=%2Fwp%2Fv2%2Fmedia&parent=502691"}],"wp:term":[{"taxonomy":"category","embeddable":true,"href":"https:\/\/diariodominicano.com\/index.php?rest_route=%2Fwp%2Fv2%2Fcategories&post=502691"},{"taxonomy":"post_tag","embeddable":true,"href":"https:\/\/diariodominicano.com\/index.php?rest_route=%2Fwp%2Fv2%2Ftags&post=502691"}],"curies":[{"name":"wp","href":"https:\/\/api.w.org\/{rel}","templated":true}]}}