{"id":502650,"date":"2024-01-22T11:25:02","date_gmt":"2024-01-22T15:25:02","guid":{"rendered":"https:\/\/diariodominicano.com\/?p=502650"},"modified":"2024-01-22T16:08:24","modified_gmt":"2024-01-22T20:08:24","slug":"la-jce-realizo-exitosamente-segunda-prueba-regional-del-computo-electoral-de-cara-a-elecciones-municipales","status":"publish","type":"post","link":"https:\/\/diariodominicano.com\/?p=502650","title":{"rendered":"La JCE realiz\u00f3 segunda prueba regional del c\u00f3mputo electoral de cara a elecciones municipales"},"content":{"rendered":"\n<p>diariodominicano.com<\/p>\n\n\n\n<p>Santo Domingo, RD. &#8211; La Junta Central Electoral (JCE) realiz\u00f3 el s\u00e1bado de manera exitosa la segunda prueba regional al c\u00f3mputo electoral de cara a las pr\u00f3ximas elecciones municipales, constatando el buen funcionamiento de los dispositivos de escaneo, digitaci\u00f3n, impresi\u00f3n y transmisi\u00f3n de datos (EDET), inform\u00f3 el lunes la JCE.<\/p>\n\n\n\n<p>La segunda prueba del c\u00f3mputo electoral comenz\u00f3 a las 8:00 de la ma\u00f1ana en 15 municipios de 15 provincias que implic\u00f3 la utilizaci\u00f3n de 53 recintos electorales para la instalaci\u00f3n de 700 colegios de votaciones logrando que, en tan solo hora y media todos los EDET se instalaran, proceso que qued\u00f3 evidenciado desde el centro de monitoreo en la sede del \u00f3rgano electoral.<\/p>\n\n\n\n<p>Una vez instalados los equipos en todos los colegios de votaciones se procedi\u00f3 a la confecci\u00f3n de las 2,100 actas, a su escaneo, digitalizaci\u00f3n y luego a su transmisi\u00f3n, proceso que se logr\u00f3 realizar en un 100 % en apenas dos horas.<\/p>\n\n\n\n<p>Cada colegio deb\u00eda elaborar, escanear, digitalizar y transmitir las actas de escrutinio para el nivel de alcald\u00edas, de regidur\u00edas y para el nivel preferencial de regidur\u00edas.<\/p>\n\n\n\n<p>Para la segunda prueba la JCE desplaz\u00f3 a 70 supervisores de Inform\u00e1tica a cada uno de los recintos; 193 t\u00e9cnicos de recintos, 700 presidentes y 700 suplentes de secretarios de Colegios Electorales.<\/p>\n\n\n\n<p>Se destaca que para las elecciones municipales del 18 febrero, la instalaci\u00f3n de los EDET se llevar\u00e1 acabo el 17 de febrero, un d\u00eda antes del proceso electoral.<\/p>\n\n\n\n<p>Director de Inform\u00e1tica informa que no se registraron fallas<\/p>\n\n\n\n<p>Johnny Rivera, director nacional de Inform\u00e1tica de la Junta Central Electoral, al hablar de los resultados, dijo que no se registraron fallas a nivel los elementos f\u00edsicos (hardware) de los EDET, ni tampoco fallas en la interconexi\u00f3n y comunicaci\u00f3n del sistema operativo entre los diferentes dispositivos conectados.<\/p>\n\n\n\n<p>Explic\u00f3 que en lo adelante proceder\u00e1n al an\u00e1lisis de la experiencia y a ejecutar los \u00faltimos ajustes dado que el clonado de todos los equipos del c\u00f3mputo electoral a utilizarse en febrero pr\u00f3ximo comenzar\u00e1 a mediado de la semana pr\u00f3xima. Para las elecciones del 18 de febrero pr\u00f3ximo se clonar\u00e1n 16, 851 equipos EDET personalizados y alrededor de dos mil que se tendr\u00e1n como \u201cbackup\u201d o respaldo para cualquier imprevisto en los Colegios Electorales.<\/p>\n\n\n\n<p>La participaci\u00f3n de las organizaciones pol\u00edticas en la prueba<\/p>\n\n\n\n<p>Al igual que la primera prueba al sistema de c\u00f3mputo electoral, esta vez participaron activamente las organizaciones pol\u00edticas que enviaron a sus delegados a las diferentes provincias donde se realiza el ejercicio.<\/p>\n\n\n\n<p>Durante el ejercicio los partidos realizaron varias acciones para poner a prueba el sistema como desconectar los inversores para verificar que los equipos continuaban funcionando sin la fuente de energ\u00eda de la red de las Empresas de Distribuci\u00f3n El\u00e9ctricas (EDE); tambi\u00e9n escanearon actas sin firmas, actas descuadradas para verificar que en esas condiciones el sistema rechazaba su escaneo y transmisi\u00f3n.<\/p>\n\n\n\n<p>Supervisi\u00f3n de la prueba por parte de las autoridades de la JCE<\/p>\n\n\n\n<p>La segunda prueba del sistema del c\u00f3mputo electoral implic\u00f3 una muestra representativa de todo el territorio y en esta ocasi\u00f3n los miembros del Pleno Rafael Vallejo Santelises, Dolores Fern\u00e1ndez y Patricia Lorenzo Paniagua, as\u00ed como los miembros suplentes Vanah\u00ed Bello y Prado L\u00f3pez, supervisaron el proceso en diferentes regiones.<\/p>\n\n\n\n<p>Vallejo Santelises estuvo en Santiago y otros puntos de la zona noroeste; Fern\u00e1ndez, en San Francisco de Macor\u00eds y otros puntos del Cibao central; y Patricia Lorenzo supervis\u00f3 la regi\u00f3n Este.<\/p>\n\n\n\n<p>Direcci\u00f3n de Comunicaciones<\/p>\n\n\n\n<p>Comunicaciones JCE<\/p>\n\n\n\n<p><a target=\"_blank\" href=\"mailto:Comunicaciones@jce.do\" rel=\"noreferrer noopener\">Comunicaciones@jce.do<\/a><\/p>\n","protected":false},"excerpt":{"rendered":"<p>diariodominicano.com Santo Domingo, RD. &#8211; La Junta Central Electoral (JCE) realiz\u00f3 el s\u00e1bado de manera exitosa la segunda prueba regional al c\u00f3mputo electoral de cara a las pr\u00f3ximas elecciones municipales, constatando el buen funcionamiento de los dispositivos de escaneo, digitaci\u00f3n, impresi\u00f3n y transmisi\u00f3n de datos (EDET), inform\u00f3 el lunes la JCE. La segunda prueba del [&hellip;]<\/p>\n","protected":false},"author":5,"featured_media":458873,"comment_status":"closed","ping_status":"","sticky":true,"template":"","format":"standard","meta":{"footnotes":""},"categories":[22,27],"tags":[],"class_list":["post-502650","post","type-post","status-publish","format-standard","has-post-thumbnail","hentry","category-politica","category-portada"],"_links":{"self":[{"href":"https:\/\/diariodominicano.com\/index.php?rest_route=\/wp\/v2\/posts\/502650","targetHints":{"allow":["GET"]}}],"collection":[{"href":"https:\/\/diariodominicano.com\/index.php?rest_route=\/wp\/v2\/posts"}],"about":[{"href":"https:\/\/diariodominicano.com\/index.php?rest_route=\/wp\/v2\/types\/post"}],"author":[{"embeddable":true,"href":"https:\/\/diariodominicano.com\/index.php?rest_route=\/wp\/v2\/users\/5"}],"replies":[{"embeddable":true,"href":"https:\/\/diariodominicano.com\/index.php?rest_route=%2Fwp%2Fv2%2Fcomments&post=502650"}],"version-history":[{"count":3,"href":"https:\/\/diariodominicano.com\/index.php?rest_route=\/wp\/v2\/posts\/502650\/revisions"}],"predecessor-version":[{"id":502718,"href":"https:\/\/diariodominicano.com\/index.php?rest_route=\/wp\/v2\/posts\/502650\/revisions\/502718"}],"wp:featuredmedia":[{"embeddable":true,"href":"https:\/\/diariodominicano.com\/index.php?rest_route=\/wp\/v2\/media\/458873"}],"wp:attachment":[{"href":"https:\/\/diariodominicano.com\/index.php?rest_route=%2Fwp%2Fv2%2Fmedia&parent=502650"}],"wp:term":[{"taxonomy":"category","embeddable":true,"href":"https:\/\/diariodominicano.com\/index.php?rest_route=%2Fwp%2Fv2%2Fcategories&post=502650"},{"taxonomy":"post_tag","embeddable":true,"href":"https:\/\/diariodominicano.com\/index.php?rest_route=%2Fwp%2Fv2%2Ftags&post=502650"}],"curies":[{"name":"wp","href":"https:\/\/api.w.org\/{rel}","templated":true}]}}