{"id":502635,"date":"2024-01-22T10:15:49","date_gmt":"2024-01-22T14:15:49","guid":{"rendered":"https:\/\/diariodominicano.com\/?p=502635"},"modified":"2024-01-22T10:15:49","modified_gmt":"2024-01-22T14:15:49","slug":"partidos-dominicanos-con-fuerte-actividad-politica-de-cara-a-comicios","status":"publish","type":"post","link":"https:\/\/diariodominicano.com\/?p=502635","title":{"rendered":"Partidos dominicanos con fuerte actividad pol\u00edtica de cara a comicios"},"content":{"rendered":"\n<p>diariodominicano.com<\/p>\n\n\n\n<p>Santo Domingo, 22 ene (Prensa Latina) La campa\u00f1a electoral arrecia hoy en Rep\u00fablica Dominicana a 27 d\u00edas de las elecciones municipales y este fin de semana los candidatos presidenciales participaron en caravanas, visitas y reuniones de apoyo a los aspirantes a cargos de elecci\u00f3n popular.<\/p>\n\n\n\n<p>Aunque desde meses atr\u00e1s la actividad pol\u00edtica es activa, desde que arranc\u00f3 el a\u00f1o los aspirantes presidenciales de las principales agrupaciones se desplazan s\u00e1bado y domingo a diferentes territorios para respaldar a los pretendientes a puestos municipales.<\/p>\n\n\n\n<p>Aunque la v\u00edspera el oficialista Partido Revolucionario Moderno (PRM) anunci\u00f3 que no se movilizar\u00eda por respeto al D\u00eda de la Altagracia, el s\u00e1bado el presidente y candidato presidencial Luis Abinader acompa\u00f1\u00f3 a los postulantes municipales de Monte Plata y Hato Mayor en un recorrido por las calles de esos territorios, al que se unieron cientos de simpatizantes.<\/p>\n\n\n\n<p>De manera paralela, los dem\u00e1s aspirantes y altos dirigentes del oficialista PRM se movilizaron en sus demarcaciones.<\/p>\n\n\n\n<p>Mientras, el presidente de la Fuerza del Pueblo (FP) y candidato presidencial, Leonel Fern\u00e1ndez, se traslado a las provincias Puerto Plata y Espaillat con el mismo objetivo.<\/p>\n\n\n\n<p>De su lado, el pretendiente presidencial del Partido de la Liberaci\u00f3n Dominicana (PLD), Abel Mart\u00ednez, estuvo junto al solicitante al puesto de alcalde por el Distrito Nacional, Domingo Contreras, en un recorrido que los llev\u00f3 a Villa Francisca, Villa Mar\u00eda, Gualey, Las Ca\u00f1itas, Los Guandules, entre otros barrios,.<\/p>\n\n\n\n<p>Seg\u00fan lo establece la Ley 20 -23 del R\u00e9gimen Electoral, el 10 de febrero deben parar las publicaciones de encuestas y el d\u00eda 15 es la fecha limite para actos pol\u00edticos.<\/p>\n\n\n\n<p>mem\/mpv<\/p>\n","protected":false},"excerpt":{"rendered":"<p>diariodominicano.com Santo Domingo, 22 ene (Prensa Latina) La campa\u00f1a electoral arrecia hoy en Rep\u00fablica Dominicana a 27 d\u00edas de las elecciones municipales y este fin de semana los candidatos presidenciales participaron en caravanas, visitas y reuniones de apoyo a los aspirantes a cargos de elecci\u00f3n popular. Aunque desde meses atr\u00e1s la actividad pol\u00edtica es activa, [&hellip;]<\/p>\n","protected":false},"author":5,"featured_media":502636,"comment_status":"closed","ping_status":"","sticky":true,"template":"","format":"standard","meta":{"footnotes":""},"categories":[22,27],"tags":[],"class_list":["post-502635","post","type-post","status-publish","format-standard","has-post-thumbnail","hentry","category-politica","category-portada"],"_links":{"self":[{"href":"https:\/\/diariodominicano.com\/index.php?rest_route=\/wp\/v2\/posts\/502635","targetHints":{"allow":["GET"]}}],"collection":[{"href":"https:\/\/diariodominicano.com\/index.php?rest_route=\/wp\/v2\/posts"}],"about":[{"href":"https:\/\/diariodominicano.com\/index.php?rest_route=\/wp\/v2\/types\/post"}],"author":[{"embeddable":true,"href":"https:\/\/diariodominicano.com\/index.php?rest_route=\/wp\/v2\/users\/5"}],"replies":[{"embeddable":true,"href":"https:\/\/diariodominicano.com\/index.php?rest_route=%2Fwp%2Fv2%2Fcomments&post=502635"}],"version-history":[{"count":1,"href":"https:\/\/diariodominicano.com\/index.php?rest_route=\/wp\/v2\/posts\/502635\/revisions"}],"predecessor-version":[{"id":502637,"href":"https:\/\/diariodominicano.com\/index.php?rest_route=\/wp\/v2\/posts\/502635\/revisions\/502637"}],"wp:featuredmedia":[{"embeddable":true,"href":"https:\/\/diariodominicano.com\/index.php?rest_route=\/wp\/v2\/media\/502636"}],"wp:attachment":[{"href":"https:\/\/diariodominicano.com\/index.php?rest_route=%2Fwp%2Fv2%2Fmedia&parent=502635"}],"wp:term":[{"taxonomy":"category","embeddable":true,"href":"https:\/\/diariodominicano.com\/index.php?rest_route=%2Fwp%2Fv2%2Fcategories&post=502635"},{"taxonomy":"post_tag","embeddable":true,"href":"https:\/\/diariodominicano.com\/index.php?rest_route=%2Fwp%2Fv2%2Ftags&post=502635"}],"curies":[{"name":"wp","href":"https:\/\/api.w.org\/{rel}","templated":true}]}}