{"id":502564,"date":"2024-01-22T00:38:39","date_gmt":"2024-01-22T04:38:39","guid":{"rendered":"https:\/\/diariodominicano.com\/?p=502564"},"modified":"2024-01-22T01:41:56","modified_gmt":"2024-01-22T05:41:56","slug":"enterate-ny-75","status":"publish","type":"post","link":"https:\/\/diariodominicano.com\/?p=502564","title":{"rendered":"Ent\u00e9rate NY"},"content":{"rendered":"\n<p><strong>PERIODISMO INFORMATIVO Y CR\u00cdTICO AL SERVICIO DE LA COMUNIDAD<\/strong><\/p>\n\n\n\n<p><strong>Por Ram\u00f3n Mercedes<\/strong><\/p>\n\n\n\n<p>\u25ba<strong>Feliz 2024 y nuevos segmentos:<\/strong><strong>&nbsp;<\/strong><\/p>\n\n\n\n<p>Esta columna, ausente durante un mes por unas merecidas vacaciones de su autor en RD, reinicia su publicaci\u00f3n semanal dese\u00e1ndole salud, \u00e9xitos y bendiciones a nuestros lectores. En una palabra, desearle el doble de los que nos desean. Asimismo, a\u00f1adiremos dos nuevos segmentos sobre salud y el idioma espa\u00f1ol.<\/p>\n\n\n\n<p><strong>\u25baNuestra agenda en RD:<\/strong>&nbsp;<\/p>\n\n\n\n<p>Parte de la agenda que el autor de esta columna desarroll\u00f3 recientemente en RD durante sus 29 d\u00edas de vacaciones. Expuso sobre la actual y real situaci\u00f3n pol\u00edtica y de nuestros connacionales en NY (a nuestro entender). Entrevist\u00f3 dos veces al presidente Luis Abinader.&nbsp;<strong>Ver:<\/strong>&nbsp;<a href=\"https:\/\/www.youtube.com\/watch?v=EKP1xq_vP9k\" target=\"_blank\" rel=\"noreferrer noopener\">https:\/\/www.youtube.com\/watch?v=EKP1xq_vP9k<\/a>&nbsp;Otra entrevista.&nbsp;<strong>Ver:<\/strong>&nbsp;<a href=\"https:\/\/www.youtube.com\/watch?v=QsQ1S4gBi30\" target=\"_blank\" rel=\"noreferrer noopener\">https:\/\/www.youtube.com\/watch?v=QsQ1S4gBi30<\/a>&nbsp;&nbsp;Al ministro de la presidencia Joel Santos, en la inauguraci\u00f3n del Puerto Cabo Rojo-Pedernales&nbsp;<strong>=<\/strong>&nbsp;<a href=\"https:\/\/www.youtube.com\/watch?v=Bj0Yn7k3VGw\" target=\"_blank\" rel=\"noreferrer noopener\">https:\/\/www.youtube.com\/watch?v=Bj0Yn7k3VGw<\/a>.&nbsp;Al ministro administrativo de la Presidencia, Ignacio Paliza&nbsp;<strong>=<\/strong>&nbsp;<a href=\"https:\/\/www.youtube.com\/watch?v=2hbyXeM_HQI\" target=\"_blank\" rel=\"noreferrer noopener\">https:\/\/www.youtube.com\/watch?v=2hbyXeM_HQI<\/a>&nbsp;y almorz\u00f3 en el Palacio Nacional, por invitaci\u00f3n del colega y buen amigo Daniel Garc\u00eda Archibald, director de Informaci\u00f3n y Prensa de la Presidencia de RD. Finas atenciones \u00a1Uff! como siempre. Adem\u00e1s, reconoci\u00f3 a dos funcionarios del gobierno por sus excelentes trabajos. Al arquitecto Carlos de la Mota, viceministro para las Comunidades Dominicanas en el Exterior y director ejecutivo del Instituto de Dominicanos(as) en el Exterior (INDEX), tambi\u00e9n al doctor Max Puig, vicepresidente del consejo del Cambio Clim\u00e1tico en la RD.&nbsp;<strong>Ver:<\/strong>&nbsp;<a href=\"https:\/\/elnacional.com.do\/prensa-comunidad-hispana-ny-reconoce-funcionarios-en-rd\/\" target=\"_blank\" rel=\"noreferrer noopener\">https:\/\/elnacional.com.do\/prensa-comunidad-hispana-ny-reconoce-funcionarios-en-rd\/<\/a><\/p>\n\n\n\n<figure class=\"wp-block-gallery has-nested-images columns-default is-cropped wp-block-gallery-1 is-layout-flex wp-block-gallery-is-layout-flex\">\n<figure class=\"wp-block-image size-full\"><img loading=\"lazy\" decoding=\"async\" width=\"469\" height=\"365\" data-id=\"502580\" src=\"https:\/\/diariodominicano.com\/wp-content\/uploads\/2024\/01\/Nuestra-agenda-en-RD.jpg\" alt=\"\" class=\"wp-image-502580\" srcset=\"https:\/\/diariodominicano.com\/wp-content\/uploads\/2024\/01\/Nuestra-agenda-en-RD.jpg 469w, https:\/\/diariodominicano.com\/wp-content\/uploads\/2024\/01\/Nuestra-agenda-en-RD-300x233.jpg 300w\" sizes=\"auto, (max-width: 469px) 100vw, 469px\" \/><\/figure>\n<\/figure>\n\n\n\n<p><strong>\u25baOtros encuentros:<\/strong><\/p>\n\n\n\n<p>&nbsp;Tambi\u00e9n salud\u00f3 y entrevist\u00f3 en Funglode al expresidente Leonel Fern\u00e1ndez el d\u00eda de su cumplea\u00f1os (26 diciembre).&nbsp;<strong>Ver:&nbsp;<\/strong><a href=\"https:\/\/www.youtube.com\/watch?v=UbwxAnzYA2I\" target=\"_blank\" rel=\"noreferrer noopener\">https:\/\/www.youtube.com\/watch?v=UbwxAnzYA2I<\/a>.&nbsp;Comparti\u00f3 con C\u00e9sar Fern\u00e1ndez, Nicolas Calder\u00f3n y Guillermo Senci\u00f3n, presidente del Grupo Senci\u00f3n, entre otros dirigentes de la FP. Fue invitado al almuerzo navide\u00f1o (24 diciembre) que el ex ministro de Turismo Francisco Javier Garc\u00eda y su esposa Jeanis efect\u00faan anualmente en su majestuosa Villa en lo Mogote-Bonao. All\u00ed habl\u00f3 con periodistas, pol\u00edticos y empresarios, entre otros, por un tubo y 7 llaves. Cit\u00f3 al ingeniero Ram\u00f3n Rivas y su esposa Dania Goris (colega periodista). En otros lugares, habl\u00f3 largo y tendido con el juez del TC, Alejandro Vargas, ilustre y versado abogado; desayun\u00f3 en el T\u00edpico Bonao con el ex senador PRSC, Salvador G\u00f3mez Gil, enllave de \u201clongtime\u201d, y no pudo cumplir, por compromisos, a su invitaci\u00f3n cuando inaugur\u00f3 su lujosa villa en Bonao (pendiente). \u00a1Ah! Casi, casi entrevista a Miguel Vargas Maldonado (PRD) y a Abel Mart\u00ednez (PLD), que por imprevistos no se cumplieron. Diligenciaron las entrevistas sus muy cercanos Melton Pineda (La Bazuca) y Claudia P\u00e9rez (La Tora), ambos sus hermanos.<\/p>\n\n\n\n<p><strong>\u25baM\u00e1s encuentros:<\/strong>&nbsp;<\/p>\n\n\n\n<p>Con los directores de varios medios para los cuales escribe: Bol\u00edvar D\u00edaz (El Nacional), Nelson Rodr\u00edguez (El Caribe), Persio Maldonado (Nuevo Diario), Jos\u00e9 Monegro y German Marte (El D\u00eda impreso y digital), Nelson Marrero y Millizen Uribe (Hoy impreso y digital). Adem\u00e1s, con Nelson Encarnaci\u00f3n, Danny Alc\u00e1ntara, Alberto Caminero, Luis Brito, Leoncio Bautista, H\u00e9ctor Tineo, Adriano Cruz, Fernando Custodio, Kelvin Fa\u00f1as, M\u00e1ximo Zabala, Manuel Jim\u00e9nez, Domingo del Pilar, Jochi Santos y Sa\u00fal Pimentel, entre otros colegas. \u00a1Ah! Con ese gran equipazo (como dice Najib Chahede) El Sol de la Ma\u00f1ana, que le honra en reportar.<\/p>\n\n\n\n<figure class=\"wp-block-image size-full is-resized\"><img loading=\"lazy\" decoding=\"async\" width=\"676\" height=\"670\" src=\"https:\/\/diariodominicano.com\/wp-content\/uploads\/2024\/01\/Los-mejores-funcionarios-consulares-en-NY.jpg\" alt=\"\" class=\"wp-image-502578\" style=\"width:351px;height:auto\" srcset=\"https:\/\/diariodominicano.com\/wp-content\/uploads\/2024\/01\/Los-mejores-funcionarios-consulares-en-NY.jpg 676w, https:\/\/diariodominicano.com\/wp-content\/uploads\/2024\/01\/Los-mejores-funcionarios-consulares-en-NY-300x297.jpg 300w, https:\/\/diariodominicano.com\/wp-content\/uploads\/2024\/01\/Los-mejores-funcionarios-consulares-en-NY-150x150.jpg 150w, https:\/\/diariodominicano.com\/wp-content\/uploads\/2024\/01\/Los-mejores-funcionarios-consulares-en-NY-88x88.jpg 88w\" sizes=\"auto, (max-width: 676px) 100vw, 676px\" \/><\/figure>\n\n\n\n<p>\u25ba<strong>Los mejores funcionarios consulares en NY:<\/strong>&nbsp;<\/p>\n\n\n\n<p>El equipo de trabajo de&nbsp;<strong>Ent\u00e9rate NY&nbsp;<\/strong>realiz\u00f3 una evaluaci\u00f3n para determinar qui\u00e9n fue el mejor funcionario del 2023 en el consulado dominicano en NY. Se les pregunt\u00f3 a empleados, y de manera muy discreta se ense\u00f1aba un papelito con los nombres de Yul\u00edn Mateo (vicec\u00f3nsul); Eustaquia S\u00e1nchez (Depto. Legal); Ramona Almonte -Mon\u00edn- (Comunidad); Delia Feliz (Visa); Rafael Santos (Prensa); El\u00edas Corpor\u00e1n (Relaciones P\u00fablicas); Manny Feliz (Educaci\u00f3n); Edward Rivera (Pasaportes) y Antonio J\u00e1quez (Asistente del C\u00f3nsul). Resultados:&nbsp;<strong>Rivera<\/strong>&nbsp;= 10.&nbsp;<strong>Delia<\/strong>&nbsp;= 8.&nbsp;<strong>S\u00e1nchez<\/strong>&nbsp;= 6.&nbsp;<strong>Yul\u00edn&nbsp;<\/strong>= 5.&nbsp;<strong>Santos<\/strong>&nbsp;= 4.&nbsp;<strong>J\u00e1quez<\/strong>&nbsp;= 3.&nbsp;<strong>Manny<\/strong>&nbsp;= 3.&nbsp;<strong>Corpor\u00e1n<\/strong>&nbsp;= 1.&nbsp;<strong>Mon\u00edn<\/strong>&nbsp;= 1.<\/p>\n\n\n\n<p>\u25ba<strong>Ni quito ni pongo:<\/strong><\/p>\n\n\n\n<p><strong>&nbsp;<\/strong>Una empleada del consulado-NY nos inform\u00f3: Geraldo Rosario, reconocido cuadro pol\u00edtico de Leonel Fern\u00e1ndez en NY, dirige \u201c300 con Leonel\u201d, ha visitado la JCE (en el edificio consular) en distintas ocasiones para empadronar seguidores del \u201cLe\u00f3n\u201d, y el pasado martes (16) hizo lo propio con 9 \u201cleoncitos\u201d, y mientras \u00e9l asist\u00eda la camada de \u201ccachorros\u201d era \u201cespiado discretamente\u201d. Al parecer, porque era saludado por connacionales que buscaban sus documentos, tanto en la JCE como en la sede consular, el dirigente pol\u00edtico no se percat\u00f3 del \u201cespionaje\u201d, seg\u00fan pudo corroborar otra dama que trabaja con Eligio J\u00e1quez y amiga de El\u00edas Corpor\u00e1n. Detalle: Ambas f\u00e9minas usaban pantalones. Diiicen que los compa\u00f1eros en NY ya se han adelantado a la reci\u00e9n promulgada Ley 1-24, que crea la Direcci\u00f3n Nacional de Inteligencia (DNI), donde les otorga la obligatoriedad a los comunicadores revelar sus fuentes de noticias. \u00a1Ay, ay, ay! Un ciudadano en el Alto Manhattan vocifer\u00f3: \u201cesa ley viola derechos constitucionales de los periodistas y al ser humano mismo en su intimidad. Otro contest\u00f3 \u201clos civiles que ejecutan tal acci\u00f3n se les conoce en el campo como \u201ccalieses\u201d, \u201cchivatos\u201d, \u201clengua larga\u201d, \u201cdelatores\u201d, \u201cconfidentes\u201d, \u201cchotas\u201d y \u201csoplones\u201d. Diiicen que en el consulado-NY hay dos agentes del DNI activos. \u00a1Buena suerte!<\/p>\n\n\n\n<figure class=\"wp-block-image size-full\"><img loading=\"lazy\" decoding=\"async\" width=\"586\" height=\"512\" src=\"https:\/\/diariodominicano.com\/wp-content\/uploads\/2024\/01\/Gregorio-Morrobel.jpg\" alt=\"\" class=\"wp-image-502577\" srcset=\"https:\/\/diariodominicano.com\/wp-content\/uploads\/2024\/01\/Gregorio-Morrobel.jpg 586w, https:\/\/diariodominicano.com\/wp-content\/uploads\/2024\/01\/Gregorio-Morrobel-300x262.jpg 300w\" sizes=\"auto, (max-width: 586px) 100vw, 586px\" \/><\/figure>\n\n\n\n<p><strong>\u25ba<\/strong><strong>Gregorio Morrobel:<\/strong>&nbsp;<\/p>\n\n\n\n<p>El legendario dirigente pol\u00edtico fue designado Coordinador de Campa\u00f1a de la FP en los EUA. \u00a1Bien! Esto sucedi\u00f3 despu\u00e9s de perder como candidato a diputado de ultramar. Tras su derrota se declar\u00f3 en huelga y ni \u00e9l y sus cuadros asist\u00edan a las reuniones del partido en se\u00f1al de protesta, al punto de que p\u00fablicamente se mostr\u00f3 al mundo con un tape en la boca y un cartel diciendo \u201cprefiero el silencio antes que afectar a mi l\u00edder y a mi partido\u201d. Diiicen que Leonel lo quiere mucho y para conformarlo lo design\u00f3 en esa posici\u00f3n, que viene siendo como un general sin tropa, porque en cada estado existe coordinador y jefe de campa\u00f1a. En NY lo es Carlos Feliz; Nueva Jersey es M\u00e1ximo Corcino; Pensilvania lo es Daniel Torres; en Massachusetts es Dominico Cabral, y Canad\u00e1 es Daniel Regalado, entre otros. Un ciudadano vocifer\u00f3 \u00bfY d\u00f3nde es que el chiquito manda? Saliendo a relucir el merengue de Johnny Ventura&nbsp;<strong>=<\/strong>&nbsp;<a href=\"https:\/\/www.youtube.com\/watch?v=_yRVGEVR9zg\" target=\"_blank\" rel=\"noreferrer noopener\">https:\/\/www.youtube.com\/watch?v=_yRVGEVR9zg<\/a>&nbsp;Diiicen que hay un dirigente que se r\u00ede con la muela de atr\u00e1s, Feliz.&nbsp;&nbsp;&nbsp;<\/p>\n\n\n\n<p><strong>\u25ba<\/strong><strong>Lo mismo de siempre:<\/strong><\/p>\n\n\n\n<p>&nbsp;Sobre las recientes juramentaciones de los equipos de campa\u00f1a de la FP en EUA y Canad\u00e1, una fuente de entero cr\u00e9dito nos confi\u00f3 que nadie hace lo mismo y obtiene resultados diferentes, refiri\u00e9ndose a que los \u201cleoncitos\u201d vienen con el mismo m\u00e9todo de trabajo al que est\u00e1n acostumbrados hacer en el exterior y quieren obtener resultados distintos. (Donde Dios no puso no puede haber). Se salvan por factores de los que no tienen control. Uno por el liderazgo de Leonel Fern\u00e1ndez, que viene ascendente o porque el actual gobierno tiene los precios de la canasta familiar muy alta y esto le est\u00e1 haciendo mellas en su popularidad entre los dominicanos del exterior. El accionar de la mayor\u00eda de los \u201cleoncitos\u201d en NY es igual a un ABM&nbsp;<strong>=<\/strong>&nbsp;Allante, Bulto y Movimiento. Diiicen que el senador Franklin Rodr\u00edguez, enlace y coordinador de campa\u00f1a en la Circunscripci\u00f3n 1-USA, que abra los ojos. \u00a1Ay!<\/p>\n\n\n\n<figure class=\"wp-block-image size-full\"><img loading=\"lazy\" decoding=\"async\" width=\"487\" height=\"262\" src=\"https:\/\/diariodominicano.com\/wp-content\/uploads\/2024\/01\/Guillermo-Moreno.jpg\" alt=\"\" class=\"wp-image-502576\" srcset=\"https:\/\/diariodominicano.com\/wp-content\/uploads\/2024\/01\/Guillermo-Moreno.jpg 487w, https:\/\/diariodominicano.com\/wp-content\/uploads\/2024\/01\/Guillermo-Moreno-300x161.jpg 300w\" sizes=\"auto, (max-width: 487px) 100vw, 487px\" \/><\/figure>\n\n\n\n<p><strong>&nbsp;<\/strong><strong>\u25baGuillermo Moreno:<\/strong>&nbsp;<\/p>\n\n\n\n<p>Esta columna ha recibido notas y videos de lectores nuestros en Brooklyn, El Bronx, Queens y Manhattan. Ni quito ni pongo: Diiicen, el candidato a senador por el DN (AlPa\u00eds-PRM), Guillermo Moreno, ha declarado que si es electo se propone realizar una auditor\u00eda de los pr\u00e9stamos tomados por los gobiernos, desde el a\u00f1o 2000 hasta la actualidad. Pasar\u00e1 todo el tiempo con los pr\u00e9stamos del actual presidente Abinader porque ha tomado m\u00e1s que Hip\u00f3lito, Leonel y Danilo juntos.&nbsp;<strong>Ver:<\/strong>&nbsp;<a href=\"https:\/\/www.youtube.com\/watch?v=n37jBXPnOVM\" target=\"_blank\" rel=\"noreferrer noopener\">https:\/\/www.youtube.com\/watch?v=n37jBXPnOVM<\/a>.&nbsp;Lo que hab\u00eda proclamado sobre los pr\u00e9stamos.&nbsp;<strong>Ver:<\/strong>&nbsp;<a href=\"https:\/\/www.youtube.com\/watch?v=jp9S7seRIEs\" target=\"_blank\" rel=\"noreferrer noopener\">https:\/\/www.youtube.com\/watch?v=jp9S7seRIEs<\/a>&nbsp;Del visto programa \u201cSomos Pueblo\u201d.&nbsp;<strong>Ver:&nbsp;<\/strong><a href=\"https:\/\/www.youtube.com\/watch?v=Hsfyk8JvdpE\" target=\"_blank\" rel=\"noreferrer noopener\">https:\/\/www.youtube.com\/watch?v=Hsfyk8JvdpE<\/a>&nbsp;donde pronostican que perder\u00e1 y que su \u00fanico objetivo es atacar a Leonel.&nbsp;Moreno ahora dice \u201cdonde dije digo, digo Diego\u201d.&nbsp;<strong>Ver:<\/strong>&nbsp;Abinader \u201ces abundante en promesas y taca\u00f1o en realizaciones\u201d.&nbsp;<strong>Ver:<\/strong>&nbsp;<strong>=<\/strong>&nbsp;<a href=\"https:\/\/www.youtube.com\/watch?v=pe-eT66dRA4\" target=\"_blank\" rel=\"noreferrer noopener\">https:\/\/www.youtube.com\/watch?v=pe-eT66dRA4<\/a>&nbsp;Guillermo cuestiona PRM por gastos en acto reeleccionista.&nbsp;<strong>Ver:<\/strong>&nbsp;&nbsp;<a href=\"https:\/\/www.youtube.com\/watch?v=-YGbFiLRyzk\" target=\"_blank\" rel=\"noreferrer noopener\">\u00bf80 millones? Guillermo Moreno cuestiona al PRM por gastos en acto reeleccionista de Abinader<\/a>&nbsp;Carterean esposa de Guillermo en acto de proclamaci\u00f3n de Abinader.&nbsp;<strong>Ver:<\/strong>&nbsp;<a href=\"https:\/\/www.youtube.com\/watch?v=l-RtepFJIv0\" target=\"_blank\" rel=\"noreferrer noopener\">https:\/\/www.youtube.com\/watch?v=l-RtepFJIv0<\/a>&nbsp;&nbsp;Un ciudadano en el Alto Manhattan vocifer\u00f3 \u201ccant\u00f3 como gallo y puso como gallina\u201d \u00a1Ay, ay, ay!&nbsp;<\/p>\n\n\n\n<figure class=\"wp-block-image size-full\"><img loading=\"lazy\" decoding=\"async\" width=\"242\" height=\"283\" src=\"https:\/\/diariodominicano.com\/wp-content\/uploads\/2024\/01\/Un-valor-dominicano-en-NY.jpg\" alt=\"\" class=\"wp-image-502575\"\/><\/figure>\n\n\n\n<p><strong>\u25ba<\/strong><strong>Un valor dominicano en NY:<\/strong><\/p>\n\n\n\n<p>&nbsp;Rosmery S\u00e1nchez, procedente de la provincia Duarte lleg\u00f3 muy peque\u00f1a a NYC. Graduada en la Universidad. Actualmente, junto a su esposo (Jeury Tovar, un veterano del Army-EUA) dirigen una empresa de seguridad, sin importar su \u00e1rea y dimensi\u00f3n, aplicando avanzadas tecnolog\u00edas para que el cliente tenga mayor control. La empresa con tel\u00e9fono 347-366-3086 se encuentra en El Bronx, y debido al crecimiento de los hispanos en NYC, tanto en lo familiar como en los negocios, ofrecen m\u00e1s servicios y orientaci\u00f3n a esa etnia. Con frecuencia aconsejan a las personas que se protejan de la actual delincuencia, instalando, no importa con la empresa que sea, sus servicios de seguridad. Rosmery tambi\u00e9n es organizadora de la \u201cFundaci\u00f3n Amigos Comunitarios Unidos\u201d, que brinda diferentes asistencias y ayuda a la comunidad. Si usted la ve caminar por ah\u00ed, como lo hace de costumbre, d\u00edgale \u201cRosmery, usted es un valor dominicano en NY\u201d.<\/p>\n\n\n\n<p><strong>\u25ba<\/strong><strong>Cultura general:<\/strong><strong>&nbsp;<\/strong><\/p>\n\n\n\n<p>La nieve est\u00e1 formada por cristales que se unen entre s\u00ed gracias a la colisi\u00f3n de gotas microsc\u00f3picas de agua mientras \u00e9stas se precipitan al vac\u00edo. El agua de las nubes comienza a caer en forma l\u00edquida. Pero cuando las temperaturas son inferiores a los 0\u00b0C, las gotas l\u00edquidas acaban por cristalizarse. Cuando los diminutos cristales chocan entre s\u00ed, quedan unidos formando lo que conocemos como copos de nieve. Cuantos m\u00e1s cristales colisionen entre s\u00ed, mayor ser\u00e1 el peso del copo de nieve, que, al provenir de las nubes, cae debido a la fuerza de la gravedad.<\/p>\n\n\n\n<p><strong>\u25ba<\/strong><strong>Servicio comunitario:<\/strong><\/p>\n\n\n\n<p><strong>&nbsp;<\/strong>El gobierno de EUA ofrece servicios de educaci\u00f3n, nutrici\u00f3n y salud para ni\u00f1os de 3 a 5 a\u00f1os de familias con bajos ingresos. Tambi\u00e9n, apoyo para los discapacitados, cuidado infantil, servicios sociales y asistencia financiera. M\u00e1s informaci\u00f3n:&nbsp;<strong>Ver:&nbsp;<\/strong><a href=\"https:\/\/childcare.gov\/\" target=\"_blank\" rel=\"noreferrer noopener\">https:\/\/childcare.gov\/<\/a><\/p>\n\n\n\n<p><strong>\u25ba<\/strong><strong>Salud:<\/strong><\/p>\n\n\n\n<p><strong>&nbsp;<\/strong>Remedios caseros recomendados por nuestras abuelas y conocedores de la medicina natural para combatir la gripe y tos.&nbsp;1-&nbsp;Tomar entre 6 y 8 vasos de agua al d\u00eda para estar hidratado.&nbsp;2-&nbsp;Rellenar un envase con agua caliente, agregar hierbas o aceites esenciales, como el eucalipto o romero, ayudar\u00e1 mejorar la descongesti\u00f3n. La cabeza cubrirla con una toalla e inclinarla as\u00ed el vapor se quedar\u00e1 atrapado. Inhale durante 5 minutos.&nbsp;3-&nbsp;Mezclar el zumo de medio lim\u00f3n fresco con una cucharada de miel y tomarlo varias veces al d\u00eda para aliviar la tos y los mocos.<\/p>\n\n\n\n<p><strong>\u25ba<\/strong><strong>Sobre el espa\u00f1ol:<\/strong>&nbsp;Copr\u00f3fago aquel que se alimenta de excrementos, en una palabra \u201ccome m\u2026..\u201d<\/p>\n\n\n\n<p><strong>\u25ba<\/strong><strong>D\u00f3lar y euro hasta este domingo 21:<\/strong>&nbsp;Compra del d\u00f3lar 57.99 y venta 59.05; Compra euro 62.71 y venta 66.18<\/p>\n\n\n\n<p><strong>\u25ba<\/strong><strong>Combustibles:&nbsp;Del 20 al 26 de enero:<\/strong>&nbsp;Gasolina Premium&nbsp;a $290.10.&nbsp;&nbsp;Regular a $272.50\u2026Gasoil Optimo a $239.10 y el Regular a $221.60. Gas licuado a $132.60 y el Gas Natural $43.97.<\/p>\n\n\n\n<p><strong>\u25ba<\/strong><strong>Para comunicarse con nosotros:<\/strong>&nbsp;Escribir a&nbsp;<a href=\"mailto:santodomingoaldia@yahoo.com\" rel=\"noreferrer noopener\" target=\"_blank\">santodomingoaldia@yahoo.com<\/a><\/p>\n","protected":false},"excerpt":{"rendered":"<p>PERIODISMO INFORMATIVO Y CR\u00cdTICO AL SERVICIO DE LA COMUNIDAD Por Ram\u00f3n Mercedes \u25baFeliz 2024 y nuevos segmentos:&nbsp; Esta columna, ausente durante un mes por unas merecidas vacaciones de su autor en RD, reinicia su publicaci\u00f3n semanal dese\u00e1ndole salud, \u00e9xitos y bendiciones a nuestros lectores. En una palabra, desearle el doble de los que nos desean. [&hellip;]<\/p>\n","protected":false},"author":28,"featured_media":502579,"comment_status":"closed","ping_status":"","sticky":true,"template":"","format":"standard","meta":{"footnotes":""},"categories":[36,22],"tags":[],"class_list":["post-502564","post","type-post","status-publish","format-standard","has-post-thumbnail","hentry","category-hombresmujeresycosas","category-politica"],"_links":{"self":[{"href":"https:\/\/diariodominicano.com\/index.php?rest_route=\/wp\/v2\/posts\/502564","targetHints":{"allow":["GET"]}}],"collection":[{"href":"https:\/\/diariodominicano.com\/index.php?rest_route=\/wp\/v2\/posts"}],"about":[{"href":"https:\/\/diariodominicano.com\/index.php?rest_route=\/wp\/v2\/types\/post"}],"author":[{"embeddable":true,"href":"https:\/\/diariodominicano.com\/index.php?rest_route=\/wp\/v2\/users\/28"}],"replies":[{"embeddable":true,"href":"https:\/\/diariodominicano.com\/index.php?rest_route=%2Fwp%2Fv2%2Fcomments&post=502564"}],"version-history":[{"count":6,"href":"https:\/\/diariodominicano.com\/index.php?rest_route=\/wp\/v2\/posts\/502564\/revisions"}],"predecessor-version":[{"id":502598,"href":"https:\/\/diariodominicano.com\/index.php?rest_route=\/wp\/v2\/posts\/502564\/revisions\/502598"}],"wp:featuredmedia":[{"embeddable":true,"href":"https:\/\/diariodominicano.com\/index.php?rest_route=\/wp\/v2\/media\/502579"}],"wp:attachment":[{"href":"https:\/\/diariodominicano.com\/index.php?rest_route=%2Fwp%2Fv2%2Fmedia&parent=502564"}],"wp:term":[{"taxonomy":"category","embeddable":true,"href":"https:\/\/diariodominicano.com\/index.php?rest_route=%2Fwp%2Fv2%2Fcategories&post=502564"},{"taxonomy":"post_tag","embeddable":true,"href":"https:\/\/diariodominicano.com\/index.php?rest_route=%2Fwp%2Fv2%2Ftags&post=502564"}],"curies":[{"name":"wp","href":"https:\/\/api.w.org\/{rel}","templated":true}]}}