{"id":502518,"date":"2024-01-22T00:01:12","date_gmt":"2024-01-22T04:01:12","guid":{"rendered":"https:\/\/diariodominicano.com\/?p=502518"},"modified":"2024-01-22T00:04:48","modified_gmt":"2024-01-22T04:04:48","slug":"inicio-jazz-plaza-en-el-oriente-de-cuba","status":"publish","type":"post","link":"https:\/\/diariodominicano.com\/?p=502518","title":{"rendered":"Inici\u00f3 Jazz Plaza en el Oriente de Cuba"},"content":{"rendered":"\n<p>Santiago de Cuba, 21 ene (Prensa Latina) Con el concierto Cuba Vive, de Nachito Herrera y sus invitados, inici\u00f3 en la noche de hoy el cap\u00edtulo santiaguero de la 39 Edici\u00f3n del Festival Jazz Plaza, en el Teatro Heredia de esta ciudad.<\/p>\n\n\n\n<ul class=\"wp-block-list\">\n<li>enero 21, 2024<\/li>\n\n\n\n<li>CST22:23 (GMT) -0500<\/li>\n\n\n\n<li><\/li>\n<\/ul>\n\n\n\n<p>El espect\u00e1culo dedicado a rendir homenaje a los g\u00e9neros musicales arraigados en el Oriente de Cuba y a sus cultivadores m\u00e1s representativos, tr\u00e1nsito por el Son tradicional, la Trova santiaguera, el Chang\u00fc\u00ed, la Conga, la m\u00fasica coral y la sonoridad de las charangas.<\/p>\n\n\n\n<p>La amplitud del espectro musical que abarc\u00f3 la velada, exigi\u00f3 un derroche de virtuosismo y flexibilidad del pianista y compositor Nachito Herrera quien hizo un mano a mano al piano con Pachy Naranjo, fundador y director de la Original de Manzanillo.<\/p>\n\n\n\n<p>Un punto de inflexi\u00f3n en el concierto fue el popurr\u00ed de tres de los temas emblem\u00e1ticos del compositor santiaguero Rodulfo Vaillant, con Nachito Herrera acompa\u00f1ando con su piano al Septeto Santiaguero de Fernando Deward.<\/p>\n\n\n\n<p>Herrera tambi\u00e9n comparti\u00f3 escenario con Germ\u00e1n Velazco y Yasek Manzano, dos invitados norteamericanos, la Orquesta Sinf\u00f3nica de Oriente y el Coro Orfe\u00f3n Santiago, e interpretaron temas cl\u00e1sicos internacionales; adem\u00e1s de Lecuona, Jos\u00e9 Mar\u00eda Vitier, Elio Rev\u00e9, Frank Fern\u00e1ndez, Enrique Bonne, entre otros<\/p>\n\n\n\n<p>Al cierre le fue entregada a Nachito Herrera la Placa Heredia, m\u00e1xima distinci\u00f3n que otorga la Direcci\u00f3n Provincial de Cultura en la oriental provincia de Santiago de Cuba.<\/p>\n\n\n\n<p>jcm\/yvg<\/p>\n","protected":false},"excerpt":{"rendered":"<p>Santiago de Cuba, 21 ene (Prensa Latina) Con el concierto Cuba Vive, de Nachito Herrera y sus invitados, inici\u00f3 en la noche de hoy el cap\u00edtulo santiaguero de la 39 Edici\u00f3n del Festival Jazz Plaza, en el Teatro Heredia de esta ciudad. El espect\u00e1culo dedicado a rendir homenaje a los g\u00e9neros musicales arraigados en el [&hellip;]<\/p>\n","protected":false},"author":28,"featured_media":502521,"comment_status":"closed","ping_status":"","sticky":false,"template":"","format":"standard","meta":{"footnotes":""},"categories":[21,25,32],"tags":[],"class_list":["post-502518","post","type-post","status-publish","format-standard","has-post-thumbnail","hentry","category-cultura","category-gente","category-turismo"],"_links":{"self":[{"href":"https:\/\/diariodominicano.com\/index.php?rest_route=\/wp\/v2\/posts\/502518","targetHints":{"allow":["GET"]}}],"collection":[{"href":"https:\/\/diariodominicano.com\/index.php?rest_route=\/wp\/v2\/posts"}],"about":[{"href":"https:\/\/diariodominicano.com\/index.php?rest_route=\/wp\/v2\/types\/post"}],"author":[{"embeddable":true,"href":"https:\/\/diariodominicano.com\/index.php?rest_route=\/wp\/v2\/users\/28"}],"replies":[{"embeddable":true,"href":"https:\/\/diariodominicano.com\/index.php?rest_route=%2Fwp%2Fv2%2Fcomments&post=502518"}],"version-history":[{"count":2,"href":"https:\/\/diariodominicano.com\/index.php?rest_route=\/wp\/v2\/posts\/502518\/revisions"}],"predecessor-version":[{"id":502522,"href":"https:\/\/diariodominicano.com\/index.php?rest_route=\/wp\/v2\/posts\/502518\/revisions\/502522"}],"wp:featuredmedia":[{"embeddable":true,"href":"https:\/\/diariodominicano.com\/index.php?rest_route=\/wp\/v2\/media\/502521"}],"wp:attachment":[{"href":"https:\/\/diariodominicano.com\/index.php?rest_route=%2Fwp%2Fv2%2Fmedia&parent=502518"}],"wp:term":[{"taxonomy":"category","embeddable":true,"href":"https:\/\/diariodominicano.com\/index.php?rest_route=%2Fwp%2Fv2%2Fcategories&post=502518"},{"taxonomy":"post_tag","embeddable":true,"href":"https:\/\/diariodominicano.com\/index.php?rest_route=%2Fwp%2Fv2%2Ftags&post=502518"}],"curies":[{"name":"wp","href":"https:\/\/api.w.org\/{rel}","templated":true}]}}