{"id":50251,"date":"2020-08-26T22:47:27","date_gmt":"2020-08-26T22:47:27","guid":{"rendered":"http:\/\/diariodominicano.ddns.net\/?p=50251"},"modified":"2020-08-26T22:47:27","modified_gmt":"2020-08-26T22:47:27","slug":"egipto-prepara-mezquitas-para-oraciones-colectivas-del-viernes","status":"publish","type":"post","link":"https:\/\/diariodominicano.com\/?p=50251","title":{"rendered":"Egipto prepara mezquitas para oraciones colectivas del viernes"},"content":{"rendered":"<p><body><\/p>\n<p><img decoding=\"async\" src=\"img3\/Egipto-Mezquita26-8-20.jpg\" \/>  <\/p>\n<p><span class=\"text1noticias\">diariodominicano.com<\/span><\/p>\n<p><span class=\"text1noticias\"> <\/span><\/p>\n<p><span class=\"text1noticias\">El Cairo, 26 ago (Prensa Latina) Egipto esteriliza hoy sus mezquitas en preparaci\u00f3n para las oraciones colectivas, que ser\u00e1n reanudadas el viernes en los principales templos isl\u00e1micos bajo medidas para prevenir la propagaci\u00f3n del Sars-Cov-2, rese\u00f1aron informativos locales.<\/span><\/p>\n<p><span class=\"text1noticias\"> <\/span><\/p>\n<p><span class=\"text1noticias\">El serm\u00f3n dentro de las casas de culto solo podr\u00e1 durar 10 minutos, adicionalmente los musulmanes deber\u00e1n usar mascarillas y, de preferencia, llevar consigo alfombras para los rezos individuales, puntualiz\u00f3 el Ministerio de Dotaciones, que rige tales asuntos.<\/span><\/p>\n<p><span class=\"text1noticias\"> <\/span><\/p>\n<p><span class=\"text1noticias\">Esos espacios fueron clausurados en marzo y reabrieron parcialmente semanas atr\u00e1s, aunque quedaron exceptuados los m\u00e1s peque\u00f1os por el mayor el riesgo de hacinamiento.<\/span><\/p>\n<p><span class=\"text1noticias\"> <\/span><\/p>\n<p><span class=\"text1noticias\">Los centros comunitarios, as\u00ed como los salones de condolencias y bodas adjuntos a las abundantes mezquitas de la naci\u00f3n \u00e1rabe permanecer\u00e1n cerrados en todo el territorio, coment\u00f3 previamente el primer ministro, Mostafa Madbouly.\u00b4<\/span><\/p>\n<p><span class=\"text1noticias\"> <\/span><\/p>\n<p><span class=\"text1noticias\">La mayor\u00eda de los egipcios radicados en el pa\u00eds, suman m\u00e1s de 100 millones, son musulmanes sunitas que contra la tradici\u00f3n celebraron el Ramad\u00e1n y la fiesta de Eid al Fitr (para despedir esa etapa de ayuno prolongado), con sus templos inhabilitados.<\/span><\/p>\n<p><span class=\"text1noticias\"> <\/span><\/p>\n<p><span class=\"text1noticias\">No as\u00ed durante Eid al Adha, o festividad del sacrificio, un asueto cuando en el mundo del Islam evocan la obediencia a Ibrahim (Abraham para los cristianos), reflejada en las escrituras de ambas religiones.<\/span><\/p>\n<p><span class=\"text1noticias\"> <\/span><\/p>\n<p><span class=\"text1noticias\">En unos seis meses de batalla contra la Covid-19, de mediados de febrero a la actualidad, los expertos egipcios diagnosticaron m\u00e1s de 97 mil infecciones por el Sars-Cov-2 y lamentaron alrededor de cinco mil 200 muertes.<\/span><\/p>\n<p><span class=\"text1noticias\"> <\/span><\/p>\n<p><span class=\"text1noticias\">En conferencia de prensa Madbouly anunci\u00f3 que desde el 1 de septiembre quienes ingresen al pa\u00eds deber\u00e1n presentar un certificado de salud que los declare no contagiados con el nuevo coronavirus.<\/span><\/p>\n<p><span class=\"text1noticias\"> <\/span><\/p>\n<p><span class=\"text1noticias\">Se trata de una medida extra a fin de evitar un repunte de las contaminaciones, en un momento en que Egipto super\u00f3 la etapa m\u00e1s cr\u00edtica de la pandemia, argument\u00f3.<\/span><\/p>\n<p><span class=\"text1noticias\"> <\/span><\/p>\n<p><span class=\"text1noticias\">En junio y comienzos de julio los especialistas detectaron hasta mil 700 infectados en un d\u00eda, cifra ahora por debajo de 200.<\/span><\/p>\n<p><span class=\"text1noticias\"> <\/span><\/p>\n<p><span class=\"text1noticias\">El 1 de julio fueron reanudados los vuelos internacionales y el turismo para extranjeros comenzando por las gobernaciones con mejor situaci\u00f3n epidemiol\u00f3gica, entre ellas Sina\u00ed del Sur y Mar Ro<\/span>jo.<\/p>\n<\/p>\n<p>asg\/ap<\/p>\n<h6> 2020-08-26 22:47:27 <\/h6>\n<p><!--\n<link rel=\"stylesheet\" href=\"css\/bootstrap.min.css\">\n\n\n<ul class=\"pagination\">\n\t    \n\t\n\n<li >\n\t<a href='?page_no=280'>Previous<\/a>\n\t<\/li>\n\n\n       \n    \n\n<li><a href='?page_no=1'>1<\/a><\/li>\n\n\n\n<li><a href='?page_no=2'>2<\/a><\/li>\n\n\n\n<li><a>...<\/a><\/li>\n\n\n\n<li><a href='?page_no=279'>279<\/a><\/li>\n\n\n\n<li><a href='?page_no=280'>280<\/a><\/li>\n\n\n\n<li class='active'><a>281<\/a><\/li>\n\n\n\n<li><a href='?page_no=282'>282<\/a><\/li>\n\n\n\n<li><a href='?page_no=283'>283<\/a><\/li>\n\n\n\n<li><a>...<\/a><\/li>\n\n\n\n<li><a href='?page_no=22911'>22911<\/a><\/li>\n\n\n\n<li><a href='?page_no=22912'>22912<\/a><\/li>\n\n    \n\t\n\n<li >\n\t<a href='?page_no=282'>Next<\/a>\n\t<\/li>\n\n\n    \n\n<li><a href='?page_no=22912'>Last &rsaquo;&rsaquo;<\/a><\/li>\n\n<\/ul>\n\n\n--><br \/>\n<\/body><\/p>\n","protected":false},"excerpt":{"rendered":"<p>diariodominicano.com El Cairo, 26 ago (Prensa Latina) Egipto esteriliza hoy sus mezquitas en preparaci\u00f3n para las oraciones colectivas, que ser\u00e1n reanudadas el viernes en los principales templos isl\u00e1micos bajo medidas para prevenir la propagaci\u00f3n del Sars-Cov-2, rese\u00f1aron informativos locales. El serm\u00f3n dentro de las casas de culto solo podr\u00e1 durar 10 minutos, adicionalmente los musulmanes [&hellip;]<\/p>\n","protected":false},"author":3,"featured_media":0,"comment_status":"open","ping_status":"open","sticky":false,"template":"","format":"standard","meta":{"footnotes":""},"categories":[21],"tags":[],"class_list":["post-50251","post","type-post","status-publish","format-standard","hentry","category-cultura"],"_links":{"self":[{"href":"https:\/\/diariodominicano.com\/index.php?rest_route=\/wp\/v2\/posts\/50251","targetHints":{"allow":["GET"]}}],"collection":[{"href":"https:\/\/diariodominicano.com\/index.php?rest_route=\/wp\/v2\/posts"}],"about":[{"href":"https:\/\/diariodominicano.com\/index.php?rest_route=\/wp\/v2\/types\/post"}],"author":[{"embeddable":true,"href":"https:\/\/diariodominicano.com\/index.php?rest_route=\/wp\/v2\/users\/3"}],"replies":[{"embeddable":true,"href":"https:\/\/diariodominicano.com\/index.php?rest_route=%2Fwp%2Fv2%2Fcomments&post=50251"}],"version-history":[{"count":0,"href":"https:\/\/diariodominicano.com\/index.php?rest_route=\/wp\/v2\/posts\/50251\/revisions"}],"wp:attachment":[{"href":"https:\/\/diariodominicano.com\/index.php?rest_route=%2Fwp%2Fv2%2Fmedia&parent=50251"}],"wp:term":[{"taxonomy":"category","embeddable":true,"href":"https:\/\/diariodominicano.com\/index.php?rest_route=%2Fwp%2Fv2%2Fcategories&post=50251"},{"taxonomy":"post_tag","embeddable":true,"href":"https:\/\/diariodominicano.com\/index.php?rest_route=%2Fwp%2Fv2%2Ftags&post=50251"}],"curies":[{"name":"wp","href":"https:\/\/api.w.org\/{rel}","templated":true}]}}