{"id":502450,"date":"2024-01-21T21:36:35","date_gmt":"2024-01-22T01:36:35","guid":{"rendered":"https:\/\/diariodominicano.com\/?p=502450"},"modified":"2024-01-21T21:36:35","modified_gmt":"2024-01-22T01:36:35","slug":"fjt-califica-ley-de-la-dni-ley-dictadura-de-abinader-como-el-mayor-desacierto-legislativo-de-la-historia-dominicana","status":"publish","type":"post","link":"https:\/\/diariodominicano.com\/?p=502450","title":{"rendered":"FJT califica Ley de la DNI \u201cLey Dictadura\u201d de Abinader como el mayor desacierto legislativo de la historia dominicana"},"content":{"rendered":"\n<p>C\u00e1ndido de Jes\u00fas<\/p>\n\n\n\n<p><strong>Advierte \u201cLey Dictadura\u201d podr\u00eda ser usada, para un f\u00e9rreo control pol\u00edtico, digital, social y medi\u00e1tico de los contrarios al r\u00e9gimen de turno<\/strong><\/p>\n\n\n\n<p>La <strong>FJT<\/strong>\u2002<strong>solicita al presidente Abinader derogue la nueva \u201cLey Dictadura\u201d y no permitir que en sus manos muera la democracia en <\/strong>Rep\u00fablica Dominicana.<\/p>\n\n\n\n<p><strong>Santo Domingo, RD.- La Fundaci\u00f3n Justicia y Transparencia (FJT),\u00a0<\/strong>calific\u00f3 la reci\u00e9n aprobada\u00a0Ley de la DNI, <strong>\u201cLey Dictadura\u201d\u00a0<\/strong>del presidente Luis Abinader, como el mayor desacierto legislativo en la historia de la Rep\u00fablica Dominicana<strong>,\u00a0<\/strong>una verdadera aberraci\u00f3n y atentado a la libertad de expresi\u00f3n, de prensa y violadora fundamentalmente de la intimidad de las personas, del honor, al buen nombre y la propia imagen, todo ello en desconocimiento a la constituci\u00f3n y tratados internacionales, en materia de Derechos Humanos.<\/p>\n\n\n\n<p><strong>En un comunicado de prensa advierte  \u201cLey Dictadura\u201d podr\u00eda ser usada, para un f\u00e9rreo control pol\u00edtico, digital, social y medi\u00e1tico de los contrarios al r\u00e9gimen de turno.<\/strong><\/p>\n\n\n\n<figure class=\"wp-block-image size-full\"><img loading=\"lazy\" decoding=\"async\" width=\"988\" height=\"620\" src=\"https:\/\/diariodominicano.com\/wp-content\/uploads\/2024\/01\/Presidente-Luis-Abinader-encabeza-ceremonia-.jpg\" alt=\"\" class=\"wp-image-502452\" srcset=\"https:\/\/diariodominicano.com\/wp-content\/uploads\/2024\/01\/Presidente-Luis-Abinader-encabeza-ceremonia-.jpg 988w, https:\/\/diariodominicano.com\/wp-content\/uploads\/2024\/01\/Presidente-Luis-Abinader-encabeza-ceremonia--300x188.jpg 300w, https:\/\/diariodominicano.com\/wp-content\/uploads\/2024\/01\/Presidente-Luis-Abinader-encabeza-ceremonia--768x482.jpg 768w, https:\/\/diariodominicano.com\/wp-content\/uploads\/2024\/01\/Presidente-Luis-Abinader-encabeza-ceremonia--816x512.jpg 816w\" sizes=\"auto, (max-width: 988px) 100vw, 988px\" \/><\/figure>\n\n\n\n<p>(El presidente Abinader encabeza una ceremonia oficial. Imagen suministrada por la FJT) <\/p>\n\n\n\n<p>Para C\u00e1ndido de Jes\u00fas, Director Ejecutivo de la FJT, la referida ley n\u00famero 1-24, que busca en principio, establecer un sistema nacional de inteligencia, constituir\u00eda un verdadero desprop\u00f3sito, con la posibilidad de ser usada, para un f\u00e9rreo control pol\u00edtico, digital, social y medi\u00e1tico de los contrarios al r\u00e9gimen de turno, todo ello inaceptable en una democracia, como aspiramos tener y preservar en el pa\u00eds.<\/p>\n\n\n\n<p>De acuerdo con la entidad c\u00edvica, esta ley servir\u00eda para blindar a los pol\u00edticos, gobiernos y funcionarios p\u00fablicos, de los cuestionamientos que en democracia le corresponden a los ciudadanos y a la prensa formular, una ley que indefectiblemente pondr\u00eda en peligro el rol de los medios de comunicaci\u00f3n y de quienes en un ejercicio c\u00edvico y democr\u00e1tico generan opini\u00f3n p\u00fablica cr\u00edtica.<\/p>\n\n\n\n<p>Asimismo, C\u00e1ndido de Jes\u00fas, asegur\u00f3 que se trata de una ley, que vendr\u00eda a remembrar \u00e9pocas pasadas y ya superadas, propias de reg\u00edmenes dictatoriales, con muchas ambig\u00fcedades e incongruencias<strong>,&nbsp;<\/strong>discrecionalidad de una amplia capacidad reglamentaria, descontextualizaci\u00f3n y limitaci\u00f3n de derechos fundamentales, adem\u00e1s de desconocer las directrices y reglas del derecho p\u00fablico y la constituci\u00f3n, violando tambi\u00e9n la ley de funci\u00f3n p\u00fablica, la ley de acceso a la informaci\u00f3n p\u00fablica, la ley de compras, la general de salario, de arma de fuego, en fin una verdadera perturbaci\u00f3n a la institucionalidad democr\u00e1tica.<\/p>\n\n\n\n<p><strong>FJT pide al presidente Abinader, derogar la \u201cLey Dictadura\u201d y no permitir que en sus manos muera la democracia en el pa\u00eds.<\/strong><\/p>\n\n\n\n<p>La  FJT le pide al presidente Luis Abinader, no permitir que en sus manos muera la democracia en el pa\u00eds, mandando a derogar por completo la\u00a0<strong>\u201cLey Dictadura\u201d<\/strong>, para que eliminen ya, este ruido y perturbaci\u00f3n innecesaria, de lo contrario como fundaci\u00f3n, tendremos que acudir a todas las instancias posibles, en principio el Tribunal Constitucional; y de ser necesarios a los organismos internacionales pertinentes, con el objetivo de combatir y desterrar, este atentado a la democracia.<\/p>\n\n\n\n<p>Fundacion Justicia y Transparencia<\/p>\n\n\n\n<p><a target=\"_blank\" href=\"mailto:justiciaytransparencia1@gmail.com\" rel=\"noreferrer noopener\">justiciaytransparencia1@gmail.com<\/a><\/p>\n\n\n\n<p><strong>Direcci\u00f3n de Comunicaciones<\/strong><\/p>\n","protected":false},"excerpt":{"rendered":"<p>C\u00e1ndido de Jes\u00fas Advierte \u201cLey Dictadura\u201d podr\u00eda ser usada, para un f\u00e9rreo control pol\u00edtico, digital, social y medi\u00e1tico de los contrarios al r\u00e9gimen de turno La FJT\u2002solicita al presidente Abinader derogue la nueva \u201cLey Dictadura\u201d y no permitir que en sus manos muera la democracia en Rep\u00fablica Dominicana. Santo Domingo, RD.- La Fundaci\u00f3n Justicia y [&hellip;]<\/p>\n","protected":false},"author":28,"featured_media":502451,"comment_status":"closed","ping_status":"","sticky":true,"template":"","format":"standard","meta":{"footnotes":""},"categories":[20,22,27],"tags":[],"class_list":["post-502450","post","type-post","status-publish","format-standard","has-post-thumbnail","hentry","category-dominicana-hoy","category-politica","category-portada"],"_links":{"self":[{"href":"https:\/\/diariodominicano.com\/index.php?rest_route=\/wp\/v2\/posts\/502450","targetHints":{"allow":["GET"]}}],"collection":[{"href":"https:\/\/diariodominicano.com\/index.php?rest_route=\/wp\/v2\/posts"}],"about":[{"href":"https:\/\/diariodominicano.com\/index.php?rest_route=\/wp\/v2\/types\/post"}],"author":[{"embeddable":true,"href":"https:\/\/diariodominicano.com\/index.php?rest_route=\/wp\/v2\/users\/28"}],"replies":[{"embeddable":true,"href":"https:\/\/diariodominicano.com\/index.php?rest_route=%2Fwp%2Fv2%2Fcomments&post=502450"}],"version-history":[{"count":1,"href":"https:\/\/diariodominicano.com\/index.php?rest_route=\/wp\/v2\/posts\/502450\/revisions"}],"predecessor-version":[{"id":502453,"href":"https:\/\/diariodominicano.com\/index.php?rest_route=\/wp\/v2\/posts\/502450\/revisions\/502453"}],"wp:featuredmedia":[{"embeddable":true,"href":"https:\/\/diariodominicano.com\/index.php?rest_route=\/wp\/v2\/media\/502451"}],"wp:attachment":[{"href":"https:\/\/diariodominicano.com\/index.php?rest_route=%2Fwp%2Fv2%2Fmedia&parent=502450"}],"wp:term":[{"taxonomy":"category","embeddable":true,"href":"https:\/\/diariodominicano.com\/index.php?rest_route=%2Fwp%2Fv2%2Fcategories&post=502450"},{"taxonomy":"post_tag","embeddable":true,"href":"https:\/\/diariodominicano.com\/index.php?rest_route=%2Fwp%2Fv2%2Ftags&post=502450"}],"curies":[{"name":"wp","href":"https:\/\/api.w.org\/{rel}","templated":true}]}}