{"id":502444,"date":"2024-01-21T21:20:15","date_gmt":"2024-01-22T01:20:15","guid":{"rendered":"https:\/\/diariodominicano.com\/?p=502444"},"modified":"2024-01-21T21:20:15","modified_gmt":"2024-01-22T01:20:15","slug":"miguel-vargas-oposicion-dara-a-oficialismo-duro-golpe-en-febrero-y-fulminante-nocaut-en-mayo","status":"publish","type":"post","link":"https:\/\/diariodominicano.com\/?p=502444","title":{"rendered":"Miguel Vargas: \u201cOposici\u00f3n dar\u00e1 a oficialismo duro golpe en febrero y fulminante nocaut en mayo\u201d"},"content":{"rendered":"\n<p><em><u>Llama a votar por la casilla n\u00famero cuatro de la boleta electoral, en apoyo a las candidaturas municipales del PRD.<\/u><\/em><\/p>\n\n\n\n<figure class=\"wp-block-image size-large\"><img loading=\"lazy\" decoding=\"async\" width=\"1024\" height=\"682\" src=\"https:\/\/diariodominicano.com\/wp-content\/uploads\/2024\/01\/LA-VEGA-ENERO-2024-2-1024x682.jpg\" alt=\"\" class=\"wp-image-502446\" srcset=\"https:\/\/diariodominicano.com\/wp-content\/uploads\/2024\/01\/LA-VEGA-ENERO-2024-2-1024x682.jpg 1024w, https:\/\/diariodominicano.com\/wp-content\/uploads\/2024\/01\/LA-VEGA-ENERO-2024-2-300x200.jpg 300w, https:\/\/diariodominicano.com\/wp-content\/uploads\/2024\/01\/LA-VEGA-ENERO-2024-2-768x512.jpg 768w, https:\/\/diariodominicano.com\/wp-content\/uploads\/2024\/01\/LA-VEGA-ENERO-2024-2-1536x1023.jpg 1536w, https:\/\/diariodominicano.com\/wp-content\/uploads\/2024\/01\/LA-VEGA-ENERO-2024-2-816x544.jpg 816w, https:\/\/diariodominicano.com\/wp-content\/uploads\/2024\/01\/LA-VEGA-ENERO-2024-2.jpg 1600w\" sizes=\"auto, (max-width: 1024px) 100vw, 1024px\" \/><\/figure>\n\n\n\n<p>La Vega, RD. \u2013 El presidente del Partido Revolucionario Dominicano (PRD), ingeniero Miguel Vargas Maldonado, reafirm\u00f3 que la Alianza Opositora Rescate RD dar\u00e1 al oficialismo \u201cun duro golpe\u201d el pr\u00f3ximo 18 de febrero, en las elecciones municipales, y \u201cun fulminante nocaut\u201d en los comicios congresuales y presidenciales del 19 de mayo.<\/p>\n\n\n\n<p>As\u00ed lo expres\u00f3 este domingo, al encabezar un concurrido evento en apoyo al candidato a alcalde del municipio cabecera de esta provincia por esa organizaci\u00f3n, Fidel N\u00fa\u00f1ez. La actividad form\u00f3 parte del recorrido que lider\u00f3 el candidato presidencial del PRD por Puerto Plata, La Vega y Monse\u00f1or Nouel este fin de semana.<\/p>\n\n\n\n<figure class=\"wp-block-image size-large\"><img loading=\"lazy\" decoding=\"async\" width=\"1024\" height=\"682\" src=\"https:\/\/diariodominicano.com\/wp-content\/uploads\/2024\/01\/LA-VEGA-ENERO-2024-3-1024x682.jpg\" alt=\"\" class=\"wp-image-502447\" srcset=\"https:\/\/diariodominicano.com\/wp-content\/uploads\/2024\/01\/LA-VEGA-ENERO-2024-3-1024x682.jpg 1024w, https:\/\/diariodominicano.com\/wp-content\/uploads\/2024\/01\/LA-VEGA-ENERO-2024-3-300x200.jpg 300w, https:\/\/diariodominicano.com\/wp-content\/uploads\/2024\/01\/LA-VEGA-ENERO-2024-3-768x512.jpg 768w, https:\/\/diariodominicano.com\/wp-content\/uploads\/2024\/01\/LA-VEGA-ENERO-2024-3-1536x1023.jpg 1536w, https:\/\/diariodominicano.com\/wp-content\/uploads\/2024\/01\/LA-VEGA-ENERO-2024-3-816x544.jpg 816w, https:\/\/diariodominicano.com\/wp-content\/uploads\/2024\/01\/LA-VEGA-ENERO-2024-3.jpg 1600w\" sizes=\"auto, (max-width: 1024px) 100vw, 1024px\" \/><\/figure>\n\n\n\n<p>En cada escenario al que asisti\u00f3, Vargas resalt\u00f3 \u201cel doble y trascendente significado del 21 de enero para la familia perrede\u00edsta\u201d. En ese orden, destac\u00f3 que en esta fecha los dominicanos, incluido el partido que dirige, celebran la Epifan\u00eda dedicada a la Virgen de la Altagracia. Tambi\u00e9n resalt\u00f3 que, en este d\u00eda, el PRD conmemora el aniversario n\u00famero 85 de su fundaci\u00f3n en La Habana, Cuba. \u201cPor tal motivo, es propicia la ocasi\u00f3n para felicitar a toda nuestra militancia y familia revolucionaria dominicana\u201d, agreg\u00f3.<\/p>\n\n\n\n<figure class=\"wp-block-image size-large\"><img loading=\"lazy\" decoding=\"async\" width=\"1024\" height=\"682\" src=\"https:\/\/diariodominicano.com\/wp-content\/uploads\/2024\/01\/LA-VEGA-ENERO-2024-4-1024x682.jpg\" alt=\"\" class=\"wp-image-502448\" srcset=\"https:\/\/diariodominicano.com\/wp-content\/uploads\/2024\/01\/LA-VEGA-ENERO-2024-4-1024x682.jpg 1024w, https:\/\/diariodominicano.com\/wp-content\/uploads\/2024\/01\/LA-VEGA-ENERO-2024-4-300x200.jpg 300w, https:\/\/diariodominicano.com\/wp-content\/uploads\/2024\/01\/LA-VEGA-ENERO-2024-4-768x512.jpg 768w, https:\/\/diariodominicano.com\/wp-content\/uploads\/2024\/01\/LA-VEGA-ENERO-2024-4-1536x1023.jpg 1536w, https:\/\/diariodominicano.com\/wp-content\/uploads\/2024\/01\/LA-VEGA-ENERO-2024-4-816x544.jpg 816w, https:\/\/diariodominicano.com\/wp-content\/uploads\/2024\/01\/LA-VEGA-ENERO-2024-4.jpg 1600w\" sizes=\"auto, (max-width: 1024px) 100vw, 1024px\" \/><\/figure>\n\n\n\n<p>Precis\u00f3 que, como ha sido tradici\u00f3n en el PRD guardar respeto a la tradici\u00f3n religiosa dedicada a la \u201cmadre espiritual del pueblo dominicano\u201d, pospondr\u00e1n la celebraci\u00f3n de la fundaci\u00f3n del partido. Efectuar\u00e1n dicha conmemoraci\u00f3n con la del d\u00eda 5 de julio, \u201ccuando recordamos la llegada del PRD al pa\u00eds\u201d. \u201cEse d\u00eda inici\u00f3 la lucha por la democracia y las libertades en Rep\u00fablica Dominicana, valores que son a\u00fan la raz\u00f3n de ser de nuestra organizaci\u00f3n\u201d, precis\u00f3.<strong><\/strong><\/p>\n\n\n\n<p><strong>Detalles de la actividad en La Vega<\/strong><\/p>\n\n\n\n<p>Tras recibir un efusivo respaldo de la militancia perrede\u00edsta en esta provincia, Miguel Vargas remarc\u00f3 su respaldo a la boleta municipal del PRD en este territorio, encabezada por Fidel N\u00fa\u00f1ez, para alcalde, y los 17 candidatos a regidores presentes.<\/p>\n\n\n\n<p>Adem\u00e1s de la direcci\u00f3n local, en el evento celebrado en el municipio cabecera de La Vega participaron los candidatos a diputados (as): Amparo Tejada, Rosagna Zorrilla, Guillermo&nbsp;Ram\u00edrez, Enrique Levante y Yoga Surramaniam.<\/p>\n\n\n\n<p>Tambi\u00e9n se destac\u00f3 la presencia de H\u00e9ctor Guzm\u00e1n, coordinador de campa\u00f1a y vocero de Miguel Vargas; Ram\u00f3n Emilio Batista, presidente del PRD para el Cibao, y Enrique Mej\u00eda, presidente provincial del partido.<\/p>\n\n\n\n<p>Comunicaci\u00f3n Integral Rep Dom<\/p>\n\n\n\n<p><a target=\"_blank\" href=\"mailto:comunicacionintegralrepdom@gmail.com\" rel=\"noreferrer noopener\">comunicacionintegralrepdom@<\/a><\/p>\n","protected":false},"excerpt":{"rendered":"<p>Llama a votar por la casilla n\u00famero cuatro de la boleta electoral, en apoyo a las candidaturas municipales del PRD. La Vega, RD. \u2013 El presidente del Partido Revolucionario Dominicano (PRD), ingeniero Miguel Vargas Maldonado, reafirm\u00f3 que la Alianza Opositora Rescate RD dar\u00e1 al oficialismo \u201cun duro golpe\u201d el pr\u00f3ximo 18 de febrero, en las [&hellip;]<\/p>\n","protected":false},"author":28,"featured_media":502445,"comment_status":"closed","ping_status":"","sticky":true,"template":"","format":"standard","meta":{"footnotes":""},"categories":[22,27],"tags":[],"class_list":["post-502444","post","type-post","status-publish","format-standard","has-post-thumbnail","hentry","category-politica","category-portada"],"_links":{"self":[{"href":"https:\/\/diariodominicano.com\/index.php?rest_route=\/wp\/v2\/posts\/502444","targetHints":{"allow":["GET"]}}],"collection":[{"href":"https:\/\/diariodominicano.com\/index.php?rest_route=\/wp\/v2\/posts"}],"about":[{"href":"https:\/\/diariodominicano.com\/index.php?rest_route=\/wp\/v2\/types\/post"}],"author":[{"embeddable":true,"href":"https:\/\/diariodominicano.com\/index.php?rest_route=\/wp\/v2\/users\/28"}],"replies":[{"embeddable":true,"href":"https:\/\/diariodominicano.com\/index.php?rest_route=%2Fwp%2Fv2%2Fcomments&post=502444"}],"version-history":[{"count":1,"href":"https:\/\/diariodominicano.com\/index.php?rest_route=\/wp\/v2\/posts\/502444\/revisions"}],"predecessor-version":[{"id":502449,"href":"https:\/\/diariodominicano.com\/index.php?rest_route=\/wp\/v2\/posts\/502444\/revisions\/502449"}],"wp:featuredmedia":[{"embeddable":true,"href":"https:\/\/diariodominicano.com\/index.php?rest_route=\/wp\/v2\/media\/502445"}],"wp:attachment":[{"href":"https:\/\/diariodominicano.com\/index.php?rest_route=%2Fwp%2Fv2%2Fmedia&parent=502444"}],"wp:term":[{"taxonomy":"category","embeddable":true,"href":"https:\/\/diariodominicano.com\/index.php?rest_route=%2Fwp%2Fv2%2Fcategories&post=502444"},{"taxonomy":"post_tag","embeddable":true,"href":"https:\/\/diariodominicano.com\/index.php?rest_route=%2Fwp%2Fv2%2Ftags&post=502444"}],"curies":[{"name":"wp","href":"https:\/\/api.w.org\/{rel}","templated":true}]}}