{"id":502436,"date":"2024-01-21T20:44:22","date_gmt":"2024-01-22T00:44:22","guid":{"rendered":"https:\/\/diariodominicano.com\/?p=502436"},"modified":"2024-01-21T20:44:22","modified_gmt":"2024-01-22T00:44:22","slug":"denuncian-dirigentes-del-prm-y-el-ayuntamiento-de-boca-chica-derriban-valla-del-candidato-a-alcalde-fp-prd-daniel-ozuna","status":"publish","type":"post","link":"https:\/\/diariodominicano.com\/?p=502436","title":{"rendered":"Denuncian dirigentes del PRM y el Ayuntamiento de Boca Chica derriban valla del candidato a alcalde FP-PRD Daniel Ozuna"},"content":{"rendered":"\n<p><strong>Boca, Chica, RD.-.<\/strong>\u00a0El exalcalde del municipio Boca Chica y aspirante a la alcald\u00eda  por el Partido Revolucionario Dominicano y la Fuerza del Pueblo, Daniel Ozuna, denunci\u00f3\u00a0<strong>el domingo<\/strong>\u00a0que ha recibido amenazas por v\u00eda telef\u00f3nica de parte de dirigentes ligados al PRM, para que retirara una valla publicitaria que fue instalada en una \u00e1rea verde, donde hay \u00a0de  aspirantes oficialistas.<\/p>\n\n\n\n<p>\u00a0\u00a0\u00a0\u00a0\u00a0\u00a0 El dirigente pol\u00edtico, manifest\u00f3 que la valla se encontraba instalada en un \u00e1rea verde, frente al Parque de la Mella al lado de las dem\u00e1s, y ellos estaban protestando \u201cQue si no quitaba la valla,  se la iban a llevar\u201d.<\/p>\n\n\n\n<p>&nbsp;&nbsp; &nbsp;&nbsp;\u201cEl presidente de la Juventud del Partido Revolucionario Moderno, se lo dijo a los dirigentes que trabajan en su campa\u00f1a pol\u00edtica y se lo confirm\u00f3 a el mismo, adem\u00e1s recibi\u00f3 la llamada de otra persona, desde Estados Unidos, quien le dijo que retirara la valla, que ese espacio estaba reservado para el instalar unos afiches ah\u00ed\u201d, adujo Daniel Ozuna.<\/p>\n\n\n\n<p>&nbsp;&nbsp;&nbsp;&nbsp;&nbsp;&nbsp; Ozuna, manifest\u00f3 que la madruga de hoy, los dirigentes pol\u00edticos del PRM, retiraron la valla y se la llevaron, tal y como hab\u00edan amenazado.<\/p>\n\n\n\n<p>El veterano exalcalde y aspirante a la misma posici\u00f3n, al comunicarse con este medio de comunicaci\u00f3n, manifest\u00f3 que la valla &nbsp;fue retirada del lugar, pasadas las 12: AM, ya que el paso por el lugar y la valla se encontraba en el lugar.<\/p>\n\n\n\n<p>&nbsp;&nbsp;&nbsp;&nbsp;&nbsp; El experimentado exalcalde de Boca Chica, pidi\u00f3 a las autoridades competentes, que realicen una exhaustiva investigaci\u00f3n que determine qui\u00e9nes fueron los que retiraron su afiche. &nbsp;<\/p>\n\n\n\n<p>\u00a0\u00a0\u00a0\u00a0 El tres veces alcalde, manifest\u00f3 que los agentes policiales de Boca Chica, tienen un puesto de control en esa zona, y ellos deben saber qui\u00e9nes desinstalaron la valla y a donde se la llevaron; adem\u00e1s hay c\u00e1mara en todos los sentidos.<\/p>\n\n\n\n<p>Nelson Feliz<\/p>\n\n\n\n<p><a target=\"_blank\" href=\"mailto:atentord.com@gmail.com\" rel=\"noreferrer noopener\">atentord.com@gmail.com<\/a><\/p>\n","protected":false},"excerpt":{"rendered":"<p>Boca, Chica, RD.-.\u00a0El exalcalde del municipio Boca Chica y aspirante a la alcald\u00eda por el Partido Revolucionario Dominicano y la Fuerza del Pueblo, Daniel Ozuna, denunci\u00f3\u00a0el domingo\u00a0que ha recibido amenazas por v\u00eda telef\u00f3nica de parte de dirigentes ligados al PRM, para que retirara una valla publicitaria que fue instalada en una \u00e1rea verde, donde hay [&hellip;]<\/p>\n","protected":false},"author":28,"featured_media":502437,"comment_status":"closed","ping_status":"","sticky":true,"template":"","format":"standard","meta":{"footnotes":""},"categories":[22,27],"tags":[],"class_list":["post-502436","post","type-post","status-publish","format-standard","has-post-thumbnail","hentry","category-politica","category-portada"],"_links":{"self":[{"href":"https:\/\/diariodominicano.com\/index.php?rest_route=\/wp\/v2\/posts\/502436","targetHints":{"allow":["GET"]}}],"collection":[{"href":"https:\/\/diariodominicano.com\/index.php?rest_route=\/wp\/v2\/posts"}],"about":[{"href":"https:\/\/diariodominicano.com\/index.php?rest_route=\/wp\/v2\/types\/post"}],"author":[{"embeddable":true,"href":"https:\/\/diariodominicano.com\/index.php?rest_route=\/wp\/v2\/users\/28"}],"replies":[{"embeddable":true,"href":"https:\/\/diariodominicano.com\/index.php?rest_route=%2Fwp%2Fv2%2Fcomments&post=502436"}],"version-history":[{"count":1,"href":"https:\/\/diariodominicano.com\/index.php?rest_route=\/wp\/v2\/posts\/502436\/revisions"}],"predecessor-version":[{"id":502438,"href":"https:\/\/diariodominicano.com\/index.php?rest_route=\/wp\/v2\/posts\/502436\/revisions\/502438"}],"wp:featuredmedia":[{"embeddable":true,"href":"https:\/\/diariodominicano.com\/index.php?rest_route=\/wp\/v2\/media\/502437"}],"wp:attachment":[{"href":"https:\/\/diariodominicano.com\/index.php?rest_route=%2Fwp%2Fv2%2Fmedia&parent=502436"}],"wp:term":[{"taxonomy":"category","embeddable":true,"href":"https:\/\/diariodominicano.com\/index.php?rest_route=%2Fwp%2Fv2%2Fcategories&post=502436"},{"taxonomy":"post_tag","embeddable":true,"href":"https:\/\/diariodominicano.com\/index.php?rest_route=%2Fwp%2Fv2%2Ftags&post=502436"}],"curies":[{"name":"wp","href":"https:\/\/api.w.org\/{rel}","templated":true}]}}